{"id":59337,"date":"2020-09-05T15:56:30","date_gmt":"2020-09-05T13:56:30","guid":{"rendered":"https:\/\/mv-sport.de\/?p=59337"},"modified":"2020-09-05T15:56:30","modified_gmt":"2020-09-05T13:56:30","slug":"guestrower-sommer-stundenlauf-serie-2","status":"publish","type":"post","link":"https:\/\/mv-sport.de\/c\/guestrower-sommer-stundenlauf-serie-2\/","title":{"rendered":"G\u00fcstrower Sommer-Stundenlauf-Serie"},"content":{"rendered":"<p style=\"margin-bottom: 9.75pt\"><span style=\"font-size: 14.0pt;font-family: 'Arial',sans-serif\">Die G\u00fcstrower Sommer-Stundenlauf-Serie findet seit sechsunddrei\u00dfig Jahren traditionell in den Monaten Juni\/Juli\/August statt. <\/span><br \/>\n<span style=\"font-size: 14.0pt;font-family: 'Arial',sans-serif\">Aufgrund der aktuellen Lage hatte sich das Organisationsteam dazu entschlossen, die diesj\u00e4hrige Sommer-Stundenlaufserie auf nach den Sommerferien zu verschieben. Damit startete nun schon der 3.und damit letzte Einzellauf in diesem Jahr im September. <\/span><br \/>\n<span style=\"font-size: 14.0pt;font-family: 'Arial',sans-serif\">Bis vor zwei Jahren liefen die Ausdauersportler in den Heidbergen am Inselsee. Nach organisatorischen Problemen wurde eine neue Laufstrecke auf einer etwa einen Kilometer langen Runde bei Kirch Rosin gefunden, die allerdings recht schwer zu belaufen ist. <\/span><br \/>\n<span style=\"font-size: 14.0pt;font-family: 'Arial',sans-serif\">F\u00fcr die Laufgruppe des Sportclubs Laage war auch in diesem Jahr klar, mit einer schlagkr\u00e4ftigen Truppe an den Start zugehen und die Ergebnislisten mit Laager L\u00e4ufern aufzuf\u00fcllen. Und das gelang bei sehr ordentlichen, \u00e4u\u00dferen Bedingungen sehr gut. Besonders beim 30-Minutenlauf tummelten sich viele Kinder auf der Strecke. \u00c4u\u00dferst leistungsstark pr\u00e4sentierten sich zudem der 9-j\u00e4hrige Lennox Raith (6545 m) und die erst 8-j\u00e4hrige Hannah Beu (5688 m).<br \/>\nIm Stundenlauf \u00fcberzeugte vor allem die 17-j\u00e4hrige Joelina Raith (12432 m), aus der Sicht des SC Laage, der immerhin 27 L\u00e4uferinnen und L\u00e4ufer in die Rennen schickte. Neben dem 40-j\u00e4hrigen Marcel Raith (13690 m) bei den Herren erreichte Joelina das beste Ergebnis aller Frauen ihres Vereins. Allerdings kann die Auszubildende damit kaum in der Endabrechnung punkten, denn die Besonderheit ist die Pokalwertung.<\/span><\/p>\n<figure id=\"attachment_59338\" aria-describedby=\"caption-attachment-59338\" style=\"width: 846px\" class=\"wp-caption aligncenter\"><a href=\"https:\/\/mv-sport.de\/wp-content\/uploads\/2020\/09\/stundenlf-20.jpg\"><img loading=\"lazy\" decoding=\"async\" class=\" wp-image-59338\" src=\"https:\/\/mv-sport.de\/wp-content\/uploads\/2020\/09\/stundenlf-20-1024x484.jpg\" alt=\"\" width=\"846\" height=\"400\" \/><\/a><figcaption id=\"caption-attachment-59338\" class=\"wp-caption-text\"><br \/>Das Foto zeigt Laager Nachwuchs beim Anfeuern der Stundenl\u00e4ufer. Foto: Christine Boldt<\/figcaption><\/figure>\n<p style=\"margin-bottom: 9.75pt\">\n<span style=\"font-size: 14.0pt;font-family: 'Arial',sans-serif\">Nicht diejenigen mit der besten Laufleistung erhalten die Wanderpokale bei Frauen, M\u00e4nnern und Kindern, sondern in die Wertung gehen nach einer speziellen Formel auch Alter und Gewicht der Teilnehmer ein. In diesem Jahr wurde die Laufserie zudem heftig vom Wetter gepr\u00e4gt. W\u00e4hrend die beiden ersten L\u00e4ufe bei sengender Hitze absolviert wurden, startete der dritte und damit letzte Einzellauf bei Nieselregen und k\u00fchlen 12 Grad Au\u00dfentemperatur.<\/p>\n<p>SC Laage<\/span><\/p>\n","protected":false},"excerpt":{"rendered":"<p>Die G\u00fcstrower Sommer-Stundenlauf-Serie findet seit sechsunddrei\u00dfig Jahren traditionell in den Monaten Juni\/Juli\/August statt. Aufgrund der aktuellen Lage hatte sich das Organisationsteam dazu entschlossen, die diesj\u00e4hrige Sommer-Stundenlaufserie auf nach den Sommerferien zu verschieben. Damit startete nun schon der 3.und damit letzte Einzellauf in diesem Jahr im September. Bis vor zwei Jahren liefen die Ausdauersportler in den [&hellip;]<\/p>\n","protected":false},"author":7,"featured_media":59338,"comment_status":"open","ping_status":"open","sticky":false,"template":"","format":"standard","meta":{"_seopress_robots_primary_cat":"none","_seopress_titles_title":"","_seopress_titles_desc":"","_seopress_robots_index":"","_relevanssi_hide_post":"","_relevanssi_hide_content":"","_relevanssi_pin_for_all":"","_relevanssi_pin_keywords":"","_relevanssi_unpin_keywords":"","_relevanssi_related_keywords":"","_relevanssi_related_include_ids":"","_relevanssi_related_exclude_ids":"","_relevanssi_related_no_append":"","_relevanssi_related_not_related":"","_relevanssi_related_posts":"","_relevanssi_noindex_reason":"","_uag_custom_page_level_css":"","footnotes":""},"categories":[47],"tags":[],"ort":[],"class_list":{"0":"post-59337","1":"post","2":"type-post","3":"status-publish","4":"format-standard","5":"has-post-thumbnail","7":"category-laufsport"},"featured_image_urls":{"medium":"https:\/\/mv-sport.de\/c\/wp-content\/uploads\/2020\/09\/stundenlf-20-600x600.jpg","medium_large":"https:\/\/mv-sport.de\/c\/wp-content\/uploads\/2020\/09\/stundenlf-20.jpg","large":"https:\/\/mv-sport.de\/c\/wp-content\/uploads\/2020\/09\/stundenlf-20-1400x662.jpg","full":"https:\/\/mv-sport.de\/c\/wp-content\/uploads\/2020\/09\/stundenlf-20.jpg","alt":"","caption":"Das Foto zeigt Laager Nachwuchs beim Anfeuern der Stundenl\u00e4ufer. Foto: Christine Boldt"},"spectra_custom_meta":{"uab_option":["yes"],"uab_meta_position":["default"],"_extra_rating_average":["0"],"_seopress_analysis_data":["a:17:{s:5:\"title\";s:110:\"G\u00fcstrower Sommer-Stundenlauf-Serie | MV-Sport.de - Sportvereine &amp; Sportnachrichten Mecklenburg-Vorpommern\";s:9:\"meta_desc\";s:401:\"Die G\u00fcstrower Sommer-Stundenlauf-Serie findet seit sechsunddrei\u00dfig Jahren traditionell in den Monaten Juni\/Juli\/August statt. Aufgrund der aktuellen Lage hatte sich das Organisationsteam dazu entschlossen, die diesj\u00e4hrige Sommer-Stundenlaufserie auf nach den Sommerferien zu verschieben. Damit startete nun schon der 3.und damit letzte Einzellauf in diesem Jahr im September. Bis vor zwei Jahren\u2026\";s:8:\"og_title\";a:2:{s:5:\"count\";i:1;s:6:\"values\";a:1:{i:0;s:110:\"G\u00fcstrower Sommer-Stundenlauf-Serie | MV-Sport.de - Sportvereine &amp; Sportnachrichten Mecklenburg-Vorpommern\";}}s:7:\"og_desc\";a:2:{s:5:\"count\";i:1;s:6:\"values\";a:1:{i:0;s:401:\"Die G\u00fcstrower Sommer-Stundenlauf-Serie findet seit sechsunddrei\u00dfig Jahren traditionell in den Monaten Juni\/Juli\/August statt. Aufgrund der aktuellen Lage hatte sich das Organisationsteam dazu entschlossen, die diesj\u00e4hrige Sommer-Stundenlaufserie auf nach den Sommerferien zu verschieben. Damit startete nun schon der 3.und damit letzte Einzellauf in diesem Jahr im September. Bis vor zwei Jahren\u2026\";}}s:6:\"og_img\";a:2:{s:5:\"count\";i:1;s:6:\"values\";a:1:{i:0;s:63:\"https:\/\/mv-sport.de\/wp-content\/uploads\/2020\/09\/stundenlf-20.jpg\";}}s:6:\"og_url\";a:3:{s:5:\"count\";i:1;s:6:\"values\";a:1:{i:0;s:57:\"https:\/\/mv-sport.de\/guestrower-sommer-stundenlauf-serie-2\";}s:4:\"host\";s:11:\"mv-sport.de\";}s:12:\"og_site_name\";a:2:{s:5:\"count\";i:1;s:6:\"values\";a:1:{i:0;s:72:\"MV-Sport.de - Sportvereine &amp; Sportnachrichten Mecklenburg-Vorpommern\";}}s:8:\"tw_title\";a:2:{s:5:\"count\";i:1;s:6:\"values\";a:1:{i:0;s:110:\"G\u00fcstrower Sommer-Stundenlauf-Serie | MV-Sport.de - Sportvereine &amp; Sportnachrichten Mecklenburg-Vorpommern\";}}s:7:\"tw_desc\";a:2:{s:5:\"count\";i:1;s:6:\"values\";a:1:{i:0;s:401:\"Die G\u00fcstrower Sommer-Stundenlauf-Serie findet seit sechsunddrei\u00dfig Jahren traditionell in den Monaten Juni\/Juli\/August statt. Aufgrund der aktuellen Lage hatte sich das Organisationsteam dazu entschlossen, die diesj\u00e4hrige Sommer-Stundenlaufserie auf nach den Sommerferien zu verschieben. Damit startete nun schon der 3.und damit letzte Einzellauf in diesem Jahr im September. Bis vor zwei Jahren\u2026\";}}s:6:\"tw_img\";a:2:{s:5:\"count\";i:1;s:6:\"values\";a:1:{i:0;s:72:\"https:\/\/mv-sport.de\/wp-content\/uploads\/2020\/09\/stundenlf-20-1024x484.jpg\";}}s:9:\"canonical\";s:58:\"https:\/\/mv-sport.de\/guestrower-sommer-stundenlauf-serie-2\/\";s:3:\"img\";a:1:{s:6:\"images\";a:6:{i:0;s:72:\"https:\/\/mv-sport.de\/wp-content\/uploads\/2020\/09\/stundenlf-20-1024x484.jpg\";i:1;s:59:\"https:\/\/mv-sport.de\/wp-content\/uploads\/2017\/06\/sc_laage.png\";i:2;s:89:\"https:\/\/mv-sport.de\/wp-content\/sabai\/File\/thumbnails\/1a7e70089f61eae2033f2e9f3aaa7a9e.jpg\";i:3;s:89:\"https:\/\/mv-sport.de\/wp-content\/sabai\/File\/thumbnails\/f030157f887635bfd685823f090558a0.jpg\";i:4;s:77:\"https:\/\/mv-sport.de\/wp-content\/plugins\/sabai\/assets\/images\/no_image_small.png\";i:5;s:61:\"https:\/\/mv-sport.de\/wp-content\/uploads\/2017\/05\/140x70px-3.gif\";}}s:11:\"meta_robots\";a:1:{i:0;a:1:{i:0;s:13:\"index, follow\";}}s:14:\"outbound_links\";a:9:{i:0;a:1:{s:29:\"http:\/\/www.sportclub-laage.de\";s:29:\"http:\/\/www.sportclub-laage.de\";}i:1;a:1:{s:34:\"https:\/\/www.facebook.com\/MVSportde\";s:0:\"\";}i:2;a:1:{s:37:\"https:\/\/www.instagram.com\/mv_sport.de\";s:0:\"\";}i:4;a:1:{s:28:\"http:\/\/www.elegantthemes.com\";s:14:\"Elegant Themes\";}i:5;a:1:{s:24:\"http:\/\/www.wordpress.org\";s:9:\"WordPress\";}i:6;a:1:{s:20:\"http:\/\/www.web-mv.de\";s:9:\"web-mv.de\";}i:7;a:1:{s:33:\"http:\/\/www.webdesign-schwerin.net\";s:0:\"\";}i:10;a:1:{s:34:\"https:\/\/www.facebook.com\/MVSportde\";s:13:\"\n    Like us!\";}i:11;a:1:{s:37:\"https:\/\/www.instagram.com\/mv_sport.de\";s:15:\"\n    Follow us!\";}}s:13:\"words_counter\";i:286;s:20:\"words_counter_unique\";i:196;s:4:\"json\";a:2:{i:0;s:12:\"Organization\";i:1;s:14:\"BreadcrumbList\";}}"],"_edit_lock":["1599317228:7"],"_edit_last":["7"],"_thumbnail_id":["59338"],"xyz_fbap_future_to_publish":["a:3:{s:18:\"post_fb_permission\";i:1;s:18:\"xyz_fbap_po_method\";s:1:\"2\";s:16:\"xyz_fbap_message\";s:17:\"{POST_EXCERPT}...\";}"],"xyz_fbap":["1"],"xyz_fbap_insert_og":["1"],"post_views_count":["399"],"_seopress_titles_title":[""],"_seopress_titles_desc":[""],"_seopress_robots_canonical":[""],"_seopress_robots_primary_cat":["none"],"_seopress_robots_breadcrumbs":[""],"_seopress_social_fb_title":[""],"_seopress_social_fb_desc":[""],"_seopress_social_fb_img":[""],"_seopress_social_twitter_title":[""],"_seopress_social_twitter_desc":[""],"_seopress_social_twitter_img":[""],"_seopress_redirections_type":["301"],"_seopress_redirections_value":[""],"_post_review_box_title":["Rezension"],"_post_review_box_summary":[""],"_post_review_box_summary_title":["Zusammenfassung"],"_post_review_box_breakdowns_score":["0"],"_post_review_box_breakdowns_count":["1"],"_post_review_box_breakdowns":["a:1:{i:0;a:2:{s:5:\"title\";s:0:\"\";s:6:\"rating\";i:0;}}"],"_extra_sidebar_location":[""],"_extra_sidebar":[""],"wp_schema_pro_optimized_structured_data":["<!-- Schema optimized by Schema Pro --><script type=\"application\/ld+json\">{\"@context\":\"https:\/\/schema.org\",\"@type\":\"NewsArticle\",\"mainEntityOfPage\":{\"@type\":\"WebPage\",\"@id\":\"https:\/\/mv-sport.de\/guestrower-sommer-stundenlauf-serie-2\/\"},\"headline\":\"G\u00fcstrower Sommer-Stundenlauf-Serie\",\"image\":{\"@type\":\"ImageObject\",\"url\":\"https:\/\/mv-sport.de\/wp-content\/uploads\/2020\/09\/stundenlf-20.jpg\",\"width\":1600,\"height\":757},\"datePublished\":\"2020-09-05T15:56:30\",\"dateModified\":\"2020-09-05T15:56:30\",\"author\":{\"@type\":\"Person\",\"name\":\"Sportclub Laage e.V.\",\"url\":\"https:\/\/mv-sport.de\/author\/sportclub-laage-e-v\"},\"publisher\":{\"@type\":\"Organization\",\"name\":\"MV-Sport.de - Sportvereine &amp; Sportnachrichten Mecklenburg-Vorpommern\",\"logo\":{\"@type\":\"ImageObject\",\"url\":\"https:\/\/mv-sport.de\/wp-content\/uploads\/2017\/05\/logo-mv-sport-292x60.png\"}}}<\/script><!-- \/ Schema optimized by Schema Pro -->"],"__post_views_count":["617"],"astra_style_timestamp_css":["1757556039"],"_uag_css_file_name":["uag-css-59337.css"],"_uag_page_assets":["a:9:{s:3:\"css\";s:7010:\".uagb-block-88f5875d.wp-block-uagb-image--layout-default figure img{box-shadow: 0px 0px 0 #00000070;}.uagb-block-88f5875d.wp-block-uagb-image .wp-block-uagb-image__figure figcaption{font-style: normal;align-self: center;}.uagb-block-88f5875d.wp-block-uagb-image--layout-overlay figure img{box-shadow: 0px 0px 0 #00000070;}.uagb-block-88f5875d.wp-block-uagb-image--layout-overlay .wp-block-uagb-image--layout-overlay__color-wrapper{opacity: 0.2;}.uagb-block-88f5875d.wp-block-uagb-image--layout-overlay .wp-block-uagb-image--layout-overlay__inner{left: 15px;right: 15px;top: 15px;bottom: 15px;}.uagb-block-88f5875d.wp-block-uagb-image--layout-overlay .wp-block-uagb-image--layout-overlay__inner .uagb-image-heading{font-style: normal;color: #fff;opacity: 1;}.uagb-block-88f5875d.wp-block-uagb-image--layout-overlay .wp-block-uagb-image--layout-overlay__inner .uagb-image-heading a{color: #fff;}.uagb-block-88f5875d.wp-block-uagb-image--layout-overlay .wp-block-uagb-image--layout-overlay__inner .uagb-image-caption{opacity: 0;}.uagb-block-88f5875d.wp-block-uagb-image--layout-overlay .wp-block-uagb-image__figure:hover .wp-block-uagb-image--layout-overlay__color-wrapper{opacity: 1;}.uagb-block-88f5875d.wp-block-uagb-image .wp-block-uagb-image--layout-overlay__inner .uagb-image-separator{width: 30%;border-top-width: 2px;border-top-color: #fff;opacity: 0;}.uagb-block-88f5875d.wp-block-uagb-image .wp-block-uagb-image__figure img{width: 297px;height: auto;}.uagb-block-88f5875d.wp-block-uagb-image .wp-block-uagb-image__figure:hover .wp-block-uagb-image--layout-overlay__inner .uagb-image-caption{opacity: 1;}.uagb-block-88f5875d.wp-block-uagb-image .wp-block-uagb-image__figure:hover .wp-block-uagb-image--layout-overlay__inner .uagb-image-separator{opacity: 1;}.uagb-block-88f5875d.wp-block-uagb-image--layout-default figure:hover img{box-shadow: 0px 0px 0 #00000070;}.uagb-block-88f5875d.wp-block-uagb-image--layout-overlay figure:hover img{box-shadow: 0px 0px 0 #00000070;}@media only screen and (max-width: 976px) {.uagb-block-88f5875d.wp-block-uagb-image .wp-block-uagb-image__figure img{width: 297px;height: auto;}}@media only screen and (max-width: 767px) {.uagb-block-88f5875d.wp-block-uagb-image .wp-block-uagb-image__figure img{width: 297px;height: auto;}}.uagb-block-b6c54374.wp-block-uagb-image{margin-top: 0px;margin-right: 0px;margin-bottom: 0px;margin-left: 0px;}.uagb-block-b6c54374.wp-block-uagb-image--layout-default figure img{box-shadow: 0px 0px 0 #00000070;}.uagb-block-b6c54374.wp-block-uagb-image .wp-block-uagb-image__figure figcaption{font-style: normal;align-self: center;}.uagb-block-b6c54374.wp-block-uagb-image--layout-overlay figure img{box-shadow: 0px 0px 0 #00000070;}.uagb-block-b6c54374.wp-block-uagb-image--layout-overlay .wp-block-uagb-image--layout-overlay__color-wrapper{opacity: 0.2;}.uagb-block-b6c54374.wp-block-uagb-image--layout-overlay .wp-block-uagb-image--layout-overlay__inner{left: 15px;right: 15px;top: 15px;bottom: 15px;}.uagb-block-b6c54374.wp-block-uagb-image--layout-overlay .wp-block-uagb-image--layout-overlay__inner .uagb-image-heading{font-style: normal;color: #fff;opacity: 1;}.uagb-block-b6c54374.wp-block-uagb-image--layout-overlay .wp-block-uagb-image--layout-overlay__inner .uagb-image-heading a{color: #fff;}.uagb-block-b6c54374.wp-block-uagb-image--layout-overlay .wp-block-uagb-image--layout-overlay__inner .uagb-image-caption{opacity: 0;}.uagb-block-b6c54374.wp-block-uagb-image--layout-overlay .wp-block-uagb-image__figure:hover .wp-block-uagb-image--layout-overlay__color-wrapper{opacity: 1;}.uagb-block-b6c54374.wp-block-uagb-image .wp-block-uagb-image--layout-overlay__inner .uagb-image-separator{width: 30%;border-top-width: 2px;border-top-color: #fff;opacity: 0;}.uagb-block-b6c54374.wp-block-uagb-image .wp-block-uagb-image__figure img{width: px;height: auto;}.uagb-block-b6c54374.wp-block-uagb-image .wp-block-uagb-image__figure:hover .wp-block-uagb-image--layout-overlay__inner .uagb-image-caption{opacity: 1;}.uagb-block-b6c54374.wp-block-uagb-image .wp-block-uagb-image__figure:hover .wp-block-uagb-image--layout-overlay__inner .uagb-image-separator{opacity: 1;}.uagb-block-b6c54374.wp-block-uagb-image--layout-default figure:hover img{box-shadow: 0px 0px 0 #00000070;}.uagb-block-b6c54374.wp-block-uagb-image--layout-overlay figure:hover img{box-shadow: 0px 0px 0 #00000070;}@media only screen and (max-width: 976px) {.uagb-block-b6c54374.wp-block-uagb-image .wp-block-uagb-image__figure img{width: px;height: auto;}}@media only screen and (max-width: 767px) {.uagb-block-b6c54374.wp-block-uagb-image .wp-block-uagb-image__figure img{width: px;height: auto;}}.uagb-block-2bdcf70c.wp-block-uagb-image{margin-top: 0px;margin-right: 0px;margin-bottom: 0px;margin-left: 0px;}.uagb-block-2bdcf70c.wp-block-uagb-image--layout-default figure img{box-shadow: 0px 0px 0 #00000070;}.uagb-block-2bdcf70c.wp-block-uagb-image .wp-block-uagb-image__figure figcaption{font-style: normal;align-self: center;}.uagb-block-2bdcf70c.wp-block-uagb-image--layout-overlay figure img{box-shadow: 0px 0px 0 #00000070;}.uagb-block-2bdcf70c.wp-block-uagb-image--layout-overlay .wp-block-uagb-image--layout-overlay__color-wrapper{opacity: 0.2;}.uagb-block-2bdcf70c.wp-block-uagb-image--layout-overlay .wp-block-uagb-image--layout-overlay__inner{left: 15px;right: 15px;top: 15px;bottom: 15px;}.uagb-block-2bdcf70c.wp-block-uagb-image--layout-overlay .wp-block-uagb-image--layout-overlay__inner .uagb-image-heading{font-style: normal;color: #fff;opacity: 1;}.uagb-block-2bdcf70c.wp-block-uagb-image--layout-overlay .wp-block-uagb-image--layout-overlay__inner .uagb-image-heading a{color: #fff;}.uagb-block-2bdcf70c.wp-block-uagb-image--layout-overlay .wp-block-uagb-image--layout-overlay__inner .uagb-image-caption{opacity: 0;}.uagb-block-2bdcf70c.wp-block-uagb-image--layout-overlay .wp-block-uagb-image__figure:hover .wp-block-uagb-image--layout-overlay__color-wrapper{opacity: 1;}.uagb-block-2bdcf70c.wp-block-uagb-image .wp-block-uagb-image--layout-overlay__inner .uagb-image-separator{width: 30%;border-top-width: 2px;border-top-color: #fff;opacity: 0;}.uagb-block-2bdcf70c.wp-block-uagb-image .wp-block-uagb-image__figure img{width: px;height: auto;}.uagb-block-2bdcf70c.wp-block-uagb-image .wp-block-uagb-image__figure:hover .wp-block-uagb-image--layout-overlay__inner .uagb-image-caption{opacity: 1;}.uagb-block-2bdcf70c.wp-block-uagb-image .wp-block-uagb-image__figure:hover .wp-block-uagb-image--layout-overlay__inner .uagb-image-separator{opacity: 1;}.uagb-block-2bdcf70c.wp-block-uagb-image--layout-default figure:hover img{box-shadow: 0px 0px 0 #00000070;}.uagb-block-2bdcf70c.wp-block-uagb-image--layout-overlay figure:hover img{box-shadow: 0px 0px 0 #00000070;}@media only screen and (max-width: 976px) {.uagb-block-2bdcf70c.wp-block-uagb-image .wp-block-uagb-image__figure img{width: px;height: auto;}}@media only screen and (max-width: 767px) {.uagb-block-2bdcf70c.wp-block-uagb-image .wp-block-uagb-image__figure img{width: px;height: auto;}}\";s:2:\"js\";s:0:\"\";s:18:\"current_block_list\";a:28:{i:0;s:10:\"core\/group\";i:2;s:24:\"core\/post-featured-image\";i:3;s:15:\"core\/post-title\";i:5;s:14:\"core\/post-date\";i:6;s:16:\"core\/post-author\";i:7;s:15:\"core\/post-terms\";i:8;s:17:\"core\/post-content\";i:9;s:14:\"core\/separator\";i:10;s:13:\"core\/comments\";i:11;s:19:\"core\/comments-title\";i:12;s:21:\"core\/comment-template\";i:15;s:11:\"core\/avatar\";i:16;s:24:\"core\/comment-author-name\";i:17;s:17:\"core\/comment-date\";i:18;s:20:\"core\/comment-content\";i:19;s:23:\"core\/comment-reply-link\";i:20;s:24:\"core\/comments-pagination\";i:21;s:33:\"core\/comments-pagination-previous\";i:22;s:32:\"core\/comments-pagination-numbers\";i:23;s:29:\"core\/comments-pagination-next\";i:24;s:23:\"core\/post-comments-form\";i:25;s:14:\"core\/tag-cloud\";i:26;s:12:\"core\/heading\";i:27;s:14:\"core\/paragraph\";i:28;s:12:\"core\/buttons\";i:29;s:11:\"core\/button\";i:30;s:10:\"uagb\/image\";i:31;s:10:\"core\/image\";}s:8:\"uag_flag\";b:1;s:11:\"uag_version\";s:10:\"1777283713\";s:6:\"gfonts\";a:0:{}s:10:\"gfonts_url\";s:0:\"\";s:12:\"gfonts_files\";a:0:{}s:14:\"uag_faq_layout\";b:0;}"]},"uagb_featured_image_src":{"full":["https:\/\/mv-sport.de\/c\/wp-content\/uploads\/2020\/09\/stundenlf-20.jpg",1600,757,false],"thumbnail":["https:\/\/mv-sport.de\/c\/wp-content\/uploads\/2020\/09\/stundenlf-20-150x150.jpg",150,150,true],"medium":["https:\/\/mv-sport.de\/c\/wp-content\/uploads\/2020\/09\/stundenlf-20-600x600.jpg",350,350,true],"medium_large":["https:\/\/mv-sport.de\/c\/wp-content\/uploads\/2020\/09\/stundenlf-20.jpg",768,363,false],"large":["https:\/\/mv-sport.de\/c\/wp-content\/uploads\/2020\/09\/stundenlf-20-1400x662.jpg",1024,484,true],"1536x1536":["https:\/\/mv-sport.de\/c\/wp-content\/uploads\/2020\/09\/stundenlf-20.jpg",1536,727,false],"2048x2048":["https:\/\/mv-sport.de\/c\/wp-content\/uploads\/2020\/09\/stundenlf-20.jpg",1600,757,false],"ultp_layout_landscape_large":["https:\/\/mv-sport.de\/c\/wp-content\/uploads\/2020\/09\/stundenlf-20.jpg",1200,568,false],"ultp_layout_landscape":["https:\/\/mv-sport.de\/c\/wp-content\/uploads\/2020\/09\/stundenlf-20.jpg",870,412,false],"ultp_layout_portrait":["https:\/\/mv-sport.de\/c\/wp-content\/uploads\/2020\/09\/stundenlf-20.jpg",600,284,false],"ultp_layout_square":["https:\/\/mv-sport.de\/c\/wp-content\/uploads\/2020\/09\/stundenlf-20.jpg",600,284,false]},"uagb_author_info":{"display_name":"Sportclub Laage e.V.","author_link":"https:\/\/mv-sport.de\/c\/author\/sportclub-laage-e-v\/"},"uagb_comment_info":0,"uagb_excerpt":"Die G\u00fcstrower Sommer-Stundenlauf-Serie findet seit sechsunddrei\u00dfig Jahren traditionell in den Monaten Juni\/Juli\/August statt. Aufgrund der aktuellen Lage hatte sich das Organisationsteam dazu entschlossen, die diesj\u00e4hrige Sommer-Stundenlaufserie auf nach den Sommerferien zu verschieben. Damit startete nun schon der 3.und damit letzte Einzellauf in diesem Jahr im September. Bis vor zwei Jahren liefen die Ausdauersportler in den&hellip;","_links":{"self":[{"href":"https:\/\/mv-sport.de\/c\/wp-json\/wp\/v2\/posts\/59337","targetHints":{"allow":["GET"]}}],"collection":[{"href":"https:\/\/mv-sport.de\/c\/wp-json\/wp\/v2\/posts"}],"about":[{"href":"https:\/\/mv-sport.de\/c\/wp-json\/wp\/v2\/types\/post"}],"author":[{"embeddable":true,"href":"https:\/\/mv-sport.de\/c\/wp-json\/wp\/v2\/users\/7"}],"replies":[{"embeddable":true,"href":"https:\/\/mv-sport.de\/c\/wp-json\/wp\/v2\/comments?post=59337"}],"version-history":[{"count":0,"href":"https:\/\/mv-sport.de\/c\/wp-json\/wp\/v2\/posts\/59337\/revisions"}],"wp:featuredmedia":[{"embeddable":true,"href":"https:\/\/mv-sport.de\/c\/wp-json\/wp\/v2\/media\/59338"}],"wp:attachment":[{"href":"https:\/\/mv-sport.de\/c\/wp-json\/wp\/v2\/media?parent=59337"}],"wp:term":[{"taxonomy":"category","embeddable":true,"href":"https:\/\/mv-sport.de\/c\/wp-json\/wp\/v2\/categories?post=59337"},{"taxonomy":"post_tag","embeddable":true,"href":"https:\/\/mv-sport.de\/c\/wp-json\/wp\/v2\/tags?post=59337"},{"taxonomy":"ort","embeddable":true,"href":"https:\/\/mv-sport.de\/c\/wp-json\/wp\/v2\/ort?post=59337"}],"curies":[{"name":"wp","href":"https:\/\/api.w.org\/{rel}","templated":true}]}}