{"id":6479,"date":"2017-10-17T14:45:54","date_gmt":"2017-10-17T12:45:54","guid":{"rendered":"https:\/\/mv-sport.de\/?p=6479"},"modified":"2017-10-17T14:45:54","modified_gmt":"2017-10-17T12:45:54","slug":"platz-eins-und-zwei-fuer-caroline-lass-beim-albedyll-lehrgang","status":"publish","type":"post","link":"https:\/\/mv-sport.de\/c\/platz-eins-und-zwei-fuer-caroline-lass-beim-albedyll-lehrgang\/","title":{"rendered":"Platz eins und zwei f\u00fcr Caroline Lass beim Albedyll-Lehrgang"},"content":{"rendered":"<p>Zum zweiten Sichtungslehrgang f\u00fcr das Finale des Bernhard-von-Albedyll-Jugend-F\u00f6rderpreises waren 19 Nachwuchsdressurreiter aus den f\u00fcnf ostdeutschen Landesverb\u00e4nden nach Redefin gekommen. \u201eDas Landgest\u00fct hat gute Bedingungen und der Ablauf war gut vorbereitet\u201c, lobte Oliver Oelrich (Lengerich) die Organisatoren um Michael Thieme und Elke Spierling. \u201eAuch das Niveau der Teilnehmer hat sich in den vergangenen Jahren gut entwickelt. Das sah man schon in Aachen bei der DJM\u201c, erg\u00e4nzte der Nachwuchs-Bundestrainer.<\/p>\n<p>In Redefin standen neben dem Training zwei FEI-Aufgaben auf dem Niveau der Klasse M auf dem Programm. Zu den Videoaufnahmen, die mit jedem Reiter ausgewertet wurden, gab es vom Bundestrainer jeweils einen Kommentar zu den einzelnen Ritten. Die erste Pr\u00fcfung entschied Caroline Lass aus Tempel, die f\u00fcr die RSG W\u00f6pkendorf startet, mit ihrem niederl\u00e4ndischen Wallach Ugrant (69,550 %) vor dem Bronzemedaillengewinner der diesj\u00e4hrigen DJM Franz-Otto Damm (Fl\u00f6tz\/Sachsen-Anhalt) mit DSP Leoness (69,189 %) f\u00fcr sich. Tanja Schneider (PSV Ph\u00f6nix) kam mit Fashion Week (68,423 %) auf Rang vier, die diesen Platz auch am zweiten Tag mit 69,825 Prozentpunkten verteidigte. In dieser Pr\u00fcfung musste Caroline Lass (69,912 %) der Finalsiegerin von 2016, Henriette Schmidt (RFV Naumburg), mit Rocky\u00b4s Sunshine (71,053 %) den Vortritt lassen.<\/p>\n<p>\u201eNach den Analysen am Vortag gab es kleine Steigerungen\u201c, stellte Oliver Oelrich fest. Und Richter Dr. Klaus Lemcke (Schwerin) erg\u00e4nzte: \u201eDie Punktabst\u00e4nde der ersten f\u00fcnf Reiter waren sehr gering.\u201c<\/p>\n<p>Henriette Scheibler (RV Rostocker Heide), die mit ihrer Stute Diva Desdemona S jeweils auf die Pl\u00e4tze neun (64,910 %) und zehn (65,000 %) kam, konnte sich neben Caroline Lass und Tanja Schneider f\u00fcr das 26. Finale im Bernhard-von-Albedyll-Jugend-F\u00f6rderpreis, benannt nach einem anerkannten Reitlehrer aus Ostdeutschland, qualifizieren. Die besten 15 Teilnehmer von Redefin werden zur Pferdemesse Hippologica w\u00e4hrend der \u201eGr\u00fcnen Woche\u201c im Januar 2018 in Berlin ihren Sieger ermitteln. Nicht dabei sein wird Anniek Boltjes (PSV Ph\u00f6nix), die mit Don Guan in der entscheidenden Pr\u00fcfung nicht die Leistung vom Vortag nicht ganz abrufen konnte. Die einzige Siegerin dieses Cups aus Mecklenburg-Vorpommern war\u00a0 im Jahr 2000 Christina Thieme (Redefin) mit For Fantasy, die diesmal sich als Protokollantin der Richter zur Verf\u00fcgung stellte.<\/p>\n","protected":false},"excerpt":{"rendered":"<p>Zum zweiten Sichtungslehrgang f\u00fcr das Finale des Bernhard-von-Albedyll-Jugend-F\u00f6rderpreises waren 19 Nachwuchsdressurreiter aus den f\u00fcnf ostdeutschen Landesverb\u00e4nden nach Redefin gekommen. \u201eDas Landgest\u00fct hat gute Bedingungen und der Ablauf war gut vorbereitet\u201c, lobte Oliver Oelrich (Lengerich) die Organisatoren um Michael Thieme und Elke Spierling. \u201eAuch das Niveau der Teilnehmer hat sich in den vergangenen Jahren gut entwickelt. [&hellip;]<\/p>\n","protected":false},"author":19,"featured_media":0,"comment_status":"open","ping_status":"open","sticky":false,"template":"","format":"standard","meta":{"_seopress_robots_primary_cat":"","_seopress_titles_title":"","_seopress_titles_desc":"","_seopress_robots_index":"","_relevanssi_hide_post":"","_relevanssi_hide_content":"","_relevanssi_pin_for_all":"","_relevanssi_pin_keywords":"","_relevanssi_unpin_keywords":"","_relevanssi_related_keywords":"","_relevanssi_related_include_ids":"","_relevanssi_related_exclude_ids":"","_relevanssi_related_no_append":"","_relevanssi_related_not_related":"","_relevanssi_related_posts":"","_relevanssi_noindex_reason":"","_uag_custom_page_level_css":"","footnotes":""},"categories":[39,224],"tags":[],"ort":[],"class_list":{"0":"post-6479","1":"post","2":"type-post","3":"status-publish","4":"format-standard","6":"category-pferdesport","7":"category-reiten"},"featured_image_urls":null,"spectra_custom_meta":{"uab_option":["yes"],"uab_meta_position":["default"],"xyz_smap_future_to_publish":["a:1:{s:4:\"fb-1\";a:3:{s:14:\"post_permissin\";s:1:\"1\";s:11:\"post_method\";s:1:\"2\";s:7:\"message\";s:62:\"{POST_TITLE}\r\n{POST_EXCERPT} ...\r\nMehr auf https:\/\/MV-Sport.de\";}}"],"_extra_rating_average":["0"],"_edit_lock":["1508244374:19"],"_edit_last":["19"],"xyz_fbap":["1"],"post_views_count":["777"],"xyz_fbap_insert_og":["1"],"xyz_smap":["1"],"_et_pb_use_builder":[""],"_et_builder_version":["BB|Divi|3.0.77"],"_et_pb_old_content":[""],"_et_pb_custom_css":[""],"_yoast_wpseo_primary_category":["39"],"_post_review_box_title":["Review"],"_post_review_box_summary":[""],"_post_review_box_summary_title":["Summary"],"_post_review_box_breakdowns_score":["0"],"_post_review_box_breakdowns_count":["1"],"_post_review_box_breakdowns":["a:1:{i:0;a:2:{s:5:\"title\";s:0:\"\";s:6:\"rating\";i:0;}}"],"_extra_sidebar_location":[""],"_extra_sidebar":[""],"wp_schema_pro_optimized_structured_data":["<!-- Schema optimized by Schema Pro --><script type=\"application\/ld+json\">{\"@context\":\"https:\/\/schema.org\",\"@type\":\"NewsArticle\",\"mainEntityOfPage\":{\"@type\":\"WebPage\",\"@id\":\"https:\/\/mv-sport.de\/platz-eins-und-zwei-fuer-caroline-lass-beim-albedyll-lehrgang\/\"},\"headline\":\"Platz eins und zwei f\u00fcr Caroline Lass beim Albedyll-Lehrgang\",\"datePublished\":\"2017-10-17T14:45:54\",\"dateModified\":\"2017-10-17T14:45:54\",\"author\":{\"@type\":\"Person\",\"name\":\"Landesverband Mecklenburg-Vorpommern f\u00fcr Reiten, Fahren und Voltigieren e.V.\",\"url\":\"https:\/\/mv-sport.de\/author\/hans-joachim-begall\"},\"publisher\":{\"@type\":\"Organization\",\"name\":\"MV-Sport.de - Sportvereine &amp; Sportnachrichten Mecklenburg-Vorpommern\",\"logo\":{\"@type\":\"ImageObject\",\"url\":\"https:\/\/mv-sport.de\/wp-content\/uploads\/2017\/05\/logo-mv-sport-292x60.png\"}}}<\/script><!-- \/ Schema optimized by Schema Pro -->"],"__post_views_count":["787"],"astra_style_timestamp_css":["1757425574"],"_uag_css_file_name":["uag-css-6479.css"],"_uag_page_assets":["a:9:{s:3:\"css\";s:7010:\".uagb-block-88f5875d.wp-block-uagb-image--layout-default figure img{box-shadow: 0px 0px 0 #00000070;}.uagb-block-88f5875d.wp-block-uagb-image .wp-block-uagb-image__figure figcaption{font-style: normal;align-self: center;}.uagb-block-88f5875d.wp-block-uagb-image--layout-overlay figure img{box-shadow: 0px 0px 0 #00000070;}.uagb-block-88f5875d.wp-block-uagb-image--layout-overlay .wp-block-uagb-image--layout-overlay__color-wrapper{opacity: 0.2;}.uagb-block-88f5875d.wp-block-uagb-image--layout-overlay .wp-block-uagb-image--layout-overlay__inner{left: 15px;right: 15px;top: 15px;bottom: 15px;}.uagb-block-88f5875d.wp-block-uagb-image--layout-overlay .wp-block-uagb-image--layout-overlay__inner .uagb-image-heading{font-style: normal;color: #fff;opacity: 1;}.uagb-block-88f5875d.wp-block-uagb-image--layout-overlay .wp-block-uagb-image--layout-overlay__inner .uagb-image-heading a{color: #fff;}.uagb-block-88f5875d.wp-block-uagb-image--layout-overlay .wp-block-uagb-image--layout-overlay__inner .uagb-image-caption{opacity: 0;}.uagb-block-88f5875d.wp-block-uagb-image--layout-overlay .wp-block-uagb-image__figure:hover .wp-block-uagb-image--layout-overlay__color-wrapper{opacity: 1;}.uagb-block-88f5875d.wp-block-uagb-image .wp-block-uagb-image--layout-overlay__inner .uagb-image-separator{width: 30%;border-top-width: 2px;border-top-color: #fff;opacity: 0;}.uagb-block-88f5875d.wp-block-uagb-image .wp-block-uagb-image__figure img{width: 297px;height: auto;}.uagb-block-88f5875d.wp-block-uagb-image .wp-block-uagb-image__figure:hover .wp-block-uagb-image--layout-overlay__inner .uagb-image-caption{opacity: 1;}.uagb-block-88f5875d.wp-block-uagb-image .wp-block-uagb-image__figure:hover .wp-block-uagb-image--layout-overlay__inner .uagb-image-separator{opacity: 1;}.uagb-block-88f5875d.wp-block-uagb-image--layout-default figure:hover img{box-shadow: 0px 0px 0 #00000070;}.uagb-block-88f5875d.wp-block-uagb-image--layout-overlay figure:hover img{box-shadow: 0px 0px 0 #00000070;}@media only screen and (max-width: 976px) {.uagb-block-88f5875d.wp-block-uagb-image .wp-block-uagb-image__figure img{width: 297px;height: auto;}}@media only screen and (max-width: 767px) {.uagb-block-88f5875d.wp-block-uagb-image .wp-block-uagb-image__figure img{width: 297px;height: auto;}}.uagb-block-b6c54374.wp-block-uagb-image{margin-top: 0px;margin-right: 0px;margin-bottom: 0px;margin-left: 0px;}.uagb-block-b6c54374.wp-block-uagb-image--layout-default figure img{box-shadow: 0px 0px 0 #00000070;}.uagb-block-b6c54374.wp-block-uagb-image .wp-block-uagb-image__figure figcaption{font-style: normal;align-self: center;}.uagb-block-b6c54374.wp-block-uagb-image--layout-overlay figure img{box-shadow: 0px 0px 0 #00000070;}.uagb-block-b6c54374.wp-block-uagb-image--layout-overlay .wp-block-uagb-image--layout-overlay__color-wrapper{opacity: 0.2;}.uagb-block-b6c54374.wp-block-uagb-image--layout-overlay .wp-block-uagb-image--layout-overlay__inner{left: 15px;right: 15px;top: 15px;bottom: 15px;}.uagb-block-b6c54374.wp-block-uagb-image--layout-overlay .wp-block-uagb-image--layout-overlay__inner .uagb-image-heading{font-style: normal;color: #fff;opacity: 1;}.uagb-block-b6c54374.wp-block-uagb-image--layout-overlay .wp-block-uagb-image--layout-overlay__inner .uagb-image-heading a{color: #fff;}.uagb-block-b6c54374.wp-block-uagb-image--layout-overlay .wp-block-uagb-image--layout-overlay__inner .uagb-image-caption{opacity: 0;}.uagb-block-b6c54374.wp-block-uagb-image--layout-overlay .wp-block-uagb-image__figure:hover .wp-block-uagb-image--layout-overlay__color-wrapper{opacity: 1;}.uagb-block-b6c54374.wp-block-uagb-image .wp-block-uagb-image--layout-overlay__inner .uagb-image-separator{width: 30%;border-top-width: 2px;border-top-color: #fff;opacity: 0;}.uagb-block-b6c54374.wp-block-uagb-image .wp-block-uagb-image__figure img{width: px;height: auto;}.uagb-block-b6c54374.wp-block-uagb-image .wp-block-uagb-image__figure:hover .wp-block-uagb-image--layout-overlay__inner .uagb-image-caption{opacity: 1;}.uagb-block-b6c54374.wp-block-uagb-image .wp-block-uagb-image__figure:hover .wp-block-uagb-image--layout-overlay__inner .uagb-image-separator{opacity: 1;}.uagb-block-b6c54374.wp-block-uagb-image--layout-default figure:hover img{box-shadow: 0px 0px 0 #00000070;}.uagb-block-b6c54374.wp-block-uagb-image--layout-overlay figure:hover img{box-shadow: 0px 0px 0 #00000070;}@media only screen and (max-width: 976px) {.uagb-block-b6c54374.wp-block-uagb-image .wp-block-uagb-image__figure img{width: px;height: auto;}}@media only screen and (max-width: 767px) {.uagb-block-b6c54374.wp-block-uagb-image .wp-block-uagb-image__figure img{width: px;height: auto;}}.uagb-block-2bdcf70c.wp-block-uagb-image{margin-top: 0px;margin-right: 0px;margin-bottom: 0px;margin-left: 0px;}.uagb-block-2bdcf70c.wp-block-uagb-image--layout-default figure img{box-shadow: 0px 0px 0 #00000070;}.uagb-block-2bdcf70c.wp-block-uagb-image .wp-block-uagb-image__figure figcaption{font-style: normal;align-self: center;}.uagb-block-2bdcf70c.wp-block-uagb-image--layout-overlay figure img{box-shadow: 0px 0px 0 #00000070;}.uagb-block-2bdcf70c.wp-block-uagb-image--layout-overlay .wp-block-uagb-image--layout-overlay__color-wrapper{opacity: 0.2;}.uagb-block-2bdcf70c.wp-block-uagb-image--layout-overlay .wp-block-uagb-image--layout-overlay__inner{left: 15px;right: 15px;top: 15px;bottom: 15px;}.uagb-block-2bdcf70c.wp-block-uagb-image--layout-overlay .wp-block-uagb-image--layout-overlay__inner .uagb-image-heading{font-style: normal;color: #fff;opacity: 1;}.uagb-block-2bdcf70c.wp-block-uagb-image--layout-overlay .wp-block-uagb-image--layout-overlay__inner .uagb-image-heading a{color: #fff;}.uagb-block-2bdcf70c.wp-block-uagb-image--layout-overlay .wp-block-uagb-image--layout-overlay__inner .uagb-image-caption{opacity: 0;}.uagb-block-2bdcf70c.wp-block-uagb-image--layout-overlay .wp-block-uagb-image__figure:hover .wp-block-uagb-image--layout-overlay__color-wrapper{opacity: 1;}.uagb-block-2bdcf70c.wp-block-uagb-image .wp-block-uagb-image--layout-overlay__inner .uagb-image-separator{width: 30%;border-top-width: 2px;border-top-color: #fff;opacity: 0;}.uagb-block-2bdcf70c.wp-block-uagb-image .wp-block-uagb-image__figure img{width: px;height: auto;}.uagb-block-2bdcf70c.wp-block-uagb-image .wp-block-uagb-image__figure:hover .wp-block-uagb-image--layout-overlay__inner .uagb-image-caption{opacity: 1;}.uagb-block-2bdcf70c.wp-block-uagb-image .wp-block-uagb-image__figure:hover .wp-block-uagb-image--layout-overlay__inner .uagb-image-separator{opacity: 1;}.uagb-block-2bdcf70c.wp-block-uagb-image--layout-default figure:hover img{box-shadow: 0px 0px 0 #00000070;}.uagb-block-2bdcf70c.wp-block-uagb-image--layout-overlay figure:hover img{box-shadow: 0px 0px 0 #00000070;}@media only screen and (max-width: 976px) {.uagb-block-2bdcf70c.wp-block-uagb-image .wp-block-uagb-image__figure img{width: px;height: auto;}}@media only screen and (max-width: 767px) {.uagb-block-2bdcf70c.wp-block-uagb-image .wp-block-uagb-image__figure img{width: px;height: auto;}}\";s:2:\"js\";s:0:\"\";s:18:\"current_block_list\";a:28:{i:0;s:10:\"core\/group\";i:2;s:24:\"core\/post-featured-image\";i:3;s:15:\"core\/post-title\";i:5;s:14:\"core\/post-date\";i:6;s:16:\"core\/post-author\";i:7;s:15:\"core\/post-terms\";i:8;s:17:\"core\/post-content\";i:9;s:14:\"core\/separator\";i:10;s:13:\"core\/comments\";i:11;s:19:\"core\/comments-title\";i:12;s:21:\"core\/comment-template\";i:15;s:11:\"core\/avatar\";i:16;s:24:\"core\/comment-author-name\";i:17;s:17:\"core\/comment-date\";i:18;s:20:\"core\/comment-content\";i:19;s:23:\"core\/comment-reply-link\";i:20;s:24:\"core\/comments-pagination\";i:21;s:33:\"core\/comments-pagination-previous\";i:22;s:32:\"core\/comments-pagination-numbers\";i:23;s:29:\"core\/comments-pagination-next\";i:24;s:23:\"core\/post-comments-form\";i:25;s:14:\"core\/tag-cloud\";i:26;s:12:\"core\/heading\";i:27;s:14:\"core\/paragraph\";i:28;s:12:\"core\/buttons\";i:29;s:11:\"core\/button\";i:30;s:10:\"uagb\/image\";i:31;s:10:\"core\/image\";}s:8:\"uag_flag\";b:1;s:11:\"uag_version\";s:10:\"1777291531\";s:6:\"gfonts\";a:0:{}s:10:\"gfonts_url\";s:0:\"\";s:12:\"gfonts_files\";a:0:{}s:14:\"uag_faq_layout\";b:0;}"]},"uagb_featured_image_src":{"full":false,"thumbnail":false,"medium":false,"medium_large":false,"large":false,"1536x1536":false,"2048x2048":false,"ultp_layout_landscape_large":false,"ultp_layout_landscape":false,"ultp_layout_portrait":false,"ultp_layout_square":false},"uagb_author_info":{"display_name":"Pferdesportverband MV","author_link":"https:\/\/mv-sport.de\/c\/author\/hans-joachim-begall\/"},"uagb_comment_info":0,"uagb_excerpt":"Zum zweiten Sichtungslehrgang f\u00fcr das Finale des Bernhard-von-Albedyll-Jugend-F\u00f6rderpreises waren 19 Nachwuchsdressurreiter aus den f\u00fcnf ostdeutschen Landesverb\u00e4nden nach Redefin gekommen. \u201eDas Landgest\u00fct hat gute Bedingungen und der Ablauf war gut vorbereitet\u201c, lobte Oliver Oelrich (Lengerich) die Organisatoren um Michael Thieme und Elke Spierling. \u201eAuch das Niveau der Teilnehmer hat sich in den vergangenen Jahren gut entwickelt.&hellip;","_links":{"self":[{"href":"https:\/\/mv-sport.de\/c\/wp-json\/wp\/v2\/posts\/6479","targetHints":{"allow":["GET"]}}],"collection":[{"href":"https:\/\/mv-sport.de\/c\/wp-json\/wp\/v2\/posts"}],"about":[{"href":"https:\/\/mv-sport.de\/c\/wp-json\/wp\/v2\/types\/post"}],"author":[{"embeddable":true,"href":"https:\/\/mv-sport.de\/c\/wp-json\/wp\/v2\/users\/19"}],"replies":[{"embeddable":true,"href":"https:\/\/mv-sport.de\/c\/wp-json\/wp\/v2\/comments?post=6479"}],"version-history":[{"count":0,"href":"https:\/\/mv-sport.de\/c\/wp-json\/wp\/v2\/posts\/6479\/revisions"}],"wp:attachment":[{"href":"https:\/\/mv-sport.de\/c\/wp-json\/wp\/v2\/media?parent=6479"}],"wp:term":[{"taxonomy":"category","embeddable":true,"href":"https:\/\/mv-sport.de\/c\/wp-json\/wp\/v2\/categories?post=6479"},{"taxonomy":"post_tag","embeddable":true,"href":"https:\/\/mv-sport.de\/c\/wp-json\/wp\/v2\/tags?post=6479"},{"taxonomy":"ort","embeddable":true,"href":"https:\/\/mv-sport.de\/c\/wp-json\/wp\/v2\/ort?post=6479"}],"curies":[{"name":"wp","href":"https:\/\/api.w.org\/{rel}","templated":true}]}}