{"id":65027,"date":"2020-12-15T09:24:26","date_gmt":"2020-12-15T08:24:26","guid":{"rendered":"https:\/\/mv-sport.de\/?p=65027"},"modified":"2020-12-15T09:24:26","modified_gmt":"2020-12-15T08:24:26","slug":"laager-ausdauersportler-in-bestenlisten-verewigt","status":"publish","type":"post","link":"https:\/\/mv-sport.de\/c\/laager-ausdauersportler-in-bestenlisten-verewigt\/","title":{"rendered":"Laager Ausdauersportler in Bestenlisten verewigt"},"content":{"rendered":"<p style=\"margin-bottom: 9.75pt\"><span style=\"font-size: 14.0pt;font-family: 'Arial',sans-serif\">In der traditionell zum Jahresende vorgelegten Jahresbestenliste des Leichtathletik-Verbandes Mecklenburg-Vorpommern, im Stra\u00dfenlauf, erscheinen in diesem Jahr insgesamt zehn L\u00e4uferinnen und L\u00e4ufer des Sportclubs Laage. Im zur\u00fcckliegenden Kalenderjahr war der Eintrag in diese \u00dcbersicht schon etwas Besonderes. Letztendlich hatten die L\u00e4uferinnen und L\u00e4ufer, auf Grund der zahlreichen Absagen von Laufveranstaltungen, kaum die Gelegenheit starke Laufleistungen zu pr\u00e4sentieren.<br \/>\nIn die Jahresbestenliste werden nur L\u00e4uferinnen und L\u00e4ufer aufgenommen, die Mitglied eines dem Leichtathletik-Verband Mecklenburg-Vorpommern angeschlossenen Vereins angeh\u00f6ren und ein g\u00fcltiges Startrecht des Verbandes haben. In diese Jahresbestenliste werden ohnehin nur Leistungen aufgenommen, die nach Kenntnis des Verbands-Statistikers unter korrekten Bedingungen, insbesondere hinsichtlich der Streckenvermessung, erzielt wurden.<br \/>\nBesonders erfreulich ist aus Sicht des Sportclubs Laage die Tatsache, dass auch f\u00fcnf Jugendliche in die Bestenliste laufen konnten. In der Klasse der unter 14-j\u00e4hrigen M\u00e4dchen durften sich mit Paula Pommerehne (22; 22 min) und Pia Amelie Behn (22; 37 min) zwei Sportlerinnen \u00fcber ihre Eintr\u00e4ge freuen. Beiden gelang diese Leistung im 5 Kilometer Stra\u00dfenlauf in Lubmin. \u00dcber dieselbe Distanz konnte Lena Pommerehne ihren Eintrag erk\u00e4mpfen. Ebenfalls in Lubmin lief die 15-j\u00e4hrige Sch\u00fclerin ganz starke 20,57 Minuten. F\u00fcr Lena war das auch mit einem Eintrag in die <em><span style=\"font-family: 'Arial',sans-serif;font-style: normal\">Bestenliste<\/span><\/em><i> des <\/i><em><span style=\"font-family: 'Arial',sans-serif;font-style: normal\">Deutschen<\/span><\/em> Leichtathletik-Verbands (DLV) verbunden.<br \/>\n\u00dcber die 10 Kilometer Distanz konnten die 17-j\u00e4hrige Joelina Raith (44;24 min) und der 17-j\u00e4hrige Ricardo Wendt (37,08 min) beeindrucken und mit ihren Leistungen den Eintrag in die j\u00e4hrlich aufgelegte Bestenliste ihrer Altersklassen erreichen. Auch diese Leistungen fanden einen Eintrag in die <em><span style=\"font-family: 'Arial',sans-serif;font-style: normal\">Bestenlisten<\/span><\/em><i> <\/i>des <em><span style=\"font-family: 'Arial',sans-serif;font-style: normal\">Deutschen<\/span><\/em><i> <\/i>Leichtathletik-Verbands (DLV). Im selben Wettkampf gelang das, im Zuge der Landesmeisterschaften im Stra\u00dfenlauf in Lubmin, der 41-j\u00e4hrigen Kathleen Maag (44;05 min), der 44-j\u00e4hrigen Yvonne L\u00fcbs (48,30 min) und den beiden nimmerm\u00fcden Haudegen Bernd J\u00e4nike (41,10 min) und Peter Zettl (40,42 min) in der Altersklasse der \u00fcber 55-j\u00e4hrigen M\u00e4nner. Zu Jahresbeginn lief die 52-j\u00e4hrige Petra Grobbecker (52,02 min) in Wittenburg, zum Start der Laufcupsaison, die aus bekannten Gr\u00fcnden leider nicht beendet werden konnte, ihr perfektes Rennen und platzierte sich damit in der Bestenliste des Verbandes. Die Grundlagen f\u00fcr diese pers\u00f6nlichen Erfolge ist das sehr disziplinierte und harte Training. Dabei spiegelt sich in den Trainingseinheiten die Ausgewogenheit zwischen ambitioniertem Volkssport und einem dosierten Leistungsanspruch wider. Und genau dazu passt auch die Durchsetzung innovativer Trainingskonzepte. Denn gerade die Kinder und Jugendlichen der Laager Laufgruppe trainieren nur zwei Mal in der Woche. Allerdings d\u00fcrfen sich dann die \u00dcbungsleiter \u00fcber eine au\u00dfergew\u00f6hnliche \u00a0Anstrengungsbereitschaft freuen.<\/p>\n<p>SC Laage<\/span><\/p>\n<figure id=\"attachment_65028\" aria-describedby=\"caption-attachment-65028\" style=\"width: 415px\" class=\"wp-caption aligncenter\"><a href=\"https:\/\/mv-sport.de\/wp-content\/uploads\/2020\/12\/zwischenablage.jpg\"><img loading=\"lazy\" decoding=\"async\" class=\" wp-image-65028\" src=\"https:\/\/mv-sport.de\/wp-content\/uploads\/2020\/12\/zwischenablage-680x1024.jpg\" alt=\"\" width=\"415\" height=\"625\" \/><\/a><figcaption id=\"caption-attachment-65028\" class=\"wp-caption-text\">Die Fotos zeigen Lena Pommerehne und Ricardo Wendt. Foto: Ralf Sawacki<\/figcaption><\/figure>\n","protected":false},"excerpt":{"rendered":"<p>In der traditionell zum Jahresende vorgelegten Jahresbestenliste des Leichtathletik-Verbandes Mecklenburg-Vorpommern, im Stra\u00dfenlauf, erscheinen in diesem Jahr insgesamt zehn L\u00e4uferinnen und L\u00e4ufer des Sportclubs Laage. Im zur\u00fcckliegenden Kalenderjahr war der Eintrag in diese \u00dcbersicht schon etwas Besonderes. Letztendlich hatten die L\u00e4uferinnen und L\u00e4ufer, auf Grund der zahlreichen Absagen von Laufveranstaltungen, kaum die Gelegenheit starke Laufleistungen zu [&hellip;]<\/p>\n","protected":false},"author":7,"featured_media":65028,"comment_status":"open","ping_status":"open","sticky":false,"template":"","format":"standard","meta":{"_seopress_robots_primary_cat":"none","_seopress_titles_title":"","_seopress_titles_desc":"","_seopress_robots_index":"","_relevanssi_hide_post":"","_relevanssi_hide_content":"","_relevanssi_pin_for_all":"","_relevanssi_pin_keywords":"","_relevanssi_unpin_keywords":"","_relevanssi_related_keywords":"","_relevanssi_related_include_ids":"","_relevanssi_related_exclude_ids":"","_relevanssi_related_no_append":"","_relevanssi_related_not_related":"","_relevanssi_related_posts":"","_relevanssi_noindex_reason":"","_uag_custom_page_level_css":"","footnotes":""},"categories":[47,24],"tags":[],"ort":[],"class_list":{"0":"post-65027","1":"post","2":"type-post","3":"status-publish","4":"format-standard","5":"has-post-thumbnail","7":"category-laufsport","8":"category-sport-allgemein"},"featured_image_urls":{"medium":"https:\/\/mv-sport.de\/c\/wp-content\/uploads\/2020\/12\/zwischenablage-600x600.jpg","medium_large":"https:\/\/mv-sport.de\/c\/wp-content\/uploads\/2020\/12\/zwischenablage.jpg","large":"https:\/\/mv-sport.de\/c\/wp-content\/uploads\/2020\/12\/zwischenablage-929x1400.jpg","full":"https:\/\/mv-sport.de\/c\/wp-content\/uploads\/2020\/12\/zwischenablage.jpg","alt":"","caption":"Die Fotos zeigen Lena Pommerehne und Ricardo Wendt. Foto: Ralf Sawacki"},"spectra_custom_meta":{"uab_option":["yes"],"uab_meta_position":["default"],"_extra_rating_average":["0"],"_seopress_analysis_data":["a:17:{s:5:\"title\";s:123:\"Laager Ausdauersportler in Bestenlisten verewigt | MV-Sport.de - Sportvereine &amp; Sportnachrichten Mecklenburg-Vorpommern\";s:9:\"meta_desc\";s:432:\"In der traditionell zum Jahresende vorgelegten Jahresbestenliste des Leichtathletik-Verbandes Mecklenburg-Vorpommern, im Stra\u00dfenlauf, erscheinen in diesem Jahr insgesamt zehn L\u00e4uferinnen und L\u00e4ufer des Sportclubs Laage. Im zur\u00fcckliegenden Kalenderjahr war der Eintrag in diese \u00dcbersicht schon etwas Besonderes. Letztendlich hatten die L\u00e4uferinnen und L\u00e4ufer, auf Grund der zahlreichen Absagen von Laufveranstaltungen, kaum\u2026\";s:8:\"og_title\";a:2:{s:5:\"count\";i:1;s:6:\"values\";a:1:{i:0;s:123:\"Laager Ausdauersportler in Bestenlisten verewigt | MV-Sport.de - Sportvereine &amp; Sportnachrichten Mecklenburg-Vorpommern\";}}s:7:\"og_desc\";a:2:{s:5:\"count\";i:1;s:6:\"values\";a:1:{i:0;s:432:\"In der traditionell zum Jahresende vorgelegten Jahresbestenliste des Leichtathletik-Verbandes Mecklenburg-Vorpommern, im Stra\u00dfenlauf, erscheinen in diesem Jahr insgesamt zehn L\u00e4uferinnen und L\u00e4ufer des Sportclubs Laage. Im zur\u00fcckliegenden Kalenderjahr war der Eintrag in diese \u00dcbersicht schon etwas Besonderes. Letztendlich hatten die L\u00e4uferinnen und L\u00e4ufer, auf Grund der zahlreichen Absagen von Laufveranstaltungen, kaum\u2026\";}}s:6:\"og_img\";a:2:{s:5:\"count\";i:1;s:6:\"values\";a:1:{i:0;s:65:\"https:\/\/mv-sport.de\/wp-content\/uploads\/2020\/12\/zwischenablage.jpg\";}}s:6:\"og_url\";a:3:{s:5:\"count\";i:1;s:6:\"values\";a:1:{i:0;s:68:\"https:\/\/mv-sport.de\/laager-ausdauersportler-in-bestenlisten-verewigt\";}s:4:\"host\";s:11:\"mv-sport.de\";}s:12:\"og_site_name\";a:2:{s:5:\"count\";i:1;s:6:\"values\";a:1:{i:0;s:72:\"MV-Sport.de - Sportvereine &amp; Sportnachrichten Mecklenburg-Vorpommern\";}}s:8:\"tw_title\";a:2:{s:5:\"count\";i:1;s:6:\"values\";a:1:{i:0;s:123:\"Laager Ausdauersportler in Bestenlisten verewigt | MV-Sport.de - Sportvereine &amp; Sportnachrichten Mecklenburg-Vorpommern\";}}s:7:\"tw_desc\";a:2:{s:5:\"count\";i:1;s:6:\"values\";a:1:{i:0;s:432:\"In der traditionell zum Jahresende vorgelegten Jahresbestenliste des Leichtathletik-Verbandes Mecklenburg-Vorpommern, im Stra\u00dfenlauf, erscheinen in diesem Jahr insgesamt zehn L\u00e4uferinnen und L\u00e4ufer des Sportclubs Laage. Im zur\u00fcckliegenden Kalenderjahr war der Eintrag in diese \u00dcbersicht schon etwas Besonderes. Letztendlich hatten die L\u00e4uferinnen und L\u00e4ufer, auf Grund der zahlreichen Absagen von Laufveranstaltungen, kaum\u2026\";}}s:6:\"tw_img\";a:2:{s:5:\"count\";i:1;s:6:\"values\";a:1:{i:0;s:74:\"https:\/\/mv-sport.de\/wp-content\/uploads\/2020\/12\/zwischenablage-680x1024.jpg\";}}s:9:\"canonical\";s:69:\"https:\/\/mv-sport.de\/laager-ausdauersportler-in-bestenlisten-verewigt\/\";s:3:\"img\";a:1:{s:6:\"images\";a:6:{i:0;s:74:\"https:\/\/mv-sport.de\/wp-content\/uploads\/2020\/12\/zwischenablage-680x1024.jpg\";i:1;s:59:\"https:\/\/mv-sport.de\/wp-content\/uploads\/2017\/06\/sc_laage.png\";i:2;s:89:\"https:\/\/mv-sport.de\/wp-content\/sabai\/File\/thumbnails\/582946b331c59da0bbdcd87de5aa49fd.jpg\";i:3;s:89:\"https:\/\/mv-sport.de\/wp-content\/sabai\/File\/thumbnails\/5fcf97cfc2a67d176539ac61ac8f86ee.jpg\";i:4;s:77:\"https:\/\/mv-sport.de\/wp-content\/plugins\/sabai\/assets\/images\/no_image_small.png\";i:5;s:61:\"https:\/\/mv-sport.de\/wp-content\/uploads\/2017\/05\/140x70px-3.gif\";}}s:11:\"meta_robots\";a:1:{i:0;a:1:{i:0;s:13:\"index, follow\";}}s:14:\"outbound_links\";a:9:{i:0;a:1:{s:29:\"http:\/\/www.sportclub-laage.de\";s:29:\"http:\/\/www.sportclub-laage.de\";}i:1;a:1:{s:34:\"https:\/\/www.facebook.com\/MVSportde\";s:0:\"\";}i:2;a:1:{s:37:\"https:\/\/www.instagram.com\/mv_sport.de\";s:0:\"\";}i:4;a:1:{s:28:\"http:\/\/www.elegantthemes.com\";s:14:\"Elegant Themes\";}i:5;a:1:{s:24:\"http:\/\/www.wordpress.org\";s:9:\"WordPress\";}i:6;a:1:{s:20:\"http:\/\/www.web-mv.de\";s:9:\"web-mv.de\";}i:7;a:1:{s:33:\"http:\/\/www.webdesign-schwerin.net\";s:0:\"\";}i:10;a:1:{s:34:\"https:\/\/www.facebook.com\/MVSportde\";s:13:\"\n    Like us!\";}i:11;a:1:{s:37:\"https:\/\/www.instagram.com\/mv_sport.de\";s:15:\"\n    Follow us!\";}}s:13:\"words_counter\";i:389;s:20:\"words_counter_unique\";i:229;s:4:\"json\";a:2:{i:0;s:12:\"Organization\";i:1;s:14:\"BreadcrumbList\";}}"],"_edit_lock":["1608376705:7"],"_edit_last":["7"],"_thumbnail_id":["65028"],"xyz_fbap_future_to_publish":["a:3:{s:18:\"post_fb_permission\";i:1;s:18:\"xyz_fbap_po_method\";s:1:\"2\";s:16:\"xyz_fbap_message\";s:17:\"{POST_EXCERPT}...\";}"],"xyz_fbap":["1"],"xyz_fbap_insert_og":["1"],"post_views_count":["450"],"_seopress_titles_title":[""],"_seopress_titles_desc":[""],"_seopress_robots_canonical":[""],"_seopress_robots_primary_cat":["none"],"_seopress_robots_breadcrumbs":[""],"_seopress_social_fb_title":[""],"_seopress_social_fb_desc":[""],"_seopress_social_fb_img":[""],"_seopress_social_twitter_title":[""],"_seopress_social_twitter_desc":[""],"_seopress_social_twitter_img":[""],"_seopress_redirections_type":["301"],"_seopress_redirections_value":[""],"_post_review_box_title":["Rezension"],"_post_review_box_summary":[""],"_post_review_box_summary_title":["Zusammenfassung"],"_post_review_box_breakdowns_score":["0"],"_post_review_box_breakdowns_count":["1"],"_post_review_box_breakdowns":["a:1:{i:0;a:2:{s:5:\"title\";s:0:\"\";s:6:\"rating\";i:0;}}"],"_extra_sidebar_location":[""],"_extra_sidebar":[""],"wp_schema_pro_optimized_structured_data":["<!-- Schema optimized by Schema Pro --><script type=\"application\/ld+json\">{\"@context\":\"https:\/\/schema.org\",\"@type\":\"NewsArticle\",\"mainEntityOfPage\":{\"@type\":\"WebPage\",\"@id\":\"https:\/\/mv-sport.de\/laager-ausdauersportler-in-bestenlisten-verewigt\/\"},\"headline\":\"Laager Ausdauersportler in Bestenlisten verewigt\",\"image\":{\"@type\":\"ImageObject\",\"url\":\"https:\/\/mv-sport.de\/wp-content\/uploads\/2020\/12\/zwischenablage.jpg\",\"width\":1062,\"height\":1600},\"datePublished\":\"2020-12-15T09:24:26\",\"dateModified\":\"2020-12-15T09:24:26\",\"author\":{\"@type\":\"Person\",\"name\":\"Sportclub Laage e.V.\",\"url\":\"https:\/\/mv-sport.de\/author\/sportclub-laage-e-v\"},\"publisher\":{\"@type\":\"Organization\",\"name\":\"MV-Sport.de - Sportvereine &amp; Sportnachrichten Mecklenburg-Vorpommern\",\"logo\":{\"@type\":\"ImageObject\",\"url\":\"https:\/\/mv-sport.de\/wp-content\/uploads\/2017\/05\/logo-mv-sport-292x60.png\"}}}<\/script><!-- \/ Schema optimized by Schema Pro -->"],"__post_views_count":["11693"],"astra_style_timestamp_css":["1757512693"],"_uag_css_file_name":["uag-css-65027.css"],"_uag_page_assets":["a:9:{s:3:\"css\";s:7010:\".uagb-block-88f5875d.wp-block-uagb-image--layout-default figure img{box-shadow: 0px 0px 0 #00000070;}.uagb-block-88f5875d.wp-block-uagb-image .wp-block-uagb-image__figure figcaption{font-style: normal;align-self: center;}.uagb-block-88f5875d.wp-block-uagb-image--layout-overlay figure img{box-shadow: 0px 0px 0 #00000070;}.uagb-block-88f5875d.wp-block-uagb-image--layout-overlay .wp-block-uagb-image--layout-overlay__color-wrapper{opacity: 0.2;}.uagb-block-88f5875d.wp-block-uagb-image--layout-overlay .wp-block-uagb-image--layout-overlay__inner{left: 15px;right: 15px;top: 15px;bottom: 15px;}.uagb-block-88f5875d.wp-block-uagb-image--layout-overlay .wp-block-uagb-image--layout-overlay__inner .uagb-image-heading{font-style: normal;color: #fff;opacity: 1;}.uagb-block-88f5875d.wp-block-uagb-image--layout-overlay .wp-block-uagb-image--layout-overlay__inner .uagb-image-heading a{color: #fff;}.uagb-block-88f5875d.wp-block-uagb-image--layout-overlay .wp-block-uagb-image--layout-overlay__inner .uagb-image-caption{opacity: 0;}.uagb-block-88f5875d.wp-block-uagb-image--layout-overlay .wp-block-uagb-image__figure:hover .wp-block-uagb-image--layout-overlay__color-wrapper{opacity: 1;}.uagb-block-88f5875d.wp-block-uagb-image .wp-block-uagb-image--layout-overlay__inner .uagb-image-separator{width: 30%;border-top-width: 2px;border-top-color: #fff;opacity: 0;}.uagb-block-88f5875d.wp-block-uagb-image .wp-block-uagb-image__figure img{width: 297px;height: auto;}.uagb-block-88f5875d.wp-block-uagb-image .wp-block-uagb-image__figure:hover .wp-block-uagb-image--layout-overlay__inner .uagb-image-caption{opacity: 1;}.uagb-block-88f5875d.wp-block-uagb-image .wp-block-uagb-image__figure:hover .wp-block-uagb-image--layout-overlay__inner .uagb-image-separator{opacity: 1;}.uagb-block-88f5875d.wp-block-uagb-image--layout-default figure:hover img{box-shadow: 0px 0px 0 #00000070;}.uagb-block-88f5875d.wp-block-uagb-image--layout-overlay figure:hover img{box-shadow: 0px 0px 0 #00000070;}@media only screen and (max-width: 976px) {.uagb-block-88f5875d.wp-block-uagb-image .wp-block-uagb-image__figure img{width: 297px;height: auto;}}@media only screen and (max-width: 767px) {.uagb-block-88f5875d.wp-block-uagb-image .wp-block-uagb-image__figure img{width: 297px;height: auto;}}.uagb-block-b6c54374.wp-block-uagb-image{margin-top: 0px;margin-right: 0px;margin-bottom: 0px;margin-left: 0px;}.uagb-block-b6c54374.wp-block-uagb-image--layout-default figure img{box-shadow: 0px 0px 0 #00000070;}.uagb-block-b6c54374.wp-block-uagb-image .wp-block-uagb-image__figure figcaption{font-style: normal;align-self: center;}.uagb-block-b6c54374.wp-block-uagb-image--layout-overlay figure img{box-shadow: 0px 0px 0 #00000070;}.uagb-block-b6c54374.wp-block-uagb-image--layout-overlay .wp-block-uagb-image--layout-overlay__color-wrapper{opacity: 0.2;}.uagb-block-b6c54374.wp-block-uagb-image--layout-overlay .wp-block-uagb-image--layout-overlay__inner{left: 15px;right: 15px;top: 15px;bottom: 15px;}.uagb-block-b6c54374.wp-block-uagb-image--layout-overlay .wp-block-uagb-image--layout-overlay__inner .uagb-image-heading{font-style: normal;color: #fff;opacity: 1;}.uagb-block-b6c54374.wp-block-uagb-image--layout-overlay .wp-block-uagb-image--layout-overlay__inner .uagb-image-heading a{color: #fff;}.uagb-block-b6c54374.wp-block-uagb-image--layout-overlay .wp-block-uagb-image--layout-overlay__inner .uagb-image-caption{opacity: 0;}.uagb-block-b6c54374.wp-block-uagb-image--layout-overlay .wp-block-uagb-image__figure:hover .wp-block-uagb-image--layout-overlay__color-wrapper{opacity: 1;}.uagb-block-b6c54374.wp-block-uagb-image .wp-block-uagb-image--layout-overlay__inner .uagb-image-separator{width: 30%;border-top-width: 2px;border-top-color: #fff;opacity: 0;}.uagb-block-b6c54374.wp-block-uagb-image .wp-block-uagb-image__figure img{width: px;height: auto;}.uagb-block-b6c54374.wp-block-uagb-image .wp-block-uagb-image__figure:hover .wp-block-uagb-image--layout-overlay__inner .uagb-image-caption{opacity: 1;}.uagb-block-b6c54374.wp-block-uagb-image .wp-block-uagb-image__figure:hover .wp-block-uagb-image--layout-overlay__inner .uagb-image-separator{opacity: 1;}.uagb-block-b6c54374.wp-block-uagb-image--layout-default figure:hover img{box-shadow: 0px 0px 0 #00000070;}.uagb-block-b6c54374.wp-block-uagb-image--layout-overlay figure:hover img{box-shadow: 0px 0px 0 #00000070;}@media only screen and (max-width: 976px) {.uagb-block-b6c54374.wp-block-uagb-image .wp-block-uagb-image__figure img{width: px;height: auto;}}@media only screen and (max-width: 767px) {.uagb-block-b6c54374.wp-block-uagb-image .wp-block-uagb-image__figure img{width: px;height: auto;}}.uagb-block-2bdcf70c.wp-block-uagb-image{margin-top: 0px;margin-right: 0px;margin-bottom: 0px;margin-left: 0px;}.uagb-block-2bdcf70c.wp-block-uagb-image--layout-default figure img{box-shadow: 0px 0px 0 #00000070;}.uagb-block-2bdcf70c.wp-block-uagb-image .wp-block-uagb-image__figure figcaption{font-style: normal;align-self: center;}.uagb-block-2bdcf70c.wp-block-uagb-image--layout-overlay figure img{box-shadow: 0px 0px 0 #00000070;}.uagb-block-2bdcf70c.wp-block-uagb-image--layout-overlay .wp-block-uagb-image--layout-overlay__color-wrapper{opacity: 0.2;}.uagb-block-2bdcf70c.wp-block-uagb-image--layout-overlay .wp-block-uagb-image--layout-overlay__inner{left: 15px;right: 15px;top: 15px;bottom: 15px;}.uagb-block-2bdcf70c.wp-block-uagb-image--layout-overlay .wp-block-uagb-image--layout-overlay__inner .uagb-image-heading{font-style: normal;color: #fff;opacity: 1;}.uagb-block-2bdcf70c.wp-block-uagb-image--layout-overlay .wp-block-uagb-image--layout-overlay__inner .uagb-image-heading a{color: #fff;}.uagb-block-2bdcf70c.wp-block-uagb-image--layout-overlay .wp-block-uagb-image--layout-overlay__inner .uagb-image-caption{opacity: 0;}.uagb-block-2bdcf70c.wp-block-uagb-image--layout-overlay .wp-block-uagb-image__figure:hover .wp-block-uagb-image--layout-overlay__color-wrapper{opacity: 1;}.uagb-block-2bdcf70c.wp-block-uagb-image .wp-block-uagb-image--layout-overlay__inner .uagb-image-separator{width: 30%;border-top-width: 2px;border-top-color: #fff;opacity: 0;}.uagb-block-2bdcf70c.wp-block-uagb-image .wp-block-uagb-image__figure img{width: px;height: auto;}.uagb-block-2bdcf70c.wp-block-uagb-image .wp-block-uagb-image__figure:hover .wp-block-uagb-image--layout-overlay__inner .uagb-image-caption{opacity: 1;}.uagb-block-2bdcf70c.wp-block-uagb-image .wp-block-uagb-image__figure:hover .wp-block-uagb-image--layout-overlay__inner .uagb-image-separator{opacity: 1;}.uagb-block-2bdcf70c.wp-block-uagb-image--layout-default figure:hover img{box-shadow: 0px 0px 0 #00000070;}.uagb-block-2bdcf70c.wp-block-uagb-image--layout-overlay figure:hover img{box-shadow: 0px 0px 0 #00000070;}@media only screen and (max-width: 976px) {.uagb-block-2bdcf70c.wp-block-uagb-image .wp-block-uagb-image__figure img{width: px;height: auto;}}@media only screen and (max-width: 767px) {.uagb-block-2bdcf70c.wp-block-uagb-image .wp-block-uagb-image__figure img{width: px;height: auto;}}\";s:2:\"js\";s:0:\"\";s:18:\"current_block_list\";a:28:{i:0;s:10:\"core\/group\";i:2;s:24:\"core\/post-featured-image\";i:3;s:15:\"core\/post-title\";i:5;s:14:\"core\/post-date\";i:6;s:16:\"core\/post-author\";i:7;s:15:\"core\/post-terms\";i:8;s:17:\"core\/post-content\";i:9;s:14:\"core\/separator\";i:10;s:13:\"core\/comments\";i:11;s:19:\"core\/comments-title\";i:12;s:21:\"core\/comment-template\";i:15;s:11:\"core\/avatar\";i:16;s:24:\"core\/comment-author-name\";i:17;s:17:\"core\/comment-date\";i:18;s:20:\"core\/comment-content\";i:19;s:23:\"core\/comment-reply-link\";i:20;s:24:\"core\/comments-pagination\";i:21;s:33:\"core\/comments-pagination-previous\";i:22;s:32:\"core\/comments-pagination-numbers\";i:23;s:29:\"core\/comments-pagination-next\";i:24;s:23:\"core\/post-comments-form\";i:25;s:14:\"core\/tag-cloud\";i:26;s:12:\"core\/heading\";i:27;s:14:\"core\/paragraph\";i:28;s:12:\"core\/buttons\";i:29;s:11:\"core\/button\";i:30;s:10:\"uagb\/image\";i:31;s:10:\"core\/image\";}s:8:\"uag_flag\";b:1;s:11:\"uag_version\";s:10:\"1777196835\";s:6:\"gfonts\";a:0:{}s:10:\"gfonts_url\";s:0:\"\";s:12:\"gfonts_files\";a:0:{}s:14:\"uag_faq_layout\";b:0;}"]},"uagb_featured_image_src":{"full":["https:\/\/mv-sport.de\/c\/wp-content\/uploads\/2020\/12\/zwischenablage.jpg",1062,1600,false],"thumbnail":["https:\/\/mv-sport.de\/c\/wp-content\/uploads\/2020\/12\/zwischenablage-150x150.jpg",150,150,true],"medium":["https:\/\/mv-sport.de\/c\/wp-content\/uploads\/2020\/12\/zwischenablage-600x600.jpg",350,350,true],"medium_large":["https:\/\/mv-sport.de\/c\/wp-content\/uploads\/2020\/12\/zwischenablage.jpg",768,1157,false],"large":["https:\/\/mv-sport.de\/c\/wp-content\/uploads\/2020\/12\/zwischenablage-929x1400.jpg",679,1024,true],"1536x1536":["https:\/\/mv-sport.de\/c\/wp-content\/uploads\/2020\/12\/zwischenablage.jpg",1020,1536,false],"2048x2048":["https:\/\/mv-sport.de\/c\/wp-content\/uploads\/2020\/12\/zwischenablage.jpg",1062,1600,false],"ultp_layout_landscape_large":["https:\/\/mv-sport.de\/c\/wp-content\/uploads\/2020\/12\/zwischenablage.jpg",531,800,false],"ultp_layout_landscape":["https:\/\/mv-sport.de\/c\/wp-content\/uploads\/2020\/12\/zwischenablage.jpg",378,570,false],"ultp_layout_portrait":["https:\/\/mv-sport.de\/c\/wp-content\/uploads\/2020\/12\/zwischenablage.jpg",597,900,false],"ultp_layout_square":["https:\/\/mv-sport.de\/c\/wp-content\/uploads\/2020\/12\/zwischenablage.jpg",398,600,false]},"uagb_author_info":{"display_name":"Sportclub Laage e.V.","author_link":"https:\/\/mv-sport.de\/c\/author\/sportclub-laage-e-v\/"},"uagb_comment_info":0,"uagb_excerpt":"In der traditionell zum Jahresende vorgelegten Jahresbestenliste des Leichtathletik-Verbandes Mecklenburg-Vorpommern, im Stra\u00dfenlauf, erscheinen in diesem Jahr insgesamt zehn L\u00e4uferinnen und L\u00e4ufer des Sportclubs Laage. Im zur\u00fcckliegenden Kalenderjahr war der Eintrag in diese \u00dcbersicht schon etwas Besonderes. Letztendlich hatten die L\u00e4uferinnen und L\u00e4ufer, auf Grund der zahlreichen Absagen von Laufveranstaltungen, kaum die Gelegenheit starke Laufleistungen zu&hellip;","_links":{"self":[{"href":"https:\/\/mv-sport.de\/c\/wp-json\/wp\/v2\/posts\/65027","targetHints":{"allow":["GET"]}}],"collection":[{"href":"https:\/\/mv-sport.de\/c\/wp-json\/wp\/v2\/posts"}],"about":[{"href":"https:\/\/mv-sport.de\/c\/wp-json\/wp\/v2\/types\/post"}],"author":[{"embeddable":true,"href":"https:\/\/mv-sport.de\/c\/wp-json\/wp\/v2\/users\/7"}],"replies":[{"embeddable":true,"href":"https:\/\/mv-sport.de\/c\/wp-json\/wp\/v2\/comments?post=65027"}],"version-history":[{"count":0,"href":"https:\/\/mv-sport.de\/c\/wp-json\/wp\/v2\/posts\/65027\/revisions"}],"wp:featuredmedia":[{"embeddable":true,"href":"https:\/\/mv-sport.de\/c\/wp-json\/wp\/v2\/media\/65028"}],"wp:attachment":[{"href":"https:\/\/mv-sport.de\/c\/wp-json\/wp\/v2\/media?parent=65027"}],"wp:term":[{"taxonomy":"category","embeddable":true,"href":"https:\/\/mv-sport.de\/c\/wp-json\/wp\/v2\/categories?post=65027"},{"taxonomy":"post_tag","embeddable":true,"href":"https:\/\/mv-sport.de\/c\/wp-json\/wp\/v2\/tags?post=65027"},{"taxonomy":"ort","embeddable":true,"href":"https:\/\/mv-sport.de\/c\/wp-json\/wp\/v2\/ort?post=65027"}],"curies":[{"name":"wp","href":"https:\/\/api.w.org\/{rel}","templated":true}]}}