{"id":6592,"date":"2017-10-24T06:02:33","date_gmt":"2017-10-24T04:02:33","guid":{"rendered":"https:\/\/mv-sport.de\/?p=6592"},"modified":"2017-10-24T10:58:43","modified_gmt":"2017-10-24T08:58:43","slug":"olympia-sollte-sich-seiner-urspruenglichen-werte-erinnern","status":"publish","type":"post","link":"https:\/\/mv-sport.de\/c\/olympia-sollte-sich-seiner-urspruenglichen-werte-erinnern\/","title":{"rendered":"&#8222;Olympia sollte sich seiner urspr\u00fcnglichen Werte erinnern&#8230;&#8220;"},"content":{"rendered":"<h3>ZDF-Sportjournalistin Anna Kraft \u00fcber Olympia, die Sport-Angebote im TV und ihr neues Buch<\/h3>\n<figure id=\"attachment_6593\" aria-describedby=\"caption-attachment-6593\" style=\"width: 212px\" class=\"wp-caption alignright\"><a href=\"https:\/\/mv-sport.de\/wp-content\/uploads\/2017\/10\/annakraftfotocreditmaximiliansydow1.jpg\"><img loading=\"lazy\" decoding=\"async\" class=\"size-medium wp-image-6593\" src=\"https:\/\/mv-sport.de\/wp-content\/uploads\/2017\/10\/annakraftfotocreditmaximiliansydow1-212x300.jpg\" alt=\"\" width=\"212\" height=\"300\" \/><\/a><figcaption id=\"caption-attachment-6593\" class=\"wp-caption-text\">Anna Kraft, die ZDF-Sportjournalistin. Foto: Maximilian Sydow.<\/figcaption><\/figure>\n<p>Sie ist kompetent. Sie ist schnell. Und: Sie ist anmutig. Geboren wurde sie 1985, als Stabhochspringer Sergej Bubka die 6 Meter meisterte, Tennis-Ass Boris Becker Wimbledon gewann, Golfer Bernhard Langer einen historischen Sieg bei den US-Masters feierte, Eiskunstlauf-Queen Katarina Witt \u00fcber WM-Gold in Tokyo jubelte und sich &#8222;M-V&#8220; \u00fcber Ruder-Gold im Einer f\u00fcr die Greifswalderin Cornelia Linse freute&#8230;<\/p>\n<p>Gemeint ist nat\u00fcrlich Anna Kraft, Jahrgang 1985, die Sport-Journalistin, deren Stationen der WDR, Sat.1, Sky und Sport1 waren und die nun beim ZDF engagiert ist.<\/p>\n<p>Zuletzt war sie &#8222;sportlich&#8220; am Herd aktiv &#8211; bei der ZDF-Sendung &#8222;Die K\u00fcchenschlacht&#8220;. Dort wurde sie allerdings bereits &#8222;im Achtelfinale&#8220; nach umstrittener Juroren-Entscheidung aus der Challenge gekegelt &#8211; leider gibt es f\u00fcr so etwas weder Stopp-Uhr noch Zentimeter-Ma\u00df, nur der Geschmack des Juroren entscheidet (und der ist ja mitunter suboptimal).<\/p>\n<p>Aber \u00fcber Koch-K\u00fcnste l\u00e4sst sich streiten, \u00fcber Moderatorinnen-K\u00fcnste hingegen nicht und so ist Anna Kraft wieder oben auf, denn der t\u00e4gliche Sport ruft, dazu sind ja die Winterspiele in Pyeongchang schon in Sicht&#8230;<\/p>\n<p><strong>Anna Kraft \u00fcber ihre Koch-Challenge, ihr sportives Buch \u00fcber eine vermeintliche &#8222;Problemzone&#8220;, zu den Sportangeboten im TV, den gegenw\u00e4rtigen Stellenwert der Olympischen Spiele und ihren &#8222;Ausgleich&#8220; zum Sport<\/strong><\/p>\n<p><strong><em>&#8222;Olympia sollte sich seiner urspr\u00fcnglichen Werte erinnern&#8230;&#8220;<\/em><\/strong><\/p>\n<p><strong>Frage: <\/strong>Frau Kraft, eigentlich sollte es an dieser Stelle einen gro\u00dfen Gl\u00fcckwunsch zur erkochten Goldmedaille geben, aber mitunter gilt &#8222;Auch Frauen kochen nur mit Wasser&#8230;&#8220; Hadern Sie noch etwas mit dem Juroren-Urteil?<\/p>\n<p><strong>Anna Kraft:<\/strong> Ganz und gar nicht, in diesem Fall z\u00e4hlte f\u00fcr mich ausnahmsweise der olympische Gedanke. In dieser Auswahl an Spitzenhobbyk\u00f6chen mit einem Tagessieg \u00fcberhaupt das Achtelfinale erreicht zu haben, f\u00fchlte sich f\u00fcr mich an wie Olympia-Gold.<\/p>\n<p><strong>Frage: <\/strong>Zum wirklich Sportlichen&#8230; Sie waren Leichtathletin, sind jetzt Sportjournalistin. Sport bedeutet heute immer mehr: Fu\u00dfball, Fu\u00dfball, Fu\u00dfball, dann Profi-Boxen, Motor-Sport und zeitweise Wintersport (mit zumeist Biathlon und Ski-Alpin). Eigentlich gibt es mehr als 100 weit verbreitete Sportarten, aber diese finden &#8211; auch wenn medial schon Besserung vorhanden &#8211; im TV kaum statt. Wie beurteilen Sie die Sportangebote im deutschen Fernsehen? Fehlt Ihnen nicht auch eine gr\u00f6\u00dfere Vielfalt?<\/p>\n<p><strong>Anna Kraft:<\/strong> In der ZDF-Sportreportage greifen wir genau diesen Ansatz auf und versuchen, den Spitzenathleten s\u00e4mtlicher Sportarten gerecht zu werden. Aber nat\u00fcrlich richtet sich die Programmauswahl der gro\u00dfen TV-Sender am Interesse des Zuschauers aus, und das liegt nun mal in erster Linie im Fu\u00dfball. Aber ich gebe Ihnen durchaus Recht: Der Spitzensport au\u00dferhalb des Fu\u00dfballs k\u00f6nnte etwas mehr Programmfl\u00e4che vertragen.<\/p>\n<p><strong>Frage: <\/strong>Fr\u00fcher gab es zudem regelm\u00e4\u00dfige, tiefgr\u00fcndige Sportsendungen, wie den &#8222;Sportspiegel&#8220;, die sich gerade nicht an &#8222;Aufrei\u00dfer-Themen&#8220; orientierten. W\u00e4re eine Wiederbelebung nicht auch etwas f\u00fcr Sie? Wenn Sie k\u00f6nnten: Was w\u00fcrden Sie in der Sportwelt der \u00f6ffentlich-rechtlichen Sender gern ver\u00e4ndern?<\/p>\n<p><strong>Anna Kraft:<\/strong> Ich will da jetzt keine gro\u00dfe Eigenwerbung betreiben, m\u00f6chte aber dennoch auch hier die ZDF-Sportreportage herausstellen, in der wir Woche f\u00fcr Woche auf einem prominenten Sendeplatz versuchen, die Geschichte hinter der Geschichte zu beleuchten. Da gehen wir auch vermeintlich schwierigen, teilweise sportpolitischen Themen auf den Grund \u2013 wie beispielswiese dem Korruptionsskandal bei der Fifa oder Doping im Spitzensport mit all seinen Facetten. Gerade f\u00fcr diese Hintergrundberichterstattungen bekommen wir von unseren Zuschauern immer wieder sehr positive R\u00fcckmeldungen.<\/p>\n<p>Wie schon betont: F\u00fcr mich k\u00f6nnte den Randsportarten im deutschen Fernsehen eine gr\u00f6\u00dfere Fl\u00e4che einger\u00e4umt werden. Dazu br\u00e4uchte es allerdings auch die Mitarbeit und Kompromissbereitschaft der Verb\u00e4nde. Vielleicht sind die European Games im n\u00e4chsten August ein erster Schritt in diese Richtung. Ich bin gespannt, wie der Zuschauer dieses Angebot annehmen wird, weil am Ende allein der Zuschauer entscheidet, was das Fernsehen an Sport zeigt.<\/p>\n<p><strong>Frage: <\/strong>Die Olympischen bzw. Paralympischen Winterspiele 2018 sind nicht mehr weit. Ebenso die Fu\u00dfball-WM der Herren in Russland 2018 oder noch Ende des Jahres die Heim-WM der deutschen Handball-Frauen. Der Hochleistungssport wird jedoch immer kommerzieller, Olympia hat sich von seinen urspr\u00fcnglichen Idealen l\u00e4ngst entfernt. Bert Brecht meinte einst: &#8222;Leider f\u00e4ngt der gro\u00dfe Sport erst dort an, wo er aufh\u00f6rt, gesund zu sein.&#8220;. &#8211; Sie waren fr\u00fcher Leichtathletin&#8230; Was verbinden Sie pers\u00f6nlich heute mit dem &#8222;gro\u00dfen Sport&#8220;. Welchen Stellenwert haben f\u00fcr Sie &#8222;anno 2017&#8220; noch Olympische Spiele?<\/p>\n<figure id=\"attachment_6594\" aria-describedby=\"caption-attachment-6594\" style=\"width: 200px\" class=\"wp-caption alignleft\"><a href=\"https:\/\/mv-sport.de\/wp-content\/uploads\/2017\/10\/annakraftfotomaximiliansydow2.jpg\"><img loading=\"lazy\" decoding=\"async\" class=\"size-medium wp-image-6594\" src=\"https:\/\/mv-sport.de\/wp-content\/uploads\/2017\/10\/annakraftfotomaximiliansydow2-200x300.jpg\" alt=\"\" width=\"200\" height=\"300\" \/><\/a><figcaption id=\"caption-attachment-6594\" class=\"wp-caption-text\">Ganz ballsportiv &#8211; Anna Kraft. Foto: Maximilian Sydow.<\/figcaption><\/figure>\n<p><strong>Anna Kraft:<\/strong> Was bei der Diskussion um Olympische Spiele h\u00e4ufig vergessen wird, ist, dass von allen Athleten nach wie vor H\u00f6chstleistung erbracht werden. Und das erstmal unabh\u00e4ngig davon, dass mittlerweile s\u00e4mtliche Rekorde zun\u00e4chst hinterfragt werden und scheinbar s\u00e4mtliche Austragungsorte Zahlungen an fragw\u00fcrdige Kan\u00e4le leisten m\u00fcssen.<\/p>\n<p>Hier stehen alle Verantwortliche in der Pflicht zu verhindern, dass der olympische Gedanke nicht, wie punktuell schon geschehen, vom ausschlie\u00dflich wirtschaftlichen Gedanken \u00fcberholt wird. Dass sich derzeit die Bev\u00f6lkerung so vieler westlicher Nationen per Volksentscheid gegen eine Austragung Olympischer Spiele entscheidet, kommt nicht von ungef\u00e4hr. Dass sich Olympia gewissen wirtschaftlichen Interessen unterwerfen muss, ist unstrittig.<\/p>\n<p>Im Moment tut es Not, dass sich diese Veranstaltung sich ihrer urspr\u00fcnglichen Werte erinnert, denn diese sind fraglos unterst\u00fctzungsw\u00fcrdig.<\/p>\n<p><strong>Frage: <\/strong>Sie sind ja Autorin des interessanten Buches &#8222;Ein Arsch &#8211; ein Ziel: Meine Challenge&#8220;. Einige Politikerinnen und Politiker haben ihr Buch wohl falsch gelesen bzw. verstanden und kleben mit ihrem A&#8230; trotz sportiver Wahl-Niederlagen an ihren Sesseln&#8230; Wie kam es aber nun zum Buchprojekt? Eigentlich hatten Sie doch nie ein derartiges Training n\u00f6tig?<\/p>\n<p><strong>Anna Kraft:\u00a0<\/strong>Danke f\u00fcr die Blumen. Das geschah eher durch Zufall, bei meinen eigenen Workouts experimentiere ich gerne, insbesondere an meinen &#8218;Problemzonen&#8216;. Ein Verlag bekam Wind davon und \u00fcberzeugte mich von der Idee dar\u00fcber ein Buch zu machen.<\/p>\n<p><strong>Letzte Frage: <\/strong>Was ist eigentlich Ihr Ausgleich zum Sport in Theorie und Praxis? L\u00f6sen Sie zur Abwechslung Kreuzwortr\u00e4tsel?<\/p>\n<p><strong>Anna Kraft:<\/strong> Gl\u00fccklicherweise habe ich nicht das Gef\u00fchl, dass ich dazu irgendeinen Ausgleich brauche. Wenn ich mich nicht sportlich besch\u00e4ftige oder bet\u00e4tige, genie\u00dfe ich die Zeit mit meiner Family, beim Shoppen, Urlaub machen oder Faulenzen.<\/p>\n<p><strong>Vielen Dank<\/strong>, dann weiterhin f\u00fcr Sie bzw. die Familie alles erdenklich Gute und weiterhin maximale Erfolge mit bzw. ohne Sport-Mikrofon!<\/p>\n<p><em>Die Fragen stellte: M. Michels.<\/em><\/p>\n<p>&nbsp;<\/p>\n<p>&nbsp;<\/p>\n","protected":false},"excerpt":{"rendered":"<p>ZDF-Sportjournalistin Anna Kraft \u00fcber Olympia, die Sport-Angebote im TV und ihr neues Buch Sie ist kompetent. Sie ist schnell. Und: Sie ist anmutig. Geboren wurde sie 1985, als Stabhochspringer Sergej Bubka die 6 Meter meisterte, Tennis-Ass Boris Becker Wimbledon gewann, Golfer Bernhard Langer einen historischen Sieg bei den US-Masters feierte, Eiskunstlauf-Queen Katarina Witt \u00fcber WM-Gold [&hellip;]<\/p>\n","protected":false},"author":3,"featured_media":6594,"comment_status":"open","ping_status":"open","sticky":false,"template":"","format":"standard","meta":{"_seopress_robots_primary_cat":"","_seopress_titles_title":"","_seopress_titles_desc":"","_seopress_robots_index":"","_relevanssi_hide_post":"","_relevanssi_hide_content":"","_relevanssi_pin_for_all":"","_relevanssi_pin_keywords":"","_relevanssi_unpin_keywords":"","_relevanssi_related_keywords":"","_relevanssi_related_include_ids":"","_relevanssi_related_exclude_ids":"","_relevanssi_related_no_append":"","_relevanssi_related_not_related":"","_relevanssi_related_posts":"","_relevanssi_noindex_reason":"","_uag_custom_page_level_css":"","footnotes":""},"categories":[24],"tags":[],"ort":[],"class_list":{"0":"post-6592","1":"post","2":"type-post","3":"status-publish","4":"format-standard","5":"has-post-thumbnail","7":"category-sport-allgemein"},"featured_image_urls":{"medium":"https:\/\/mv-sport.de\/c\/wp-content\/uploads\/2017\/10\/annakraftfotomaximiliansydow2-406x600.jpg","medium_large":"https:\/\/mv-sport.de\/c\/wp-content\/uploads\/2017\/10\/annakraftfotomaximiliansydow2.jpg","large":"https:\/\/mv-sport.de\/c\/wp-content\/uploads\/2017\/10\/annakraftfotomaximiliansydow2.jpg","full":"https:\/\/mv-sport.de\/c\/wp-content\/uploads\/2017\/10\/annakraftfotomaximiliansydow2.jpg","alt":"","caption":"Ganz ballsportiv - Anna Kraft. Foto: Maximilian Sydow."},"spectra_custom_meta":{"uab_option":["yes"],"uab_meta_position":["default"],"xyz_smap_future_to_publish":["a:1:{s:4:\"fb-1\";a:3:{s:14:\"post_permissin\";s:1:\"0\";s:11:\"post_method\";s:1:\"2\";s:7:\"message\";s:62:\"{POST_TITLE}\r\n{POST_EXCERPT} ...\r\nMehr auf https:\/\/MV-Sport.de\";}}"],"_extra_rating_average":["0"],"_edit_lock":["1508838214:2"],"_edit_last":["2"],"_thumbnail_id":["6594"],"_et_pb_use_builder":[""],"_et_builder_version":["BB|Divi|3.0.77"],"_et_pb_old_content":[""],"_et_pb_custom_css":[""],"_yoast_wpseo_primary_category":["24"],"_post_review_box_title":["Review"],"_post_review_box_summary":[""],"_post_review_box_summary_title":["Summary"],"_post_review_box_breakdowns_score":["0"],"_post_review_box_breakdowns_count":["1"],"_post_review_box_breakdowns":["a:1:{i:0;a:2:{s:5:\"title\";s:0:\"\";s:6:\"rating\";i:0;}}"],"_extra_sidebar_location":[""],"_extra_sidebar":[""],"_post_extra_featured_image_hide_single":["1"],"post_views_count":["1078"],"xyz_fbap":["1"],"xyz_fbap_insert_og":["1"],"xyz_smap":["1"],"_et_pb_ab_stats_refresh_interval":["hourly"],"_et_pb_enable_shortcode_tracking":[""],"_extra_featured_post":["1"],"wp_schema_pro_optimized_structured_data":["<!-- Schema optimized by Schema Pro --><script type=\"application\/ld+json\">{\"@context\":\"https:\/\/schema.org\",\"@type\":\"NewsArticle\",\"mainEntityOfPage\":{\"@type\":\"WebPage\",\"@id\":\"https:\/\/mv-sport.de\/olympia-sollte-sich-seiner-urspruenglichen-werte-erinnern\/\"},\"headline\":\"\\\"Olympia sollte sich seiner urspr\u00fcnglichen Werte erinnern...\\\"\",\"image\":{\"@type\":\"ImageObject\",\"url\":\"https:\/\/mv-sport.de\/wp-content\/uploads\/2017\/10\/annakraftfotomaximiliansydow2.jpg\",\"width\":406,\"height\":608},\"datePublished\":\"2017-10-24T06:02:33\",\"dateModified\":\"2017-10-24T10:58:43\",\"author\":{\"@type\":\"Person\",\"name\":\"Marko Michels\",\"url\":\"https:\/\/mv-sport.de\/author\/marko-michels\"},\"publisher\":{\"@type\":\"Organization\",\"name\":\"MV-Sport.de - Sportvereine &amp; Sportnachrichten Mecklenburg-Vorpommern\",\"logo\":{\"@type\":\"ImageObject\",\"url\":\"https:\/\/mv-sport.de\/wp-content\/uploads\/2017\/05\/logo-mv-sport-292x60.png\"}}}<\/script><!-- \/ Schema optimized by Schema Pro -->"],"__post_views_count":["909"],"astra_style_timestamp_css":["1757156761"],"_uag_css_file_name":["uag-css-6592.css"],"_uag_page_assets":["a:9:{s:3:\"css\";s:7010:\".uagb-block-88f5875d.wp-block-uagb-image--layout-default figure img{box-shadow: 0px 0px 0 #00000070;}.uagb-block-88f5875d.wp-block-uagb-image .wp-block-uagb-image__figure figcaption{font-style: normal;align-self: center;}.uagb-block-88f5875d.wp-block-uagb-image--layout-overlay figure img{box-shadow: 0px 0px 0 #00000070;}.uagb-block-88f5875d.wp-block-uagb-image--layout-overlay .wp-block-uagb-image--layout-overlay__color-wrapper{opacity: 0.2;}.uagb-block-88f5875d.wp-block-uagb-image--layout-overlay .wp-block-uagb-image--layout-overlay__inner{left: 15px;right: 15px;top: 15px;bottom: 15px;}.uagb-block-88f5875d.wp-block-uagb-image--layout-overlay .wp-block-uagb-image--layout-overlay__inner .uagb-image-heading{font-style: normal;color: #fff;opacity: 1;}.uagb-block-88f5875d.wp-block-uagb-image--layout-overlay .wp-block-uagb-image--layout-overlay__inner .uagb-image-heading a{color: #fff;}.uagb-block-88f5875d.wp-block-uagb-image--layout-overlay .wp-block-uagb-image--layout-overlay__inner .uagb-image-caption{opacity: 0;}.uagb-block-88f5875d.wp-block-uagb-image--layout-overlay .wp-block-uagb-image__figure:hover .wp-block-uagb-image--layout-overlay__color-wrapper{opacity: 1;}.uagb-block-88f5875d.wp-block-uagb-image .wp-block-uagb-image--layout-overlay__inner .uagb-image-separator{width: 30%;border-top-width: 2px;border-top-color: #fff;opacity: 0;}.uagb-block-88f5875d.wp-block-uagb-image .wp-block-uagb-image__figure img{width: 297px;height: auto;}.uagb-block-88f5875d.wp-block-uagb-image .wp-block-uagb-image__figure:hover .wp-block-uagb-image--layout-overlay__inner .uagb-image-caption{opacity: 1;}.uagb-block-88f5875d.wp-block-uagb-image .wp-block-uagb-image__figure:hover .wp-block-uagb-image--layout-overlay__inner .uagb-image-separator{opacity: 1;}.uagb-block-88f5875d.wp-block-uagb-image--layout-default figure:hover img{box-shadow: 0px 0px 0 #00000070;}.uagb-block-88f5875d.wp-block-uagb-image--layout-overlay figure:hover img{box-shadow: 0px 0px 0 #00000070;}@media only screen and (max-width: 976px) {.uagb-block-88f5875d.wp-block-uagb-image .wp-block-uagb-image__figure img{width: 297px;height: auto;}}@media only screen and (max-width: 767px) {.uagb-block-88f5875d.wp-block-uagb-image .wp-block-uagb-image__figure img{width: 297px;height: auto;}}.uagb-block-b6c54374.wp-block-uagb-image{margin-top: 0px;margin-right: 0px;margin-bottom: 0px;margin-left: 0px;}.uagb-block-b6c54374.wp-block-uagb-image--layout-default figure img{box-shadow: 0px 0px 0 #00000070;}.uagb-block-b6c54374.wp-block-uagb-image .wp-block-uagb-image__figure figcaption{font-style: normal;align-self: center;}.uagb-block-b6c54374.wp-block-uagb-image--layout-overlay figure img{box-shadow: 0px 0px 0 #00000070;}.uagb-block-b6c54374.wp-block-uagb-image--layout-overlay .wp-block-uagb-image--layout-overlay__color-wrapper{opacity: 0.2;}.uagb-block-b6c54374.wp-block-uagb-image--layout-overlay .wp-block-uagb-image--layout-overlay__inner{left: 15px;right: 15px;top: 15px;bottom: 15px;}.uagb-block-b6c54374.wp-block-uagb-image--layout-overlay .wp-block-uagb-image--layout-overlay__inner .uagb-image-heading{font-style: normal;color: #fff;opacity: 1;}.uagb-block-b6c54374.wp-block-uagb-image--layout-overlay .wp-block-uagb-image--layout-overlay__inner .uagb-image-heading a{color: #fff;}.uagb-block-b6c54374.wp-block-uagb-image--layout-overlay .wp-block-uagb-image--layout-overlay__inner .uagb-image-caption{opacity: 0;}.uagb-block-b6c54374.wp-block-uagb-image--layout-overlay .wp-block-uagb-image__figure:hover .wp-block-uagb-image--layout-overlay__color-wrapper{opacity: 1;}.uagb-block-b6c54374.wp-block-uagb-image .wp-block-uagb-image--layout-overlay__inner .uagb-image-separator{width: 30%;border-top-width: 2px;border-top-color: #fff;opacity: 0;}.uagb-block-b6c54374.wp-block-uagb-image .wp-block-uagb-image__figure img{width: px;height: auto;}.uagb-block-b6c54374.wp-block-uagb-image .wp-block-uagb-image__figure:hover .wp-block-uagb-image--layout-overlay__inner .uagb-image-caption{opacity: 1;}.uagb-block-b6c54374.wp-block-uagb-image .wp-block-uagb-image__figure:hover .wp-block-uagb-image--layout-overlay__inner .uagb-image-separator{opacity: 1;}.uagb-block-b6c54374.wp-block-uagb-image--layout-default figure:hover img{box-shadow: 0px 0px 0 #00000070;}.uagb-block-b6c54374.wp-block-uagb-image--layout-overlay figure:hover img{box-shadow: 0px 0px 0 #00000070;}@media only screen and (max-width: 976px) {.uagb-block-b6c54374.wp-block-uagb-image .wp-block-uagb-image__figure img{width: px;height: auto;}}@media only screen and (max-width: 767px) {.uagb-block-b6c54374.wp-block-uagb-image .wp-block-uagb-image__figure img{width: px;height: auto;}}.uagb-block-2bdcf70c.wp-block-uagb-image{margin-top: 0px;margin-right: 0px;margin-bottom: 0px;margin-left: 0px;}.uagb-block-2bdcf70c.wp-block-uagb-image--layout-default figure img{box-shadow: 0px 0px 0 #00000070;}.uagb-block-2bdcf70c.wp-block-uagb-image .wp-block-uagb-image__figure figcaption{font-style: normal;align-self: center;}.uagb-block-2bdcf70c.wp-block-uagb-image--layout-overlay figure img{box-shadow: 0px 0px 0 #00000070;}.uagb-block-2bdcf70c.wp-block-uagb-image--layout-overlay .wp-block-uagb-image--layout-overlay__color-wrapper{opacity: 0.2;}.uagb-block-2bdcf70c.wp-block-uagb-image--layout-overlay .wp-block-uagb-image--layout-overlay__inner{left: 15px;right: 15px;top: 15px;bottom: 15px;}.uagb-block-2bdcf70c.wp-block-uagb-image--layout-overlay .wp-block-uagb-image--layout-overlay__inner .uagb-image-heading{font-style: normal;color: #fff;opacity: 1;}.uagb-block-2bdcf70c.wp-block-uagb-image--layout-overlay .wp-block-uagb-image--layout-overlay__inner .uagb-image-heading a{color: #fff;}.uagb-block-2bdcf70c.wp-block-uagb-image--layout-overlay .wp-block-uagb-image--layout-overlay__inner .uagb-image-caption{opacity: 0;}.uagb-block-2bdcf70c.wp-block-uagb-image--layout-overlay .wp-block-uagb-image__figure:hover .wp-block-uagb-image--layout-overlay__color-wrapper{opacity: 1;}.uagb-block-2bdcf70c.wp-block-uagb-image .wp-block-uagb-image--layout-overlay__inner .uagb-image-separator{width: 30%;border-top-width: 2px;border-top-color: #fff;opacity: 0;}.uagb-block-2bdcf70c.wp-block-uagb-image .wp-block-uagb-image__figure img{width: px;height: auto;}.uagb-block-2bdcf70c.wp-block-uagb-image .wp-block-uagb-image__figure:hover .wp-block-uagb-image--layout-overlay__inner .uagb-image-caption{opacity: 1;}.uagb-block-2bdcf70c.wp-block-uagb-image .wp-block-uagb-image__figure:hover .wp-block-uagb-image--layout-overlay__inner .uagb-image-separator{opacity: 1;}.uagb-block-2bdcf70c.wp-block-uagb-image--layout-default figure:hover img{box-shadow: 0px 0px 0 #00000070;}.uagb-block-2bdcf70c.wp-block-uagb-image--layout-overlay figure:hover img{box-shadow: 0px 0px 0 #00000070;}@media only screen and (max-width: 976px) {.uagb-block-2bdcf70c.wp-block-uagb-image .wp-block-uagb-image__figure img{width: px;height: auto;}}@media only screen and (max-width: 767px) {.uagb-block-2bdcf70c.wp-block-uagb-image .wp-block-uagb-image__figure img{width: px;height: auto;}}\";s:2:\"js\";s:0:\"\";s:18:\"current_block_list\";a:28:{i:0;s:10:\"core\/group\";i:2;s:24:\"core\/post-featured-image\";i:3;s:15:\"core\/post-title\";i:5;s:14:\"core\/post-date\";i:6;s:16:\"core\/post-author\";i:7;s:15:\"core\/post-terms\";i:8;s:17:\"core\/post-content\";i:9;s:14:\"core\/separator\";i:10;s:13:\"core\/comments\";i:11;s:19:\"core\/comments-title\";i:12;s:21:\"core\/comment-template\";i:15;s:11:\"core\/avatar\";i:16;s:24:\"core\/comment-author-name\";i:17;s:17:\"core\/comment-date\";i:18;s:20:\"core\/comment-content\";i:19;s:23:\"core\/comment-reply-link\";i:20;s:24:\"core\/comments-pagination\";i:21;s:33:\"core\/comments-pagination-previous\";i:22;s:32:\"core\/comments-pagination-numbers\";i:23;s:29:\"core\/comments-pagination-next\";i:24;s:23:\"core\/post-comments-form\";i:25;s:14:\"core\/tag-cloud\";i:26;s:12:\"core\/heading\";i:27;s:14:\"core\/paragraph\";i:28;s:12:\"core\/buttons\";i:29;s:11:\"core\/button\";i:30;s:10:\"uagb\/image\";i:31;s:10:\"core\/image\";}s:8:\"uag_flag\";b:1;s:11:\"uag_version\";s:10:\"1776879974\";s:6:\"gfonts\";a:0:{}s:10:\"gfonts_url\";s:0:\"\";s:12:\"gfonts_files\";a:0:{}s:14:\"uag_faq_layout\";b:0;}"]},"uagb_featured_image_src":{"full":["https:\/\/mv-sport.de\/c\/wp-content\/uploads\/2017\/10\/annakraftfotomaximiliansydow2.jpg",406,608,false],"thumbnail":["https:\/\/mv-sport.de\/c\/wp-content\/uploads\/2017\/10\/annakraftfotomaximiliansydow2-150x150.jpg",150,150,true],"medium":["https:\/\/mv-sport.de\/c\/wp-content\/uploads\/2017\/10\/annakraftfotomaximiliansydow2-406x600.jpg",237,350,true],"medium_large":["https:\/\/mv-sport.de\/c\/wp-content\/uploads\/2017\/10\/annakraftfotomaximiliansydow2.jpg",406,608,false],"large":["https:\/\/mv-sport.de\/c\/wp-content\/uploads\/2017\/10\/annakraftfotomaximiliansydow2.jpg",406,608,false],"1536x1536":["https:\/\/mv-sport.de\/c\/wp-content\/uploads\/2017\/10\/annakraftfotomaximiliansydow2.jpg",406,608,false],"2048x2048":["https:\/\/mv-sport.de\/c\/wp-content\/uploads\/2017\/10\/annakraftfotomaximiliansydow2.jpg",406,608,false],"ultp_layout_landscape_large":["https:\/\/mv-sport.de\/c\/wp-content\/uploads\/2017\/10\/annakraftfotomaximiliansydow2.jpg",406,608,false],"ultp_layout_landscape":["https:\/\/mv-sport.de\/c\/wp-content\/uploads\/2017\/10\/annakraftfotomaximiliansydow2.jpg",381,570,false],"ultp_layout_portrait":["https:\/\/mv-sport.de\/c\/wp-content\/uploads\/2017\/10\/annakraftfotomaximiliansydow2.jpg",406,608,false],"ultp_layout_square":["https:\/\/mv-sport.de\/c\/wp-content\/uploads\/2017\/10\/annakraftfotomaximiliansydow2.jpg",401,600,false]},"uagb_author_info":{"display_name":"Marko Michels","author_link":"https:\/\/mv-sport.de\/c\/author\/marko-michels\/"},"uagb_comment_info":0,"uagb_excerpt":"ZDF-Sportjournalistin Anna Kraft \u00fcber Olympia, die Sport-Angebote im TV und ihr neues Buch Sie ist kompetent. Sie ist schnell. Und: Sie ist anmutig. Geboren wurde sie 1985, als Stabhochspringer Sergej Bubka die 6 Meter meisterte, Tennis-Ass Boris Becker Wimbledon gewann, Golfer Bernhard Langer einen historischen Sieg bei den US-Masters feierte, Eiskunstlauf-Queen Katarina Witt \u00fcber WM-Gold&hellip;","_links":{"self":[{"href":"https:\/\/mv-sport.de\/c\/wp-json\/wp\/v2\/posts\/6592","targetHints":{"allow":["GET"]}}],"collection":[{"href":"https:\/\/mv-sport.de\/c\/wp-json\/wp\/v2\/posts"}],"about":[{"href":"https:\/\/mv-sport.de\/c\/wp-json\/wp\/v2\/types\/post"}],"author":[{"embeddable":true,"href":"https:\/\/mv-sport.de\/c\/wp-json\/wp\/v2\/users\/3"}],"replies":[{"embeddable":true,"href":"https:\/\/mv-sport.de\/c\/wp-json\/wp\/v2\/comments?post=6592"}],"version-history":[{"count":0,"href":"https:\/\/mv-sport.de\/c\/wp-json\/wp\/v2\/posts\/6592\/revisions"}],"wp:featuredmedia":[{"embeddable":true,"href":"https:\/\/mv-sport.de\/c\/wp-json\/wp\/v2\/media\/6594"}],"wp:attachment":[{"href":"https:\/\/mv-sport.de\/c\/wp-json\/wp\/v2\/media?parent=6592"}],"wp:term":[{"taxonomy":"category","embeddable":true,"href":"https:\/\/mv-sport.de\/c\/wp-json\/wp\/v2\/categories?post=6592"},{"taxonomy":"post_tag","embeddable":true,"href":"https:\/\/mv-sport.de\/c\/wp-json\/wp\/v2\/tags?post=6592"},{"taxonomy":"ort","embeddable":true,"href":"https:\/\/mv-sport.de\/c\/wp-json\/wp\/v2\/ort?post=6592"}],"curies":[{"name":"wp","href":"https:\/\/api.w.org\/{rel}","templated":true}]}}