{"id":66040,"date":"2020-12-26T17:23:51","date_gmt":"2020-12-26T16:23:51","guid":{"rendered":"https:\/\/mv-sport.de\/?p=66040"},"modified":"2021-01-07T17:08:25","modified_gmt":"2021-01-07T16:08:25","slug":"internationales-virtuelles-herbstsportfestival-laesst-laager-jubeln","status":"publish","type":"post","link":"https:\/\/mv-sport.de\/c\/internationales-virtuelles-herbstsportfestival-laesst-laager-jubeln\/","title":{"rendered":"Internationales virtuelles Herbstsportfestival l\u00e4sst Laager jubeln"},"content":{"rendered":"<p>Schon das in der Mitte des zur\u00fcckliegenden Jahres durchgef\u00fchrte Sommerferiensportfestival begeisterte alle Teilnehmerinnen und Teilnehmer. Nachdem nun das sportliche Bet\u00e4tigungsfeld erweitert wurde, durfte sich das Organisationsteam \u00fcber noch mehr Zuspruch erfreuen. Denn das Internationale virtuelle Herbstsportfestival, das durch die Bewegungs-und Gesundheitsakademie (RAZ-Szczecin) organisiert wurde, erweiterte sein Angebot nicht unerheblich, \u00a0indem es auch Radsportler in das Wettkampfgeschehen aufnahm. &#8222;Au\u00dferdem ist in der aktuellen Situation der COVID-19-Pandemie ein virtuell ausgetragener Wettkampf die einzig sichere M\u00f6glichkeit f\u00fcr leidenschaftliche Ausdauersportlerinnen und -sportler einer Wettkampfteilnahme,&#8220; &#8211; erkl\u00e4ren die polnischen Veranstalter in Vorbereitung und Auswertung der Aktion.<br \/>\nWie schon im Sommer hatten sich nicht wenige Laager Sportlerinnen und Sportler sehr offensiv mit dem Thema auseinandergesetzt und zielgerichtet ihren pers\u00f6nlichen, virtuellen Wettkampf geplant und auch durchgef\u00fchrt, so dass mehrere sehr gute Ergebnisse in den einzelnen Endabrechnungen zu verzeichnen waren. Allen voran stand der 17-j\u00e4hrige Ricardo Wendt. Er absolvierte seinen 5 Kilometer Lauf im Stadion und kann eine Siegerzeit von 16,22 Minuten vorweisen. Als Gesamtsieger \u00fcber die 10 Kilometer Distanz konnte Ole Reinholdt nach 38,54 Minuten \u00fcberzeugen. Die schnellste junge Dame auf dieser Distanz kam ebenfalls vom SC Laage. Die 15-j\u00e4hrige Lena Pommerehne beendete ihren Lauf nach 47,06 Minuten. In die Siegerliste platzierte sich zudem der 55-j\u00e4hrige Bernd J\u00e4nike. Sein 20 Kilometer Radrennen beendete der Langlaufspezialist bei besten \u00e4u\u00dferen Bedingungen nach 38,54 Minuten. Insgesamt hatten sich 459 Aktive den vier ausgeschriebenen Disziplinen erfolgreich gestellt.<\/p>\n<p>Als &#8222;Bester Verein&#8220; durfte sich der SC Laage in der Endabrechnung zudem \u00fcber eine beeindruckende Plakette freuen, die sicherlich einen w\u00fcrdigen Platz finden wird. Alle Teilnehmer wurden au\u00dferdem durch die RAZ-Szczecin mit Medaillen, Multifunktionst\u00fcchern und Shirts geehrt. \u00a0Anzumerken bleibt, dass die Ruchowa Akademia Zdrowia mit Sitz in Szczecin \/Polen einen virtuellen Wettkampf ins Leben gerufen hatte, der unter dem Motto stand \u201eKampf gegen COVIC-19 Pandemie und ihre Folgen in der Euroregion Pomerania\u201c- &#8222;Fonds f\u00fcr kleine Projekte Interreg VA Mecklenburg-Vorpommern\/Brandenburg\/Republik Polen. F\u00fcr die \u00a0Umsetzung sind der polnische Verein der polnischen Gemeinden der Euroregion Pomerania e.V. (Lead Partner) und die Kommunalgemeinschaft Europaregion Pomerania e.V. (Projektpartner) zust\u00e4ndig.<\/p>\n<p><em>SC Laage<\/em><\/p>\n<figure id=\"attachment_66041\" aria-describedby=\"caption-attachment-66041\" style=\"width: 454px\" class=\"wp-caption aligncenter\"><a href=\"https:\/\/mv-sport.de\/wp-content\/uploads\/2020\/12\/zwischenablage-1.jpg\"><img loading=\"lazy\" decoding=\"async\" class=\"size-large wp-image-66041\" src=\"https:\/\/mv-sport.de\/wp-content\/uploads\/2020\/12\/zwischenablage-1-454x1024.jpg\" alt=\"\" width=\"454\" height=\"1024\" \/><\/a><figcaption id=\"caption-attachment-66041\" class=\"wp-caption-text\">Die Fotos zeigen Laager Sportler nach ihren Wettk\u00e4mpfen und die Erinnerungsplakette. Fotos: SC Laage<\/figcaption><\/figure>\n","protected":false},"excerpt":{"rendered":"<p>Schon das in der Mitte des zur\u00fcckliegenden Jahres durchgef\u00fchrte Sommerferiensportfestival begeisterte alle Teilnehmerinnen und Teilnehmer. Nachdem nun das sportliche Bet\u00e4tigungsfeld erweitert wurde, durfte sich das Organisationsteam \u00fcber noch mehr Zuspruch erfreuen. Denn das Internationale virtuelle Herbstsportfestival, das durch die Bewegungs-und Gesundheitsakademie (RAZ-Szczecin) organisiert wurde, erweiterte sein Angebot nicht unerheblich, \u00a0indem es auch Radsportler in das [&hellip;]<\/p>\n","protected":false},"author":7,"featured_media":66041,"comment_status":"open","ping_status":"open","sticky":false,"template":"","format":"standard","meta":{"_seopress_robots_primary_cat":"none","_seopress_titles_title":"","_seopress_titles_desc":"","_seopress_robots_index":"","_relevanssi_hide_post":"","_relevanssi_hide_content":"","_relevanssi_pin_for_all":"","_relevanssi_pin_keywords":"","_relevanssi_unpin_keywords":"","_relevanssi_related_keywords":"","_relevanssi_related_include_ids":"","_relevanssi_related_exclude_ids":"","_relevanssi_related_no_append":"","_relevanssi_related_not_related":"","_relevanssi_related_posts":"","_relevanssi_noindex_reason":"","_uag_custom_page_level_css":"","footnotes":""},"categories":[47,24],"tags":[],"ort":[],"class_list":{"0":"post-66040","1":"post","2":"type-post","3":"status-publish","4":"format-standard","5":"has-post-thumbnail","7":"category-laufsport","8":"category-sport-allgemein"},"featured_image_urls":{"medium":"https:\/\/mv-sport.de\/c\/wp-content\/uploads\/2020\/12\/zwischenablage-1-600x600.jpg","medium_large":"https:\/\/mv-sport.de\/c\/wp-content\/uploads\/2020\/12\/zwischenablage-1.jpg","large":"https:\/\/mv-sport.de\/c\/wp-content\/uploads\/2020\/12\/zwischenablage-1-620x1400.jpg","full":"https:\/\/mv-sport.de\/c\/wp-content\/uploads\/2020\/12\/zwischenablage-1.jpg","alt":"","caption":"Die Fotos zeigen Laager Sportler nach ihren Wettk\u00e4mpfen und die Erinnerungsplakette. Fotos: SC Laage"},"spectra_custom_meta":{"uab_option":["yes"],"uab_meta_position":["default"],"_extra_rating_average":["0"],"_seopress_analysis_data":["a:18:{s:5:\"title\";s:142:\"Internationales virtuelles Herbstsportfestival l\u00e4sst Laager jubeln | MV-Sport.de - Sportvereine &amp; Sportnachrichten Mecklenburg-Vorpommern\";s:9:\"meta_desc\";s:461:\"Schon das in der Mitte des zur\u00fcckliegenden Jahres durchgef\u00fchrte Sommerferiensportfestival begeisterte alle Teilnehmerinnen und Teilnehmer. Nachdem nun das sportliche Bet\u00e4tigungsfeld erweitert wurde, durfte sich das Organisationsteam \u00fcber noch mehr Zuspruch erfreuen. Denn das Internationale virtuelle Herbstsportfestival, das durch die Bewegungs-und Gesundheitsakademie (RAZ-Szczecin) organisiert wurde, erweiterte sein Angebot nicht unerheblich, \u00a0indem\u2026\";s:8:\"og_title\";a:2:{s:5:\"count\";i:1;s:6:\"values\";a:1:{i:0;s:142:\"Internationales virtuelles Herbstsportfestival l\u00e4sst Laager jubeln | MV-Sport.de - Sportvereine &amp; Sportnachrichten Mecklenburg-Vorpommern\";}}s:7:\"og_desc\";a:2:{s:5:\"count\";i:1;s:6:\"values\";a:1:{i:0;s:461:\"Schon das in der Mitte des zur\u00fcckliegenden Jahres durchgef\u00fchrte Sommerferiensportfestival begeisterte alle Teilnehmerinnen und Teilnehmer. Nachdem nun das sportliche Bet\u00e4tigungsfeld erweitert wurde, durfte sich das Organisationsteam \u00fcber noch mehr Zuspruch erfreuen. Denn das Internationale virtuelle Herbstsportfestival, das durch die Bewegungs-und Gesundheitsakademie (RAZ-Szczecin) organisiert wurde, erweiterte sein Angebot nicht unerheblich, \u00a0indem\u2026\";}}s:6:\"og_img\";a:2:{s:5:\"count\";i:1;s:6:\"values\";a:1:{i:0;s:67:\"https:\/\/mv-sport.de\/wp-content\/uploads\/2020\/12\/zwischenablage-1.jpg\";}}s:6:\"og_url\";a:3:{s:5:\"count\";i:1;s:6:\"values\";a:1:{i:0;s:87:\"https:\/\/mv-sport.de\/internationales-virtuelles-herbstsportfestival-laesst-laager-jubeln\";}s:4:\"host\";s:11:\"mv-sport.de\";}s:12:\"og_site_name\";a:2:{s:5:\"count\";i:1;s:6:\"values\";a:1:{i:0;s:72:\"MV-Sport.de - Sportvereine &amp; Sportnachrichten Mecklenburg-Vorpommern\";}}s:8:\"tw_title\";a:2:{s:5:\"count\";i:1;s:6:\"values\";a:1:{i:0;s:142:\"Internationales virtuelles Herbstsportfestival l\u00e4sst Laager jubeln | MV-Sport.de - Sportvereine &amp; Sportnachrichten Mecklenburg-Vorpommern\";}}s:7:\"tw_desc\";a:2:{s:5:\"count\";i:1;s:6:\"values\";a:1:{i:0;s:461:\"Schon das in der Mitte des zur\u00fcckliegenden Jahres durchgef\u00fchrte Sommerferiensportfestival begeisterte alle Teilnehmerinnen und Teilnehmer. Nachdem nun das sportliche Bet\u00e4tigungsfeld erweitert wurde, durfte sich das Organisationsteam \u00fcber noch mehr Zuspruch erfreuen. Denn das Internationale virtuelle Herbstsportfestival, das durch die Bewegungs-und Gesundheitsakademie (RAZ-Szczecin) organisiert wurde, erweiterte sein Angebot nicht unerheblich, \u00a0indem\u2026\";}}s:6:\"tw_img\";a:2:{s:5:\"count\";i:1;s:6:\"values\";a:1:{i:0;s:76:\"https:\/\/mv-sport.de\/wp-content\/uploads\/2020\/12\/zwischenablage-1-454x1024.jpg\";}}s:9:\"canonical\";s:88:\"https:\/\/mv-sport.de\/internationales-virtuelles-herbstsportfestival-laesst-laager-jubeln\/\";s:3:\"img\";a:1:{s:6:\"images\";a:6:{i:0;s:76:\"https:\/\/mv-sport.de\/wp-content\/uploads\/2020\/12\/zwischenablage-1-454x1024.jpg\";i:1;s:59:\"https:\/\/mv-sport.de\/wp-content\/uploads\/2017\/06\/sc_laage.png\";i:2;s:89:\"https:\/\/mv-sport.de\/wp-content\/sabai\/File\/thumbnails\/c68816eac74700ad5a8f6f04dd442b01.jpg\";i:3;s:89:\"https:\/\/mv-sport.de\/wp-content\/sabai\/File\/thumbnails\/0dafa5215ec89cebb113775122357c59.jpg\";i:4;s:89:\"https:\/\/mv-sport.de\/wp-content\/sabai\/File\/thumbnails\/ee07f30d802db239324bbe9fc0103fe8.png\";i:5;s:61:\"https:\/\/mv-sport.de\/wp-content\/uploads\/2017\/05\/140x70px-3.gif\";}}s:11:\"meta_robots\";a:1:{i:0;a:1:{i:0;s:13:\"index, follow\";}}s:14:\"outbound_links\";a:9:{i:0;a:1:{s:29:\"http:\/\/www.sportclub-laage.de\";s:29:\"http:\/\/www.sportclub-laage.de\";}i:1;a:1:{s:34:\"https:\/\/www.facebook.com\/MVSportde\";s:0:\"\";}i:2;a:1:{s:37:\"https:\/\/www.instagram.com\/mv_sport.de\";s:0:\"\";}i:4;a:1:{s:28:\"http:\/\/www.elegantthemes.com\";s:14:\"Elegant Themes\";}i:5;a:1:{s:24:\"http:\/\/www.wordpress.org\";s:9:\"WordPress\";}i:6;a:1:{s:20:\"http:\/\/www.web-mv.de\";s:9:\"web-mv.de\";}i:7;a:1:{s:33:\"http:\/\/www.webdesign-schwerin.net\";s:0:\"\";}i:10;a:1:{s:34:\"https:\/\/www.facebook.com\/MVSportde\";s:13:\"\n    Like us!\";}i:11;a:1:{s:37:\"https:\/\/www.instagram.com\/mv_sport.de\";s:15:\"\n    Follow us!\";}}s:13:\"words_counter\";i:342;s:20:\"words_counter_unique\";i:232;s:4:\"json\";a:2:{i:0;s:12:\"Organization\";i:1;s:14:\"BreadcrumbList\";}s:5:\"score\";b:0;}"],"_edit_lock":["1610035649:2"],"_edit_last":["2"],"xyz_fbap_future_to_publish":["a:3:{s:18:\"post_fb_permission\";i:0;s:18:\"xyz_fbap_po_method\";s:1:\"2\";s:16:\"xyz_fbap_message\";s:17:\"{POST_EXCERPT}...\";}"],"xyz_fbap":["1"],"xyz_fbap_insert_og":["1"],"post_views_count":["289"],"_seopress_titles_title":[""],"_seopress_titles_desc":[""],"_seopress_robots_canonical":[""],"_seopress_robots_primary_cat":["none"],"_seopress_robots_breadcrumbs":[""],"_seopress_social_fb_title":[""],"_seopress_social_fb_desc":[""],"_seopress_social_fb_img":[""],"_seopress_social_twitter_title":[""],"_seopress_social_twitter_desc":[""],"_seopress_social_twitter_img":[""],"_seopress_redirections_type":["301"],"_seopress_redirections_value":[""],"_post_review_box_title":["Rezension"],"_post_review_box_summary":[""],"_post_review_box_summary_title":["Zusammenfassung"],"_post_review_box_breakdowns_score":["0"],"_post_review_box_breakdowns_count":["1"],"_post_review_box_breakdowns":["a:1:{i:0;a:2:{s:5:\"title\";s:0:\"\";s:6:\"rating\";i:0;}}"],"_extra_sidebar_location":[""],"_extra_sidebar":[""],"_thumbnail_id":["66041"],"_seopress_pro_schemas_manual":["a:1:{i:0;a:1:{s:32:\"_seopress_pro_rich_snippets_type\";s:4:\"none\";}}"],"_seopress_analysis_target_kw":[""],"wp_schema_pro_optimized_structured_data":["<!-- Schema optimized by Schema Pro --><script type=\"application\/ld+json\">{\"@context\":\"https:\/\/schema.org\",\"@type\":\"NewsArticle\",\"mainEntityOfPage\":{\"@type\":\"WebPage\",\"@id\":\"https:\/\/mv-sport.de\/internationales-virtuelles-herbstsportfestival-laesst-laager-jubeln\/\"},\"headline\":\"Internationales virtuelles Herbstsportfestival l\u00e4sst Laager jubeln\",\"image\":{\"@type\":\"ImageObject\",\"url\":\"https:\/\/mv-sport.de\/wp-content\/uploads\/2020\/12\/zwischenablage-1.jpg\",\"width\":709,\"height\":1600},\"datePublished\":\"2020-12-26T17:23:51\",\"dateModified\":\"2021-01-07T17:08:25\",\"author\":{\"@type\":\"Person\",\"name\":\"Sportclub Laage e.V.\",\"url\":\"https:\/\/mv-sport.de\/author\/sportclub-laage-e-v\"},\"publisher\":{\"@type\":\"Organization\",\"name\":\"MV-Sport.de - Sportvereine &amp; Sportnachrichten Mecklenburg-Vorpommern\",\"logo\":{\"@type\":\"ImageObject\",\"url\":\"https:\/\/mv-sport.de\/wp-content\/uploads\/2017\/05\/logo-mv-sport-292x60.png\"}}}<\/script><!-- \/ Schema optimized by Schema Pro -->"],"__post_views_count":["775"],"astra_style_timestamp_css":["1757507754"],"_uag_css_file_name":["uag-css-66040.css"],"_uag_page_assets":["a:9:{s:3:\"css\";s:7010:\".uagb-block-88f5875d.wp-block-uagb-image--layout-default figure img{box-shadow: 0px 0px 0 #00000070;}.uagb-block-88f5875d.wp-block-uagb-image .wp-block-uagb-image__figure figcaption{font-style: normal;align-self: center;}.uagb-block-88f5875d.wp-block-uagb-image--layout-overlay figure img{box-shadow: 0px 0px 0 #00000070;}.uagb-block-88f5875d.wp-block-uagb-image--layout-overlay .wp-block-uagb-image--layout-overlay__color-wrapper{opacity: 0.2;}.uagb-block-88f5875d.wp-block-uagb-image--layout-overlay .wp-block-uagb-image--layout-overlay__inner{left: 15px;right: 15px;top: 15px;bottom: 15px;}.uagb-block-88f5875d.wp-block-uagb-image--layout-overlay .wp-block-uagb-image--layout-overlay__inner .uagb-image-heading{font-style: normal;color: #fff;opacity: 1;}.uagb-block-88f5875d.wp-block-uagb-image--layout-overlay .wp-block-uagb-image--layout-overlay__inner .uagb-image-heading a{color: #fff;}.uagb-block-88f5875d.wp-block-uagb-image--layout-overlay .wp-block-uagb-image--layout-overlay__inner .uagb-image-caption{opacity: 0;}.uagb-block-88f5875d.wp-block-uagb-image--layout-overlay .wp-block-uagb-image__figure:hover .wp-block-uagb-image--layout-overlay__color-wrapper{opacity: 1;}.uagb-block-88f5875d.wp-block-uagb-image .wp-block-uagb-image--layout-overlay__inner .uagb-image-separator{width: 30%;border-top-width: 2px;border-top-color: #fff;opacity: 0;}.uagb-block-88f5875d.wp-block-uagb-image .wp-block-uagb-image__figure img{width: 297px;height: auto;}.uagb-block-88f5875d.wp-block-uagb-image .wp-block-uagb-image__figure:hover .wp-block-uagb-image--layout-overlay__inner .uagb-image-caption{opacity: 1;}.uagb-block-88f5875d.wp-block-uagb-image .wp-block-uagb-image__figure:hover .wp-block-uagb-image--layout-overlay__inner .uagb-image-separator{opacity: 1;}.uagb-block-88f5875d.wp-block-uagb-image--layout-default figure:hover img{box-shadow: 0px 0px 0 #00000070;}.uagb-block-88f5875d.wp-block-uagb-image--layout-overlay figure:hover img{box-shadow: 0px 0px 0 #00000070;}@media only screen and (max-width: 976px) {.uagb-block-88f5875d.wp-block-uagb-image .wp-block-uagb-image__figure img{width: 297px;height: auto;}}@media only screen and (max-width: 767px) {.uagb-block-88f5875d.wp-block-uagb-image .wp-block-uagb-image__figure img{width: 297px;height: auto;}}.uagb-block-b6c54374.wp-block-uagb-image{margin-top: 0px;margin-right: 0px;margin-bottom: 0px;margin-left: 0px;}.uagb-block-b6c54374.wp-block-uagb-image--layout-default figure img{box-shadow: 0px 0px 0 #00000070;}.uagb-block-b6c54374.wp-block-uagb-image .wp-block-uagb-image__figure figcaption{font-style: normal;align-self: center;}.uagb-block-b6c54374.wp-block-uagb-image--layout-overlay figure img{box-shadow: 0px 0px 0 #00000070;}.uagb-block-b6c54374.wp-block-uagb-image--layout-overlay .wp-block-uagb-image--layout-overlay__color-wrapper{opacity: 0.2;}.uagb-block-b6c54374.wp-block-uagb-image--layout-overlay .wp-block-uagb-image--layout-overlay__inner{left: 15px;right: 15px;top: 15px;bottom: 15px;}.uagb-block-b6c54374.wp-block-uagb-image--layout-overlay .wp-block-uagb-image--layout-overlay__inner .uagb-image-heading{font-style: normal;color: #fff;opacity: 1;}.uagb-block-b6c54374.wp-block-uagb-image--layout-overlay .wp-block-uagb-image--layout-overlay__inner .uagb-image-heading a{color: #fff;}.uagb-block-b6c54374.wp-block-uagb-image--layout-overlay .wp-block-uagb-image--layout-overlay__inner .uagb-image-caption{opacity: 0;}.uagb-block-b6c54374.wp-block-uagb-image--layout-overlay .wp-block-uagb-image__figure:hover .wp-block-uagb-image--layout-overlay__color-wrapper{opacity: 1;}.uagb-block-b6c54374.wp-block-uagb-image .wp-block-uagb-image--layout-overlay__inner .uagb-image-separator{width: 30%;border-top-width: 2px;border-top-color: #fff;opacity: 0;}.uagb-block-b6c54374.wp-block-uagb-image .wp-block-uagb-image__figure img{width: px;height: auto;}.uagb-block-b6c54374.wp-block-uagb-image .wp-block-uagb-image__figure:hover .wp-block-uagb-image--layout-overlay__inner .uagb-image-caption{opacity: 1;}.uagb-block-b6c54374.wp-block-uagb-image .wp-block-uagb-image__figure:hover .wp-block-uagb-image--layout-overlay__inner .uagb-image-separator{opacity: 1;}.uagb-block-b6c54374.wp-block-uagb-image--layout-default figure:hover img{box-shadow: 0px 0px 0 #00000070;}.uagb-block-b6c54374.wp-block-uagb-image--layout-overlay figure:hover img{box-shadow: 0px 0px 0 #00000070;}@media only screen and (max-width: 976px) {.uagb-block-b6c54374.wp-block-uagb-image .wp-block-uagb-image__figure img{width: px;height: auto;}}@media only screen and (max-width: 767px) {.uagb-block-b6c54374.wp-block-uagb-image .wp-block-uagb-image__figure img{width: px;height: auto;}}.uagb-block-2bdcf70c.wp-block-uagb-image{margin-top: 0px;margin-right: 0px;margin-bottom: 0px;margin-left: 0px;}.uagb-block-2bdcf70c.wp-block-uagb-image--layout-default figure img{box-shadow: 0px 0px 0 #00000070;}.uagb-block-2bdcf70c.wp-block-uagb-image .wp-block-uagb-image__figure figcaption{font-style: normal;align-self: center;}.uagb-block-2bdcf70c.wp-block-uagb-image--layout-overlay figure img{box-shadow: 0px 0px 0 #00000070;}.uagb-block-2bdcf70c.wp-block-uagb-image--layout-overlay .wp-block-uagb-image--layout-overlay__color-wrapper{opacity: 0.2;}.uagb-block-2bdcf70c.wp-block-uagb-image--layout-overlay .wp-block-uagb-image--layout-overlay__inner{left: 15px;right: 15px;top: 15px;bottom: 15px;}.uagb-block-2bdcf70c.wp-block-uagb-image--layout-overlay .wp-block-uagb-image--layout-overlay__inner .uagb-image-heading{font-style: normal;color: #fff;opacity: 1;}.uagb-block-2bdcf70c.wp-block-uagb-image--layout-overlay .wp-block-uagb-image--layout-overlay__inner .uagb-image-heading a{color: #fff;}.uagb-block-2bdcf70c.wp-block-uagb-image--layout-overlay .wp-block-uagb-image--layout-overlay__inner .uagb-image-caption{opacity: 0;}.uagb-block-2bdcf70c.wp-block-uagb-image--layout-overlay .wp-block-uagb-image__figure:hover .wp-block-uagb-image--layout-overlay__color-wrapper{opacity: 1;}.uagb-block-2bdcf70c.wp-block-uagb-image .wp-block-uagb-image--layout-overlay__inner .uagb-image-separator{width: 30%;border-top-width: 2px;border-top-color: #fff;opacity: 0;}.uagb-block-2bdcf70c.wp-block-uagb-image .wp-block-uagb-image__figure img{width: px;height: auto;}.uagb-block-2bdcf70c.wp-block-uagb-image .wp-block-uagb-image__figure:hover .wp-block-uagb-image--layout-overlay__inner .uagb-image-caption{opacity: 1;}.uagb-block-2bdcf70c.wp-block-uagb-image .wp-block-uagb-image__figure:hover .wp-block-uagb-image--layout-overlay__inner .uagb-image-separator{opacity: 1;}.uagb-block-2bdcf70c.wp-block-uagb-image--layout-default figure:hover img{box-shadow: 0px 0px 0 #00000070;}.uagb-block-2bdcf70c.wp-block-uagb-image--layout-overlay figure:hover img{box-shadow: 0px 0px 0 #00000070;}@media only screen and (max-width: 976px) {.uagb-block-2bdcf70c.wp-block-uagb-image .wp-block-uagb-image__figure img{width: px;height: auto;}}@media only screen and (max-width: 767px) {.uagb-block-2bdcf70c.wp-block-uagb-image .wp-block-uagb-image__figure img{width: px;height: auto;}}\";s:2:\"js\";s:0:\"\";s:18:\"current_block_list\";a:28:{i:0;s:10:\"core\/group\";i:2;s:24:\"core\/post-featured-image\";i:3;s:15:\"core\/post-title\";i:5;s:14:\"core\/post-date\";i:6;s:16:\"core\/post-author\";i:7;s:15:\"core\/post-terms\";i:8;s:17:\"core\/post-content\";i:9;s:14:\"core\/separator\";i:10;s:13:\"core\/comments\";i:11;s:19:\"core\/comments-title\";i:12;s:21:\"core\/comment-template\";i:15;s:11:\"core\/avatar\";i:16;s:24:\"core\/comment-author-name\";i:17;s:17:\"core\/comment-date\";i:18;s:20:\"core\/comment-content\";i:19;s:23:\"core\/comment-reply-link\";i:20;s:24:\"core\/comments-pagination\";i:21;s:33:\"core\/comments-pagination-previous\";i:22;s:32:\"core\/comments-pagination-numbers\";i:23;s:29:\"core\/comments-pagination-next\";i:24;s:23:\"core\/post-comments-form\";i:25;s:14:\"core\/tag-cloud\";i:26;s:12:\"core\/heading\";i:27;s:14:\"core\/paragraph\";i:28;s:12:\"core\/buttons\";i:29;s:11:\"core\/button\";i:30;s:10:\"uagb\/image\";i:31;s:10:\"core\/image\";}s:8:\"uag_flag\";b:1;s:11:\"uag_version\";s:10:\"1777196835\";s:6:\"gfonts\";a:0:{}s:10:\"gfonts_url\";s:0:\"\";s:12:\"gfonts_files\";a:0:{}s:14:\"uag_faq_layout\";b:0;}"]},"uagb_featured_image_src":{"full":["https:\/\/mv-sport.de\/c\/wp-content\/uploads\/2020\/12\/zwischenablage-1.jpg",709,1600,false],"thumbnail":["https:\/\/mv-sport.de\/c\/wp-content\/uploads\/2020\/12\/zwischenablage-1-150x150.jpg",150,150,true],"medium":["https:\/\/mv-sport.de\/c\/wp-content\/uploads\/2020\/12\/zwischenablage-1-600x600.jpg",350,350,true],"medium_large":["https:\/\/mv-sport.de\/c\/wp-content\/uploads\/2020\/12\/zwischenablage-1.jpg",709,1600,false],"large":["https:\/\/mv-sport.de\/c\/wp-content\/uploads\/2020\/12\/zwischenablage-1-620x1400.jpg",453,1024,true],"1536x1536":["https:\/\/mv-sport.de\/c\/wp-content\/uploads\/2020\/12\/zwischenablage-1.jpg",681,1536,false],"2048x2048":["https:\/\/mv-sport.de\/c\/wp-content\/uploads\/2020\/12\/zwischenablage-1.jpg",709,1600,false],"ultp_layout_landscape_large":["https:\/\/mv-sport.de\/c\/wp-content\/uploads\/2020\/12\/zwischenablage-1.jpg",355,800,false],"ultp_layout_landscape":["https:\/\/mv-sport.de\/c\/wp-content\/uploads\/2020\/12\/zwischenablage-1.jpg",253,570,false],"ultp_layout_portrait":["https:\/\/mv-sport.de\/c\/wp-content\/uploads\/2020\/12\/zwischenablage-1.jpg",399,900,false],"ultp_layout_square":["https:\/\/mv-sport.de\/c\/wp-content\/uploads\/2020\/12\/zwischenablage-1.jpg",266,600,false]},"uagb_author_info":{"display_name":"Sportclub Laage e.V.","author_link":"https:\/\/mv-sport.de\/c\/author\/sportclub-laage-e-v\/"},"uagb_comment_info":0,"uagb_excerpt":"Schon das in der Mitte des zur\u00fcckliegenden Jahres durchgef\u00fchrte Sommerferiensportfestival begeisterte alle Teilnehmerinnen und Teilnehmer. Nachdem nun das sportliche Bet\u00e4tigungsfeld erweitert wurde, durfte sich das Organisationsteam \u00fcber noch mehr Zuspruch erfreuen. Denn das Internationale virtuelle Herbstsportfestival, das durch die Bewegungs-und Gesundheitsakademie (RAZ-Szczecin) organisiert wurde, erweiterte sein Angebot nicht unerheblich, \u00a0indem es auch Radsportler in das&hellip;","_links":{"self":[{"href":"https:\/\/mv-sport.de\/c\/wp-json\/wp\/v2\/posts\/66040","targetHints":{"allow":["GET"]}}],"collection":[{"href":"https:\/\/mv-sport.de\/c\/wp-json\/wp\/v2\/posts"}],"about":[{"href":"https:\/\/mv-sport.de\/c\/wp-json\/wp\/v2\/types\/post"}],"author":[{"embeddable":true,"href":"https:\/\/mv-sport.de\/c\/wp-json\/wp\/v2\/users\/7"}],"replies":[{"embeddable":true,"href":"https:\/\/mv-sport.de\/c\/wp-json\/wp\/v2\/comments?post=66040"}],"version-history":[{"count":0,"href":"https:\/\/mv-sport.de\/c\/wp-json\/wp\/v2\/posts\/66040\/revisions"}],"wp:featuredmedia":[{"embeddable":true,"href":"https:\/\/mv-sport.de\/c\/wp-json\/wp\/v2\/media\/66041"}],"wp:attachment":[{"href":"https:\/\/mv-sport.de\/c\/wp-json\/wp\/v2\/media?parent=66040"}],"wp:term":[{"taxonomy":"category","embeddable":true,"href":"https:\/\/mv-sport.de\/c\/wp-json\/wp\/v2\/categories?post=66040"},{"taxonomy":"post_tag","embeddable":true,"href":"https:\/\/mv-sport.de\/c\/wp-json\/wp\/v2\/tags?post=66040"},{"taxonomy":"ort","embeddable":true,"href":"https:\/\/mv-sport.de\/c\/wp-json\/wp\/v2\/ort?post=66040"}],"curies":[{"name":"wp","href":"https:\/\/api.w.org\/{rel}","templated":true}]}}