{"id":67147,"date":"2021-01-14T19:18:03","date_gmt":"2021-01-14T18:18:03","guid":{"rendered":"https:\/\/mv-sport.de\/?p=67147"},"modified":"2021-01-14T19:18:03","modified_gmt":"2021-01-14T18:18:03","slug":"kurs-gesteckt-und-frischluft-von-achtern","status":"publish","type":"post","link":"https:\/\/mv-sport.de\/c\/kurs-gesteckt-und-frischluft-von-achtern\/","title":{"rendered":"Kurs gesteckt und Frischluft von Achtern"},"content":{"rendered":"<p><strong>Eine aufmunternde und optimistisch stimmende Nachricht: Am Sonnabend, den 31. Juli 2021 findet die 19. hella marathon nacht rostock statt.<\/strong><\/p>\n<p>Alle Laufstrecken besitzen etwas Einzigartiges: Der Marathonlauf startet zur besten Tageszeit um 18 Uhr vor dem Rostocker Rathaus und f\u00fchrt durch den Stadthafen und den Nordosten der Stadt in Richtung IGA-Park und zur\u00fcck. Bevor es in den Park geht, wird der Warnowtunnel durchquert. Dies geschieht unter dem Beifall der Halbmarathonis, die an der Mautstelle des Tunnels auf ihren Start um 19.55 Uhr warten. Auch beim Halbmarathon muss der Warnowtunnel zweimal durchlaufen werden. Den \u201eemotionalen\u201c H\u00f6hepunkt erleben die Halbmarathonis aber auf dem Weg zum Startort. Mit Schiffen der Wei\u00dfen Flotte geht es \u00fcber die Warnow gut gelaunt in Richtung Startort. Bevor es f\u00fcr die Marathonl\u00e4ufer los geht, haben die Sch\u00fcler ihre 1800-Meter-Runde durch die Innenstadt bereits absolviert. F\u00fcr die Marathonl\u00e4ufer von morgen geht es nicht vordergr\u00fcndig um Platz eins, zwei oder drei \u2013 die Teilnahme ist wichtig. Und am Ende bittet Karsten Sch\u00f6lermann s\u00e4mtliche M\u00e4dchen und Jungen auf die B\u00fchne zur Siegerehrung.<\/p>\n<figure id=\"attachment_34182\" aria-describedby=\"caption-attachment-34182\" style=\"width: 1000px\" class=\"wp-caption alignnone\"><img loading=\"lazy\" decoding=\"async\" class=\"size-full wp-image-34182\" src=\"https:\/\/mv-sport.de\/wp-content\/uploads\/2019\/08\/start_rostock-marathon_c_bms_olaf-jenjahn.jpg\" alt=\"\" width=\"1000\" height=\"667\" \/><figcaption id=\"caption-attachment-34182\" class=\"wp-caption-text\">Start der 17. hella marathon nacht rostock 2019 | <span style=\"color: #999999;\">Foto: BMS\/ Olaf Jenjahn<\/span><\/figcaption><\/figure>\n<p>P\u00fcnktlich um 19.07 Uhr gehen die Teilnehmer der Rostocker 7 auf die Strecke. Der Lauf, der zum f\u00fcnften Mal im Rahmen der hella marathon nacht rostock stattfindet, erfreut sich einer immer gr\u00f6\u00dfer werdenden Beliebtheit. Die L\u00e4uferinnen und L\u00e4ufer genie\u00dfen hier die Atmosph\u00e4re, in der Rostocker City zu laufen. Gleiches gilt f\u00fcr die Marathonstaffeln, die wieder durch die Innenstadt laufen werden.<\/p>\n<p>Der Veranstalter, BMS Laufgesellschaft aus Hamburg, hat f\u00fcr seine Laufveranstaltungen ein Konzept erarbeitet, damit alle Laufveranstaltungen durchgef\u00fchrt werden k\u00f6nnen. Aus diesem Grunde wurde eine \u201eLaufampel\u201c erstellt. \u201eDa wir im Vorhinein nicht wissen, unter welchen Bedingungen ein Lauf stattfinden kann, haben wir uns f\u00fcr eine Anmeldeform entschieden, die f\u00fcr alle F\u00e4lle gilt. Konkret bedeutet dies, dass je nach Verordnungs- und Gesetzeslage eine von vier aufgef\u00fchrten Veranstaltungsformen umgesetzt wird, um eine Absage zu vermeiden\u201c, sagt Karsten Sch\u00f6lermann, Chef-Organisator der Rostocker Veranstaltung. Gr\u00fcn steht dabei f\u00fcr eine bedingungslose Durchf\u00fchrung des Events, Gelb f\u00fcr einen Lauf mit erh\u00f6hten Hygiene- und Abstandsregeln. Stufe Orangs steht f\u00fcr eine Veranstaltung, bei der u.a. eine station\u00e4re Zeitmessung zum Einsatz kommt, die Teilnehmer ihren Lauf aber zu flexibelen Startzeiten absolvieren k\u00f6nnen. In der Laufstufe Rot wird die Veranstaltung zwar nicht stattfinden, jeder Teilnehmer ist aber f\u00fcr sich unterwegs und tr\u00e4gt sein Ergebnis in digitaler Form in die Ergebnisliste ein. \u201eWir laufen jedenfalls weiter und freuen uns \u00fcber jeden, der uns auf diesem Weg begleitet\u201c, mein Sch\u00f6lermann.<\/p>\n<p><strong><em>Anmeldungen f\u00fcr alle Strecken k\u00f6nnen unter www.rostocker-marathon-nacht.com vorgenommen werden.<\/em><\/strong><\/p>\n<p><span style=\"color: #999999;\"><em>Quelle: BMS<\/em><\/span><\/p>\n","protected":false},"excerpt":{"rendered":"<p>Eine aufmunternde und optimistisch stimmende Nachricht: Am Sonnabend, den 31. Juli 2021 findet die 19. hella marathon nacht rostock statt. Alle Laufstrecken besitzen etwas Einzigartiges: Der Marathonlauf startet zur besten Tageszeit um 18 Uhr vor dem Rostocker Rathaus und f\u00fchrt durch den Stadthafen und den Nordosten der Stadt in Richtung IGA-Park und zur\u00fcck. Bevor es [&hellip;]<\/p>\n","protected":false},"author":2,"featured_media":34182,"comment_status":"open","ping_status":"open","sticky":false,"template":"","format":"standard","meta":{"_seopress_robots_primary_cat":"none","_seopress_titles_title":"19. hella marathon nacht rostock findet statt","_seopress_titles_desc":"Kurs gesteckt und Frischluft von Achtern: Am Sonnabend, den 31. Juli 2021 startet der Marathonlauf zur besten Tageszeit um 18 Uhr vor dem Rostocker Rathaus und f\u00fchrt durch den Stadthafen und den Nordosten der Stadt in Richtung IGA-Park und zur\u00fcck.","_seopress_robots_index":"","_relevanssi_hide_post":"","_relevanssi_hide_content":"","_relevanssi_pin_for_all":"","_relevanssi_pin_keywords":"","_relevanssi_unpin_keywords":"","_relevanssi_related_keywords":"","_relevanssi_related_include_ids":"","_relevanssi_related_exclude_ids":"","_relevanssi_related_no_append":"","_relevanssi_related_not_related":"","_relevanssi_related_posts":"","_relevanssi_noindex_reason":"","_uag_custom_page_level_css":"","footnotes":""},"categories":[47],"tags":[],"ort":[],"class_list":{"0":"post-67147","1":"post","2":"type-post","3":"status-publish","4":"format-standard","5":"has-post-thumbnail","7":"category-laufsport"},"featured_image_urls":{"medium":"https:\/\/mv-sport.de\/c\/wp-content\/uploads\/2019\/08\/start_rostock-marathon_c_bms_olaf-jenjahn-600x600.jpg","medium_large":"https:\/\/mv-sport.de\/c\/wp-content\/uploads\/2019\/08\/start_rostock-marathon_c_bms_olaf-jenjahn.jpg","large":"https:\/\/mv-sport.de\/c\/wp-content\/uploads\/2019\/08\/start_rostock-marathon_c_bms_olaf-jenjahn.jpg","full":"https:\/\/mv-sport.de\/c\/wp-content\/uploads\/2019\/08\/start_rostock-marathon_c_bms_olaf-jenjahn.jpg","alt":"","caption":"Start der 17. hella marathon nacht rostock 2019 | Foto: BMS\/ Olaf Jenjahn"},"spectra_custom_meta":{"uab_option":["yes"],"uab_meta_position":["default"],"_extra_rating_average":["0"],"_seopress_analysis_data":["a:18:{s:5:\"title\";s:45:\"19. hella marathon nacht rostock findet statt\";s:9:\"meta_desc\";s:249:\"Kurs gesteckt und Frischluft von Achtern: Am Sonnabend, den 31. Juli 2021 startet der Marathonlauf zur besten Tageszeit um 18 Uhr vor dem Rostocker Rathaus und f\u00fchrt durch den Stadthafen und den Nordosten der Stadt in Richtung IGA-Park und zur\u00fcck.\";s:8:\"og_title\";a:2:{s:5:\"count\";i:1;s:6:\"values\";a:1:{i:0;s:45:\"19. hella marathon nacht rostock findet statt\";}}s:7:\"og_desc\";a:2:{s:5:\"count\";i:1;s:6:\"values\";a:1:{i:0;s:249:\"Kurs gesteckt und Frischluft von Achtern: Am Sonnabend, den 31. Juli 2021 startet der Marathonlauf zur besten Tageszeit um 18 Uhr vor dem Rostocker Rathaus und f\u00fchrt durch den Stadthafen und den Nordosten der Stadt in Richtung IGA-Park und zur\u00fcck.\";}}s:6:\"og_img\";a:2:{s:5:\"count\";i:1;s:6:\"values\";a:1:{i:0;s:92:\"https:\/\/mv-sport.de\/wp-content\/uploads\/2019\/08\/start_rostock-marathon_c_bms_olaf-jenjahn.jpg\";}}s:6:\"og_url\";a:3:{s:5:\"count\";i:1;s:6:\"values\";a:1:{i:0;s:60:\"https:\/\/mv-sport.de\/kurs-gesteckt-und-frischluft-von-achtern\";}s:4:\"host\";s:11:\"mv-sport.de\";}s:12:\"og_site_name\";a:2:{s:5:\"count\";i:1;s:6:\"values\";a:1:{i:0;s:72:\"MV-Sport.de - Sportvereine &amp; Sportnachrichten Mecklenburg-Vorpommern\";}}s:8:\"tw_title\";a:2:{s:5:\"count\";i:1;s:6:\"values\";a:1:{i:0;s:45:\"19. hella marathon nacht rostock findet statt\";}}s:7:\"tw_desc\";a:2:{s:5:\"count\";i:1;s:6:\"values\";a:1:{i:0;s:249:\"Kurs gesteckt und Frischluft von Achtern: Am Sonnabend, den 31. Juli 2021 startet der Marathonlauf zur besten Tageszeit um 18 Uhr vor dem Rostocker Rathaus und f\u00fchrt durch den Stadthafen und den Nordosten der Stadt in Richtung IGA-Park und zur\u00fcck.\";}}s:6:\"tw_img\";a:2:{s:5:\"count\";i:1;s:6:\"values\";a:1:{i:0;s:92:\"https:\/\/mv-sport.de\/wp-content\/uploads\/2019\/08\/start_rostock-marathon_c_bms_olaf-jenjahn.jpg\";}}s:9:\"canonical\";s:61:\"https:\/\/mv-sport.de\/kurs-gesteckt-und-frischluft-von-achtern\/\";s:3:\"img\";a:1:{s:6:\"images\";a:6:{i:0;s:92:\"https:\/\/mv-sport.de\/wp-content\/uploads\/2019\/08\/start_rostock-marathon_c_bms_olaf-jenjahn.jpg\";i:1;s:68:\"https:\/\/mv-sport.de\/wp-content\/uploads\/2017\/06\/logo_autor_profil.png\";i:2;s:77:\"https:\/\/mv-sport.de\/wp-content\/plugins\/sabai\/assets\/images\/no_image_small.png\";i:3;s:89:\"https:\/\/mv-sport.de\/wp-content\/sabai\/File\/thumbnails\/c68816eac74700ad5a8f6f04dd442b01.jpg\";i:4;s:77:\"https:\/\/mv-sport.de\/wp-content\/plugins\/sabai\/assets\/images\/no_image_small.png\";i:5;s:61:\"https:\/\/mv-sport.de\/wp-content\/uploads\/2017\/05\/140x70px-3.gif\";}}s:11:\"meta_robots\";a:1:{i:0;a:1:{i:0;s:13:\"index, follow\";}}s:14:\"outbound_links\";a:8:{i:0;a:1:{s:34:\"https:\/\/www.facebook.com\/MVSportde\";s:0:\"\";}i:1;a:1:{s:37:\"https:\/\/www.instagram.com\/mv_sport.de\";s:0:\"\";}i:3;a:1:{s:28:\"http:\/\/www.elegantthemes.com\";s:14:\"Elegant Themes\";}i:4;a:1:{s:24:\"http:\/\/www.wordpress.org\";s:9:\"WordPress\";}i:5;a:1:{s:20:\"http:\/\/www.web-mv.de\";s:9:\"web-mv.de\";}i:6;a:1:{s:33:\"http:\/\/www.webdesign-schwerin.net\";s:0:\"\";}i:9;a:1:{s:34:\"https:\/\/www.facebook.com\/MVSportde\";s:13:\"\n    Like us!\";}i:10;a:1:{s:37:\"https:\/\/www.instagram.com\/mv_sport.de\";s:15:\"\n    Follow us!\";}}s:13:\"words_counter\";i:414;s:20:\"words_counter_unique\";i:255;s:4:\"json\";a:2:{i:0;s:12:\"Organization\";i:1;s:14:\"BreadcrumbList\";}s:5:\"score\";b:0;}"],"_edit_lock":["1610648245:2"],"_edit_last":["2"],"xyz_fbap_future_to_publish":["a:3:{s:18:\"post_fb_permission\";i:1;s:18:\"xyz_fbap_po_method\";s:1:\"2\";s:16:\"xyz_fbap_message\";s:17:\"{POST_EXCERPT}...\";}"],"_seopress_pro_schemas_manual":["a:1:{i:0;a:1:{s:32:\"_seopress_pro_rich_snippets_type\";s:4:\"none\";}}"],"_seopress_titles_title":["19. hella marathon nacht rostock findet statt"],"_seopress_titles_desc":["Kurs gesteckt und Frischluft von Achtern: Am Sonnabend, den 31. Juli 2021 startet der Marathonlauf zur besten Tageszeit um 18 Uhr vor dem Rostocker Rathaus und f\u00fchrt durch den Stadthafen und den Nordosten der Stadt in Richtung IGA-Park und zur\u00fcck."],"_seopress_robots_canonical":[""],"_seopress_robots_primary_cat":["none"],"_seopress_robots_breadcrumbs":[""],"_seopress_social_fb_title":[""],"_seopress_social_fb_desc":[""],"_seopress_social_fb_img":[""],"_seopress_social_twitter_title":[""],"_seopress_social_twitter_desc":[""],"_seopress_social_twitter_img":[""],"_seopress_redirections_type":["301"],"_seopress_redirections_value":[""],"_post_review_box_title":["Rezension"],"_post_review_box_summary":[""],"_post_review_box_summary_title":["Zusammenfassung"],"_post_review_box_breakdowns_score":["0"],"_post_review_box_breakdowns_count":["1"],"_post_review_box_breakdowns":["a:1:{i:0;a:2:{s:5:\"title\";s:0:\"\";s:6:\"rating\";i:0;}}"],"_extra_sidebar_location":[""],"_extra_sidebar":[""],"post_views_count":["362"],"_thumbnail_id":["34182"],"xyz_fbap":["1"],"xyz_fbap_insert_og":["1"],"_seopress_analysis_target_kw":[""],"wp_schema_pro_optimized_structured_data":["<!-- Schema optimized by Schema Pro --><script type=\"application\/ld+json\">{\"@context\":\"https:\/\/schema.org\",\"@type\":\"NewsArticle\",\"mainEntityOfPage\":{\"@type\":\"WebPage\",\"@id\":\"https:\/\/mv-sport.de\/kurs-gesteckt-und-frischluft-von-achtern\/\"},\"headline\":\"Kurs gesteckt und Frischluft von Achtern\",\"image\":{\"@type\":\"ImageObject\",\"url\":\"https:\/\/mv-sport.de\/wp-content\/uploads\/2019\/08\/start_rostock-marathon_c_bms_olaf-jenjahn.jpg\",\"width\":1000,\"height\":667},\"datePublished\":\"2021-01-14T19:18:03\",\"dateModified\":\"2021-01-14T19:18:03\",\"author\":{\"@type\":\"Person\",\"name\":\"MV-Sport.de\",\"url\":\"https:\/\/mv-sport.de\/author\/mv-sport-de\"},\"publisher\":{\"@type\":\"Organization\",\"name\":\"MV-Sport.de - Sportvereine &amp; Sportnachrichten Mecklenburg-Vorpommern\",\"logo\":{\"@type\":\"ImageObject\",\"url\":\"https:\/\/mv-sport.de\/wp-content\/uploads\/2017\/05\/logo-mv-sport-292x60.png\"}}}<\/script><!-- \/ Schema optimized by Schema Pro -->"],"__post_views_count":["12108"],"astra_style_timestamp_css":["1757515457"],"_uag_css_file_name":["uag-css-67147.css"],"_uag_page_assets":["a:9:{s:3:\"css\";s:7010:\".uagb-block-88f5875d.wp-block-uagb-image--layout-default figure img{box-shadow: 0px 0px 0 #00000070;}.uagb-block-88f5875d.wp-block-uagb-image .wp-block-uagb-image__figure figcaption{font-style: normal;align-self: center;}.uagb-block-88f5875d.wp-block-uagb-image--layout-overlay figure img{box-shadow: 0px 0px 0 #00000070;}.uagb-block-88f5875d.wp-block-uagb-image--layout-overlay .wp-block-uagb-image--layout-overlay__color-wrapper{opacity: 0.2;}.uagb-block-88f5875d.wp-block-uagb-image--layout-overlay .wp-block-uagb-image--layout-overlay__inner{left: 15px;right: 15px;top: 15px;bottom: 15px;}.uagb-block-88f5875d.wp-block-uagb-image--layout-overlay .wp-block-uagb-image--layout-overlay__inner .uagb-image-heading{font-style: normal;color: #fff;opacity: 1;}.uagb-block-88f5875d.wp-block-uagb-image--layout-overlay .wp-block-uagb-image--layout-overlay__inner .uagb-image-heading a{color: #fff;}.uagb-block-88f5875d.wp-block-uagb-image--layout-overlay .wp-block-uagb-image--layout-overlay__inner .uagb-image-caption{opacity: 0;}.uagb-block-88f5875d.wp-block-uagb-image--layout-overlay .wp-block-uagb-image__figure:hover .wp-block-uagb-image--layout-overlay__color-wrapper{opacity: 1;}.uagb-block-88f5875d.wp-block-uagb-image .wp-block-uagb-image--layout-overlay__inner .uagb-image-separator{width: 30%;border-top-width: 2px;border-top-color: #fff;opacity: 0;}.uagb-block-88f5875d.wp-block-uagb-image .wp-block-uagb-image__figure img{width: 297px;height: auto;}.uagb-block-88f5875d.wp-block-uagb-image .wp-block-uagb-image__figure:hover .wp-block-uagb-image--layout-overlay__inner .uagb-image-caption{opacity: 1;}.uagb-block-88f5875d.wp-block-uagb-image .wp-block-uagb-image__figure:hover .wp-block-uagb-image--layout-overlay__inner .uagb-image-separator{opacity: 1;}.uagb-block-88f5875d.wp-block-uagb-image--layout-default figure:hover img{box-shadow: 0px 0px 0 #00000070;}.uagb-block-88f5875d.wp-block-uagb-image--layout-overlay figure:hover img{box-shadow: 0px 0px 0 #00000070;}@media only screen and (max-width: 976px) {.uagb-block-88f5875d.wp-block-uagb-image .wp-block-uagb-image__figure img{width: 297px;height: auto;}}@media only screen and (max-width: 767px) {.uagb-block-88f5875d.wp-block-uagb-image .wp-block-uagb-image__figure img{width: 297px;height: auto;}}.uagb-block-b6c54374.wp-block-uagb-image{margin-top: 0px;margin-right: 0px;margin-bottom: 0px;margin-left: 0px;}.uagb-block-b6c54374.wp-block-uagb-image--layout-default figure img{box-shadow: 0px 0px 0 #00000070;}.uagb-block-b6c54374.wp-block-uagb-image .wp-block-uagb-image__figure figcaption{font-style: normal;align-self: center;}.uagb-block-b6c54374.wp-block-uagb-image--layout-overlay figure img{box-shadow: 0px 0px 0 #00000070;}.uagb-block-b6c54374.wp-block-uagb-image--layout-overlay .wp-block-uagb-image--layout-overlay__color-wrapper{opacity: 0.2;}.uagb-block-b6c54374.wp-block-uagb-image--layout-overlay .wp-block-uagb-image--layout-overlay__inner{left: 15px;right: 15px;top: 15px;bottom: 15px;}.uagb-block-b6c54374.wp-block-uagb-image--layout-overlay .wp-block-uagb-image--layout-overlay__inner .uagb-image-heading{font-style: normal;color: #fff;opacity: 1;}.uagb-block-b6c54374.wp-block-uagb-image--layout-overlay .wp-block-uagb-image--layout-overlay__inner .uagb-image-heading a{color: #fff;}.uagb-block-b6c54374.wp-block-uagb-image--layout-overlay .wp-block-uagb-image--layout-overlay__inner .uagb-image-caption{opacity: 0;}.uagb-block-b6c54374.wp-block-uagb-image--layout-overlay .wp-block-uagb-image__figure:hover .wp-block-uagb-image--layout-overlay__color-wrapper{opacity: 1;}.uagb-block-b6c54374.wp-block-uagb-image .wp-block-uagb-image--layout-overlay__inner .uagb-image-separator{width: 30%;border-top-width: 2px;border-top-color: #fff;opacity: 0;}.uagb-block-b6c54374.wp-block-uagb-image .wp-block-uagb-image__figure img{width: px;height: auto;}.uagb-block-b6c54374.wp-block-uagb-image .wp-block-uagb-image__figure:hover .wp-block-uagb-image--layout-overlay__inner .uagb-image-caption{opacity: 1;}.uagb-block-b6c54374.wp-block-uagb-image .wp-block-uagb-image__figure:hover .wp-block-uagb-image--layout-overlay__inner .uagb-image-separator{opacity: 1;}.uagb-block-b6c54374.wp-block-uagb-image--layout-default figure:hover img{box-shadow: 0px 0px 0 #00000070;}.uagb-block-b6c54374.wp-block-uagb-image--layout-overlay figure:hover img{box-shadow: 0px 0px 0 #00000070;}@media only screen and (max-width: 976px) {.uagb-block-b6c54374.wp-block-uagb-image .wp-block-uagb-image__figure img{width: px;height: auto;}}@media only screen and (max-width: 767px) {.uagb-block-b6c54374.wp-block-uagb-image .wp-block-uagb-image__figure img{width: px;height: auto;}}.uagb-block-2bdcf70c.wp-block-uagb-image{margin-top: 0px;margin-right: 0px;margin-bottom: 0px;margin-left: 0px;}.uagb-block-2bdcf70c.wp-block-uagb-image--layout-default figure img{box-shadow: 0px 0px 0 #00000070;}.uagb-block-2bdcf70c.wp-block-uagb-image .wp-block-uagb-image__figure figcaption{font-style: normal;align-self: center;}.uagb-block-2bdcf70c.wp-block-uagb-image--layout-overlay figure img{box-shadow: 0px 0px 0 #00000070;}.uagb-block-2bdcf70c.wp-block-uagb-image--layout-overlay .wp-block-uagb-image--layout-overlay__color-wrapper{opacity: 0.2;}.uagb-block-2bdcf70c.wp-block-uagb-image--layout-overlay .wp-block-uagb-image--layout-overlay__inner{left: 15px;right: 15px;top: 15px;bottom: 15px;}.uagb-block-2bdcf70c.wp-block-uagb-image--layout-overlay .wp-block-uagb-image--layout-overlay__inner .uagb-image-heading{font-style: normal;color: #fff;opacity: 1;}.uagb-block-2bdcf70c.wp-block-uagb-image--layout-overlay .wp-block-uagb-image--layout-overlay__inner .uagb-image-heading a{color: #fff;}.uagb-block-2bdcf70c.wp-block-uagb-image--layout-overlay .wp-block-uagb-image--layout-overlay__inner .uagb-image-caption{opacity: 0;}.uagb-block-2bdcf70c.wp-block-uagb-image--layout-overlay .wp-block-uagb-image__figure:hover .wp-block-uagb-image--layout-overlay__color-wrapper{opacity: 1;}.uagb-block-2bdcf70c.wp-block-uagb-image .wp-block-uagb-image--layout-overlay__inner .uagb-image-separator{width: 30%;border-top-width: 2px;border-top-color: #fff;opacity: 0;}.uagb-block-2bdcf70c.wp-block-uagb-image .wp-block-uagb-image__figure img{width: px;height: auto;}.uagb-block-2bdcf70c.wp-block-uagb-image .wp-block-uagb-image__figure:hover .wp-block-uagb-image--layout-overlay__inner .uagb-image-caption{opacity: 1;}.uagb-block-2bdcf70c.wp-block-uagb-image .wp-block-uagb-image__figure:hover .wp-block-uagb-image--layout-overlay__inner .uagb-image-separator{opacity: 1;}.uagb-block-2bdcf70c.wp-block-uagb-image--layout-default figure:hover img{box-shadow: 0px 0px 0 #00000070;}.uagb-block-2bdcf70c.wp-block-uagb-image--layout-overlay figure:hover img{box-shadow: 0px 0px 0 #00000070;}@media only screen and (max-width: 976px) {.uagb-block-2bdcf70c.wp-block-uagb-image .wp-block-uagb-image__figure img{width: px;height: auto;}}@media only screen and (max-width: 767px) {.uagb-block-2bdcf70c.wp-block-uagb-image .wp-block-uagb-image__figure img{width: px;height: auto;}}\";s:2:\"js\";s:0:\"\";s:18:\"current_block_list\";a:28:{i:0;s:10:\"core\/group\";i:2;s:24:\"core\/post-featured-image\";i:3;s:15:\"core\/post-title\";i:5;s:14:\"core\/post-date\";i:6;s:16:\"core\/post-author\";i:7;s:15:\"core\/post-terms\";i:8;s:17:\"core\/post-content\";i:9;s:14:\"core\/separator\";i:10;s:13:\"core\/comments\";i:11;s:19:\"core\/comments-title\";i:12;s:21:\"core\/comment-template\";i:15;s:11:\"core\/avatar\";i:16;s:24:\"core\/comment-author-name\";i:17;s:17:\"core\/comment-date\";i:18;s:20:\"core\/comment-content\";i:19;s:23:\"core\/comment-reply-link\";i:20;s:24:\"core\/comments-pagination\";i:21;s:33:\"core\/comments-pagination-previous\";i:22;s:32:\"core\/comments-pagination-numbers\";i:23;s:29:\"core\/comments-pagination-next\";i:24;s:23:\"core\/post-comments-form\";i:25;s:14:\"core\/tag-cloud\";i:26;s:12:\"core\/heading\";i:27;s:14:\"core\/paragraph\";i:28;s:12:\"core\/buttons\";i:29;s:11:\"core\/button\";i:30;s:10:\"uagb\/image\";i:31;s:10:\"core\/image\";}s:8:\"uag_flag\";b:1;s:11:\"uag_version\";s:10:\"1777289644\";s:6:\"gfonts\";a:0:{}s:10:\"gfonts_url\";s:0:\"\";s:12:\"gfonts_files\";a:0:{}s:14:\"uag_faq_layout\";b:0;}"]},"uagb_featured_image_src":{"full":["https:\/\/mv-sport.de\/c\/wp-content\/uploads\/2019\/08\/start_rostock-marathon_c_bms_olaf-jenjahn.jpg",1000,667,false],"thumbnail":["https:\/\/mv-sport.de\/c\/wp-content\/uploads\/2019\/08\/start_rostock-marathon_c_bms_olaf-jenjahn-150x150.jpg",150,150,true],"medium":["https:\/\/mv-sport.de\/c\/wp-content\/uploads\/2019\/08\/start_rostock-marathon_c_bms_olaf-jenjahn-600x600.jpg",350,350,true],"medium_large":["https:\/\/mv-sport.de\/c\/wp-content\/uploads\/2019\/08\/start_rostock-marathon_c_bms_olaf-jenjahn.jpg",768,512,false],"large":["https:\/\/mv-sport.de\/c\/wp-content\/uploads\/2019\/08\/start_rostock-marathon_c_bms_olaf-jenjahn.jpg",1000,667,false],"1536x1536":["https:\/\/mv-sport.de\/c\/wp-content\/uploads\/2019\/08\/start_rostock-marathon_c_bms_olaf-jenjahn.jpg",1000,667,false],"2048x2048":["https:\/\/mv-sport.de\/c\/wp-content\/uploads\/2019\/08\/start_rostock-marathon_c_bms_olaf-jenjahn.jpg",1000,667,false],"ultp_layout_landscape_large":["https:\/\/mv-sport.de\/c\/wp-content\/uploads\/2019\/08\/start_rostock-marathon_c_bms_olaf-jenjahn.jpg",1000,667,false],"ultp_layout_landscape":["https:\/\/mv-sport.de\/c\/wp-content\/uploads\/2019\/08\/start_rostock-marathon_c_bms_olaf-jenjahn.jpg",855,570,false],"ultp_layout_portrait":["https:\/\/mv-sport.de\/c\/wp-content\/uploads\/2019\/08\/start_rostock-marathon_c_bms_olaf-jenjahn.jpg",600,400,false],"ultp_layout_square":["https:\/\/mv-sport.de\/c\/wp-content\/uploads\/2019\/08\/start_rostock-marathon_c_bms_olaf-jenjahn.jpg",600,400,false]},"uagb_author_info":{"display_name":"MV-Sport.de","author_link":"https:\/\/mv-sport.de\/c\/author\/mv-sport-de\/"},"uagb_comment_info":0,"uagb_excerpt":"Eine aufmunternde und optimistisch stimmende Nachricht: Am Sonnabend, den 31. Juli 2021 findet die 19. hella marathon nacht rostock statt. Alle Laufstrecken besitzen etwas Einzigartiges: Der Marathonlauf startet zur besten Tageszeit um 18 Uhr vor dem Rostocker Rathaus und f\u00fchrt durch den Stadthafen und den Nordosten der Stadt in Richtung IGA-Park und zur\u00fcck. Bevor es&hellip;","_links":{"self":[{"href":"https:\/\/mv-sport.de\/c\/wp-json\/wp\/v2\/posts\/67147","targetHints":{"allow":["GET"]}}],"collection":[{"href":"https:\/\/mv-sport.de\/c\/wp-json\/wp\/v2\/posts"}],"about":[{"href":"https:\/\/mv-sport.de\/c\/wp-json\/wp\/v2\/types\/post"}],"author":[{"embeddable":true,"href":"https:\/\/mv-sport.de\/c\/wp-json\/wp\/v2\/users\/2"}],"replies":[{"embeddable":true,"href":"https:\/\/mv-sport.de\/c\/wp-json\/wp\/v2\/comments?post=67147"}],"version-history":[{"count":0,"href":"https:\/\/mv-sport.de\/c\/wp-json\/wp\/v2\/posts\/67147\/revisions"}],"wp:featuredmedia":[{"embeddable":true,"href":"https:\/\/mv-sport.de\/c\/wp-json\/wp\/v2\/media\/34182"}],"wp:attachment":[{"href":"https:\/\/mv-sport.de\/c\/wp-json\/wp\/v2\/media?parent=67147"}],"wp:term":[{"taxonomy":"category","embeddable":true,"href":"https:\/\/mv-sport.de\/c\/wp-json\/wp\/v2\/categories?post=67147"},{"taxonomy":"post_tag","embeddable":true,"href":"https:\/\/mv-sport.de\/c\/wp-json\/wp\/v2\/tags?post=67147"},{"taxonomy":"ort","embeddable":true,"href":"https:\/\/mv-sport.de\/c\/wp-json\/wp\/v2\/ort?post=67147"}],"curies":[{"name":"wp","href":"https:\/\/api.w.org\/{rel}","templated":true}]}}