{"id":69562,"date":"2021-03-01T10:49:41","date_gmt":"2021-03-01T09:49:41","guid":{"rendered":"https:\/\/mv-sport.de\/?p=69562"},"modified":"2021-03-04T18:21:55","modified_gmt":"2021-03-04T17:21:55","slug":"als-laage-in-der-hoechsten-liga-kickte-was-fuer-eine-geile-zeit","status":"publish","type":"post","link":"https:\/\/mv-sport.de\/c\/als-laage-in-der-hoechsten-liga-kickte-was-fuer-eine-geile-zeit\/","title":{"rendered":"Als Laage in der h\u00f6chsten Liga kickte &#8211; was f\u00fcr eine geile Zeit"},"content":{"rendered":"<p style=\"margin-bottom: 9.75pt;\"><a href=\"https:\/\/mv-sport.de\/wp-content\/uploads\/2021\/03\/fsv-07.jpg\"><img loading=\"lazy\" decoding=\"async\" class=\"alignleft wp-image-69563 size-medium\" src=\"https:\/\/mv-sport.de\/wp-content\/uploads\/2021\/03\/fsv-07-196x350.jpg\" alt=\"\" width=\"196\" height=\"350\" \/><\/a>Dem Fu\u00dfballfachmann ist bekannt, dass die Verbandsliga Mecklenburg-Vorpommern die h\u00f6chstklassige Fu\u00dfball-Liga auf dem Gebiet des Landesfu\u00dfballverbandes Mecklenburg-Vorpommern ist. Als Verbandsliga bildet sie eine der sechsth\u00f6chsten Spielklassen im deutschen Ligen-System. Der Verbandsligameister steigt direkt in die Oberliga Nordost auf. Gegr\u00fcndet wurde die Verbandsliga Mecklenburg-Vorpommern mit Beginn der Saison 1991\/92 als Landesliga Mecklenburg-Vorpommern. In dieser h\u00f6chsten Liga Mecklenburg-Vorpommerns mischten auch die Kicker aus Laage, vor 30 Jahren, richtig gut mit.<br \/>\nMit einem Blick zur\u00fcck darf man mit Stolz feststellen, dass die Stadt Laage die kleinste im Feld der 16 Teilnehmerst\u00e4dte war. Immerhin fanden sich in dieser Liga Mannschaften aus Neubrandenburg, Schwerin, Stralsund, Wismar und Malchow wieder. Fu\u00dfballfans in und um Laage k\u00f6nnen sich bestimmt noch gut daran erinnern, wie der ehemalige FSV Laage 07 in dieser Landesliga Mecklenburg-Vorpommern k\u00e4mpfte und spielte.<\/p>\n<p>Tolle Fu\u00dfballfeste hat es gegeben, absolute Aufreger und sportliche Schlachten auf der altehrw\u00fcrdigen Recknitzkampfbahn. Das Nichtantreten der Neubrandenburger und die unverst\u00e4ndliche Entscheidung des Sportgerichtes, das Spiel neu anzusetzen, l\u00f6ste seinerzeit eine riesige Diskussion auf Fu\u00dfballpl\u00e4tzen und an Biertheken aus. Aber auch der Ausw\u00e4rtssieg bei TSV Gr\u00fcn Weiss Rostock wird einigen noch in Erinnerung sein. Genau wie der 5:0 Sieg beim Schweriner SC, am vorletzten Spieltag. \u00a0An diesem Tag schrieben sich die Recknitzst\u00e4dter mit dem verbundenen Klassenerhalt in die, wenn auch kleinen sportlichen Geschichtsb\u00fccher. Und selbstverst\u00e4ndlich werden sich einige erinnern, dass durch verletzungs-und arbeitsbedingte Ausf\u00e4lle und Unsportlichkeiten sogar das Abstiegsgespenst an der Recknitzkampfbahn lauerte. Aber w\u00e4hrend der gesamten Saison 1991\/92 stand das Team von \u00dcbungsleiter J\u00fcrgen Sch\u00fclke nie auf einem Abstiegsplatz.<\/p>\n<p>Mit 21:39 Punkten und 45:74 Toren konnten die Kicker aus der kleinen Recknitzstadt am Ende den 12. Tabellenplatz erk\u00e4mpfen und selbstbewusst den Klassenerhalt feiern. Und mit dem Slogan, den ein Schlagerbarde schmettern w\u00fcrde: \u201eWas f\u00fcr eine geile Zeit.\u201c, genossen die Aktiven dieses ganz besondere Gef\u00fchl. Heute sind einige der damals aktiven Kicker u.a. beim Laager SV 03, beim Sportclub Laage und beim SV Warnem\u00fcnde\/Handball ehrenamtlich aktiv.<br \/>\nZur\u00fcckblickend bleibt zu erw\u00e4hnen, dass die Liga seit der Spielzeit 1995\/96 Verbandsliga Mecklenburg-Vorpommern hei\u00dft, w\u00e4hrend die Landesliga im Folgenden nur noch als Unterbau der Verbandsliga diente. Seit Beginn der Spielzeit 2009\/10 wird unterhalb der Verbandsliga in drei Landesliga Staffeln gespielt, die sich in die Bereiche Nord, West und Ost aufteilen. Seit 2017\/18 wurde das Ligasystem in Mecklenburg-Vorpommern aufgrund sinkender Vereinszahlen umgestellt und die Landesliga ist nur noch in zwei Staffeln vertreten.<\/p>\n<p><span style=\"color: #999999;\"><em>eddw<\/em><\/span><br \/>\n<i><u><br \/>\nFolgende Spieler absolvierten die Landesliga Saison 1991\/92:<\/u><br \/>\nKlaus Nehls, Andreas Knoch, Thorsten P\u00fcgge, Adolf Steinberg, R\u00fcdiger Wulf, Ren\u00e9 Ackermann, Torsten Diebenkorn, Detlef Harm, Daniel Peters, Frank Sebastian, Nils Fr\u00f6mel, Klaus-Dieter Gr\u00e4fe, Andreas Pieper, Henry Pingel, Torsten Kleindorff, Andr\u00e9 Stache, Marcel Hoffmann, Alfons Steinberg, Matthias Barkowski.<\/i><\/p>\n","protected":false},"excerpt":{"rendered":"<p>Dem Fu\u00dfballfachmann ist bekannt, dass die Verbandsliga Mecklenburg-Vorpommern die h\u00f6chstklassige Fu\u00dfball-Liga auf dem Gebiet des Landesfu\u00dfballverbandes Mecklenburg-Vorpommern ist. Als Verbandsliga bildet sie eine der sechsth\u00f6chsten Spielklassen im deutschen Ligen-System. Der Verbandsligameister steigt direkt in die Oberliga Nordost auf. Gegr\u00fcndet wurde die Verbandsliga Mecklenburg-Vorpommern mit Beginn der Saison 1991\/92 als Landesliga Mecklenburg-Vorpommern. In dieser h\u00f6chsten Liga [&hellip;]<\/p>\n","protected":false},"author":7,"featured_media":69563,"comment_status":"open","ping_status":"open","sticky":false,"template":"","format":"standard","meta":{"_seopress_robots_primary_cat":"none","_seopress_titles_title":"","_seopress_titles_desc":"","_seopress_robots_index":"","_relevanssi_hide_post":"","_relevanssi_hide_content":"","_relevanssi_pin_for_all":"","_relevanssi_pin_keywords":"","_relevanssi_unpin_keywords":"","_relevanssi_related_keywords":"","_relevanssi_related_include_ids":"","_relevanssi_related_exclude_ids":"","_relevanssi_related_no_append":"","_relevanssi_related_not_related":"","_relevanssi_related_posts":"","_relevanssi_noindex_reason":"","_uag_custom_page_level_css":"","footnotes":""},"categories":[4,24],"tags":[],"ort":[],"class_list":{"0":"post-69562","1":"post","2":"type-post","3":"status-publish","4":"format-standard","5":"has-post-thumbnail","7":"category-fussball","8":"category-sport-allgemein"},"featured_image_urls":{"medium":"https:\/\/mv-sport.de\/c\/wp-content\/uploads\/2021\/03\/fsv-07-600x600.jpg","medium_large":"https:\/\/mv-sport.de\/c\/wp-content\/uploads\/2021\/03\/fsv-07.jpg","large":"https:\/\/mv-sport.de\/c\/wp-content\/uploads\/2021\/03\/fsv-07-785x1400.jpg","full":"https:\/\/mv-sport.de\/c\/wp-content\/uploads\/2021\/03\/fsv-07.jpg","alt":"","caption":""},"spectra_custom_meta":{"uab_option":["yes"],"uab_meta_position":["default"],"_extra_rating_average":["0"],"_seopress_analysis_data":["a:19:{s:5:\"title\";s:140:\"Als Laage in der h\u00f6chsten Liga kickte - was f\u00fcr eine geile Zeit | MV-Sport.de - Sportvereine &amp; Sportnachrichten Mecklenburg-Vorpommern\";s:9:\"meta_desc\";s:448:\"Dem Fu\u00dfballfachmann ist bekannt, dass die Verbandsliga Mecklenburg-Vorpommern die h\u00f6chstklassige Fu\u00dfball-Liga auf dem Gebiet des Landesfu\u00dfballverbandes Mecklenburg-Vorpommern ist. Als Verbandsliga bildet sie eine der sechsth\u00f6chsten Spielklassen im deutschen Ligen-System. Der Verbandsligameister steigt direkt in die Oberliga Nordost auf. Gegr\u00fcndet wurde die Verbandsliga Mecklenburg-Vorpommern mit Beginn der Saison 1991\/92 als Landesliga\u2026\";s:8:\"og_title\";a:2:{s:5:\"count\";i:1;s:6:\"values\";a:1:{i:0;s:140:\"Als Laage in der h\u00f6chsten Liga kickte - was f\u00fcr eine geile Zeit | MV-Sport.de - Sportvereine &amp; Sportnachrichten Mecklenburg-Vorpommern\";}}s:7:\"og_desc\";a:2:{s:5:\"count\";i:1;s:6:\"values\";a:1:{i:0;s:448:\"Dem Fu\u00dfballfachmann ist bekannt, dass die Verbandsliga Mecklenburg-Vorpommern die h\u00f6chstklassige Fu\u00dfball-Liga auf dem Gebiet des Landesfu\u00dfballverbandes Mecklenburg-Vorpommern ist. Als Verbandsliga bildet sie eine der sechsth\u00f6chsten Spielklassen im deutschen Ligen-System. Der Verbandsligameister steigt direkt in die Oberliga Nordost auf. Gegr\u00fcndet wurde die Verbandsliga Mecklenburg-Vorpommern mit Beginn der Saison 1991\/92 als Landesliga\u2026\";}}s:6:\"og_img\";a:2:{s:5:\"count\";i:1;s:6:\"values\";a:1:{i:0;s:57:\"https:\/\/mv-sport.de\/wp-content\/uploads\/2021\/03\/fsv-07.jpg\";}}s:6:\"og_url\";a:3:{s:5:\"count\";i:1;s:6:\"values\";a:1:{i:0;s:83:\"https:\/\/mv-sport.de\/als-laage-in-der-hoechsten-liga-kickte-was-fuer-eine-geile-zeit\";}s:4:\"host\";s:11:\"mv-sport.de\";}s:12:\"og_site_name\";a:2:{s:5:\"count\";i:1;s:6:\"values\";a:1:{i:0;s:72:\"MV-Sport.de - Sportvereine &amp; Sportnachrichten Mecklenburg-Vorpommern\";}}s:8:\"tw_title\";a:2:{s:5:\"count\";i:1;s:6:\"values\";a:1:{i:0;s:140:\"Als Laage in der h\u00f6chsten Liga kickte - was f\u00fcr eine geile Zeit | MV-Sport.de - Sportvereine &amp; Sportnachrichten Mecklenburg-Vorpommern\";}}s:7:\"tw_desc\";a:2:{s:5:\"count\";i:1;s:6:\"values\";a:1:{i:0;s:448:\"Dem Fu\u00dfballfachmann ist bekannt, dass die Verbandsliga Mecklenburg-Vorpommern die h\u00f6chstklassige Fu\u00dfball-Liga auf dem Gebiet des Landesfu\u00dfballverbandes Mecklenburg-Vorpommern ist. Als Verbandsliga bildet sie eine der sechsth\u00f6chsten Spielklassen im deutschen Ligen-System. Der Verbandsligameister steigt direkt in die Oberliga Nordost auf. Gegr\u00fcndet wurde die Verbandsliga Mecklenburg-Vorpommern mit Beginn der Saison 1991\/92 als Landesliga\u2026\";}}s:6:\"tw_img\";a:2:{s:5:\"count\";i:1;s:6:\"values\";a:1:{i:0;s:66:\"https:\/\/mv-sport.de\/wp-content\/uploads\/2021\/03\/fsv-07-574x1024.jpg\";}}s:9:\"canonical\";s:84:\"https:\/\/mv-sport.de\/als-laage-in-der-hoechsten-liga-kickte-was-fuer-eine-geile-zeit\/\";s:13:\"all_canonical\";a:1:{i:0;s:84:\"https:\/\/mv-sport.de\/als-laage-in-der-hoechsten-liga-kickte-was-fuer-eine-geile-zeit\/\";}s:3:\"img\";a:1:{s:6:\"images\";a:6:{i:0;s:65:\"https:\/\/mv-sport.de\/wp-content\/uploads\/2021\/03\/fsv-07-196x350.jpg\";i:1;s:59:\"https:\/\/mv-sport.de\/wp-content\/uploads\/2017\/06\/sc_laage.png\";i:2;s:89:\"https:\/\/mv-sport.de\/wp-content\/sabai\/File\/thumbnails\/cd65cb89dd0a531cc525e34d895aa363.jpg\";i:3;s:77:\"https:\/\/mv-sport.de\/wp-content\/plugins\/sabai\/assets\/images\/no_image_small.png\";i:4;s:89:\"https:\/\/mv-sport.de\/wp-content\/sabai\/File\/thumbnails\/3602340a3f70f8cc1117dd9c79bf57d8.jpg\";i:5;s:61:\"https:\/\/mv-sport.de\/wp-content\/uploads\/2017\/05\/140x70px-3.gif\";}}s:11:\"meta_robots\";a:1:{i:0;a:1:{i:0;s:13:\"index, follow\";}}s:14:\"outbound_links\";a:9:{i:0;a:1:{s:29:\"http:\/\/www.sportclub-laage.de\";s:29:\"http:\/\/www.sportclub-laage.de\";}i:1;a:1:{s:34:\"https:\/\/www.facebook.com\/MVSportde\";s:0:\"\";}i:2;a:1:{s:37:\"https:\/\/www.instagram.com\/mv_sport.de\";s:0:\"\";}i:4;a:1:{s:28:\"http:\/\/www.elegantthemes.com\";s:14:\"Elegant Themes\";}i:5;a:1:{s:24:\"http:\/\/www.wordpress.org\";s:9:\"WordPress\";}i:6;a:1:{s:20:\"http:\/\/www.web-mv.de\";s:9:\"web-mv.de\";}i:7;a:1:{s:33:\"http:\/\/www.webdesign-schwerin.net\";s:0:\"\";}i:8;a:1:{s:34:\"https:\/\/www.facebook.com\/MVSportde\";s:13:\"\n    Like us!\";}i:9;a:1:{s:37:\"https:\/\/www.instagram.com\/mv_sport.de\";s:15:\"\n    Follow us!\";}}s:13:\"words_counter\";i:420;s:20:\"words_counter_unique\";i:274;s:4:\"json\";a:2:{i:0;s:12:\"Organization\";i:1;s:14:\"BreadcrumbList\";}s:5:\"score\";b:0;}"],"_edit_lock":["1614878519:2"],"_edit_last":["2"],"_thumbnail_id":["69563"],"xyz_fbap_future_to_publish":["a:3:{s:18:\"post_fb_permission\";i:0;s:18:\"xyz_fbap_po_method\";s:1:\"2\";s:16:\"xyz_fbap_message\";s:17:\"{POST_EXCERPT}...\";}"],"xyz_fbap":["1"],"xyz_fbap_insert_og":["1"],"post_views_count":["339"],"_seopress_titles_title":[""],"_seopress_titles_desc":[""],"_seopress_robots_canonical":[""],"_seopress_robots_primary_cat":["none"],"_seopress_robots_breadcrumbs":[""],"_seopress_social_fb_title":[""],"_seopress_social_fb_desc":[""],"_seopress_social_fb_img":[""],"_seopress_social_twitter_title":[""],"_seopress_social_twitter_desc":[""],"_seopress_social_twitter_img":[""],"_seopress_redirections_type":["301"],"_seopress_redirections_value":[""],"_post_review_box_title":["Rezension"],"_post_review_box_summary":[""],"_post_review_box_summary_title":["Zusammenfassung"],"_post_review_box_breakdowns_score":["0"],"_post_review_box_breakdowns_count":["1"],"_post_review_box_breakdowns":["a:1:{i:0;a:2:{s:5:\"title\";s:0:\"\";s:6:\"rating\";i:0;}}"],"_extra_sidebar_location":[""],"_extra_sidebar":[""],"_seopress_pro_schemas_manual":["a:1:{i:0;a:1:{s:32:\"_seopress_pro_rich_snippets_type\";s:4:\"none\";}}"],"_seopress_analysis_target_kw":[""],"wp_schema_pro_optimized_structured_data":["<!-- Schema optimized by Schema Pro --><script type=\"application\/ld+json\">{\"@context\":\"https:\/\/schema.org\",\"@type\":\"NewsArticle\",\"mainEntityOfPage\":{\"@type\":\"WebPage\",\"@id\":\"https:\/\/mv-sport.de\/als-laage-in-der-hoechsten-liga-kickte-was-fuer-eine-geile-zeit\/\"},\"headline\":\"Als Laage in der h\u00f6chsten Liga kickte - was f\u00fcr eine geile Zeit\",\"image\":{\"@type\":\"ImageObject\",\"url\":\"https:\/\/mv-sport.de\/wp-content\/uploads\/2021\/03\/fsv-07.jpg\",\"width\":897,\"height\":1600},\"datePublished\":\"2021-03-01T10:49:41\",\"dateModified\":\"2021-03-04T18:21:55\",\"author\":{\"@type\":\"Person\",\"name\":\"Sportclub Laage e.V.\",\"url\":\"https:\/\/mv-sport.de\/author\/sportclub-laage-e-v\"},\"publisher\":{\"@type\":\"Organization\",\"name\":\"MV-Sport.de - Sportvereine &amp; Sportnachrichten Mecklenburg-Vorpommern\",\"logo\":{\"@type\":\"ImageObject\",\"url\":\"https:\/\/mv-sport.de\/wp-content\/uploads\/2017\/05\/logo-mv-sport-292x60.png\"}}}<\/script><!-- \/ Schema optimized by Schema Pro -->"],"__post_views_count":["1026"],"astra_style_timestamp_css":["1757516116"],"_uag_css_file_name":["uag-css-69562.css"],"_uag_page_assets":["a:9:{s:3:\"css\";s:7010:\".uagb-block-88f5875d.wp-block-uagb-image--layout-default figure img{box-shadow: 0px 0px 0 #00000070;}.uagb-block-88f5875d.wp-block-uagb-image .wp-block-uagb-image__figure figcaption{font-style: normal;align-self: center;}.uagb-block-88f5875d.wp-block-uagb-image--layout-overlay figure img{box-shadow: 0px 0px 0 #00000070;}.uagb-block-88f5875d.wp-block-uagb-image--layout-overlay .wp-block-uagb-image--layout-overlay__color-wrapper{opacity: 0.2;}.uagb-block-88f5875d.wp-block-uagb-image--layout-overlay .wp-block-uagb-image--layout-overlay__inner{left: 15px;right: 15px;top: 15px;bottom: 15px;}.uagb-block-88f5875d.wp-block-uagb-image--layout-overlay .wp-block-uagb-image--layout-overlay__inner .uagb-image-heading{font-style: normal;color: #fff;opacity: 1;}.uagb-block-88f5875d.wp-block-uagb-image--layout-overlay .wp-block-uagb-image--layout-overlay__inner .uagb-image-heading a{color: #fff;}.uagb-block-88f5875d.wp-block-uagb-image--layout-overlay .wp-block-uagb-image--layout-overlay__inner .uagb-image-caption{opacity: 0;}.uagb-block-88f5875d.wp-block-uagb-image--layout-overlay .wp-block-uagb-image__figure:hover .wp-block-uagb-image--layout-overlay__color-wrapper{opacity: 1;}.uagb-block-88f5875d.wp-block-uagb-image .wp-block-uagb-image--layout-overlay__inner .uagb-image-separator{width: 30%;border-top-width: 2px;border-top-color: #fff;opacity: 0;}.uagb-block-88f5875d.wp-block-uagb-image .wp-block-uagb-image__figure img{width: 297px;height: auto;}.uagb-block-88f5875d.wp-block-uagb-image .wp-block-uagb-image__figure:hover .wp-block-uagb-image--layout-overlay__inner .uagb-image-caption{opacity: 1;}.uagb-block-88f5875d.wp-block-uagb-image .wp-block-uagb-image__figure:hover .wp-block-uagb-image--layout-overlay__inner .uagb-image-separator{opacity: 1;}.uagb-block-88f5875d.wp-block-uagb-image--layout-default figure:hover img{box-shadow: 0px 0px 0 #00000070;}.uagb-block-88f5875d.wp-block-uagb-image--layout-overlay figure:hover img{box-shadow: 0px 0px 0 #00000070;}@media only screen and (max-width: 976px) {.uagb-block-88f5875d.wp-block-uagb-image .wp-block-uagb-image__figure img{width: 297px;height: auto;}}@media only screen and (max-width: 767px) {.uagb-block-88f5875d.wp-block-uagb-image .wp-block-uagb-image__figure img{width: 297px;height: auto;}}.uagb-block-b6c54374.wp-block-uagb-image{margin-top: 0px;margin-right: 0px;margin-bottom: 0px;margin-left: 0px;}.uagb-block-b6c54374.wp-block-uagb-image--layout-default figure img{box-shadow: 0px 0px 0 #00000070;}.uagb-block-b6c54374.wp-block-uagb-image .wp-block-uagb-image__figure figcaption{font-style: normal;align-self: center;}.uagb-block-b6c54374.wp-block-uagb-image--layout-overlay figure img{box-shadow: 0px 0px 0 #00000070;}.uagb-block-b6c54374.wp-block-uagb-image--layout-overlay .wp-block-uagb-image--layout-overlay__color-wrapper{opacity: 0.2;}.uagb-block-b6c54374.wp-block-uagb-image--layout-overlay .wp-block-uagb-image--layout-overlay__inner{left: 15px;right: 15px;top: 15px;bottom: 15px;}.uagb-block-b6c54374.wp-block-uagb-image--layout-overlay .wp-block-uagb-image--layout-overlay__inner .uagb-image-heading{font-style: normal;color: #fff;opacity: 1;}.uagb-block-b6c54374.wp-block-uagb-image--layout-overlay .wp-block-uagb-image--layout-overlay__inner .uagb-image-heading a{color: #fff;}.uagb-block-b6c54374.wp-block-uagb-image--layout-overlay .wp-block-uagb-image--layout-overlay__inner .uagb-image-caption{opacity: 0;}.uagb-block-b6c54374.wp-block-uagb-image--layout-overlay .wp-block-uagb-image__figure:hover .wp-block-uagb-image--layout-overlay__color-wrapper{opacity: 1;}.uagb-block-b6c54374.wp-block-uagb-image .wp-block-uagb-image--layout-overlay__inner .uagb-image-separator{width: 30%;border-top-width: 2px;border-top-color: #fff;opacity: 0;}.uagb-block-b6c54374.wp-block-uagb-image .wp-block-uagb-image__figure img{width: px;height: auto;}.uagb-block-b6c54374.wp-block-uagb-image .wp-block-uagb-image__figure:hover .wp-block-uagb-image--layout-overlay__inner .uagb-image-caption{opacity: 1;}.uagb-block-b6c54374.wp-block-uagb-image .wp-block-uagb-image__figure:hover .wp-block-uagb-image--layout-overlay__inner .uagb-image-separator{opacity: 1;}.uagb-block-b6c54374.wp-block-uagb-image--layout-default figure:hover img{box-shadow: 0px 0px 0 #00000070;}.uagb-block-b6c54374.wp-block-uagb-image--layout-overlay figure:hover img{box-shadow: 0px 0px 0 #00000070;}@media only screen and (max-width: 976px) {.uagb-block-b6c54374.wp-block-uagb-image .wp-block-uagb-image__figure img{width: px;height: auto;}}@media only screen and (max-width: 767px) {.uagb-block-b6c54374.wp-block-uagb-image .wp-block-uagb-image__figure img{width: px;height: auto;}}.uagb-block-2bdcf70c.wp-block-uagb-image{margin-top: 0px;margin-right: 0px;margin-bottom: 0px;margin-left: 0px;}.uagb-block-2bdcf70c.wp-block-uagb-image--layout-default figure img{box-shadow: 0px 0px 0 #00000070;}.uagb-block-2bdcf70c.wp-block-uagb-image .wp-block-uagb-image__figure figcaption{font-style: normal;align-self: center;}.uagb-block-2bdcf70c.wp-block-uagb-image--layout-overlay figure img{box-shadow: 0px 0px 0 #00000070;}.uagb-block-2bdcf70c.wp-block-uagb-image--layout-overlay .wp-block-uagb-image--layout-overlay__color-wrapper{opacity: 0.2;}.uagb-block-2bdcf70c.wp-block-uagb-image--layout-overlay .wp-block-uagb-image--layout-overlay__inner{left: 15px;right: 15px;top: 15px;bottom: 15px;}.uagb-block-2bdcf70c.wp-block-uagb-image--layout-overlay .wp-block-uagb-image--layout-overlay__inner .uagb-image-heading{font-style: normal;color: #fff;opacity: 1;}.uagb-block-2bdcf70c.wp-block-uagb-image--layout-overlay .wp-block-uagb-image--layout-overlay__inner .uagb-image-heading a{color: #fff;}.uagb-block-2bdcf70c.wp-block-uagb-image--layout-overlay .wp-block-uagb-image--layout-overlay__inner .uagb-image-caption{opacity: 0;}.uagb-block-2bdcf70c.wp-block-uagb-image--layout-overlay .wp-block-uagb-image__figure:hover .wp-block-uagb-image--layout-overlay__color-wrapper{opacity: 1;}.uagb-block-2bdcf70c.wp-block-uagb-image .wp-block-uagb-image--layout-overlay__inner .uagb-image-separator{width: 30%;border-top-width: 2px;border-top-color: #fff;opacity: 0;}.uagb-block-2bdcf70c.wp-block-uagb-image .wp-block-uagb-image__figure img{width: px;height: auto;}.uagb-block-2bdcf70c.wp-block-uagb-image .wp-block-uagb-image__figure:hover .wp-block-uagb-image--layout-overlay__inner .uagb-image-caption{opacity: 1;}.uagb-block-2bdcf70c.wp-block-uagb-image .wp-block-uagb-image__figure:hover .wp-block-uagb-image--layout-overlay__inner .uagb-image-separator{opacity: 1;}.uagb-block-2bdcf70c.wp-block-uagb-image--layout-default figure:hover img{box-shadow: 0px 0px 0 #00000070;}.uagb-block-2bdcf70c.wp-block-uagb-image--layout-overlay figure:hover img{box-shadow: 0px 0px 0 #00000070;}@media only screen and (max-width: 976px) {.uagb-block-2bdcf70c.wp-block-uagb-image .wp-block-uagb-image__figure img{width: px;height: auto;}}@media only screen and (max-width: 767px) {.uagb-block-2bdcf70c.wp-block-uagb-image .wp-block-uagb-image__figure img{width: px;height: auto;}}\";s:2:\"js\";s:0:\"\";s:18:\"current_block_list\";a:28:{i:0;s:10:\"core\/group\";i:2;s:24:\"core\/post-featured-image\";i:3;s:15:\"core\/post-title\";i:5;s:14:\"core\/post-date\";i:6;s:16:\"core\/post-author\";i:7;s:15:\"core\/post-terms\";i:8;s:17:\"core\/post-content\";i:9;s:14:\"core\/separator\";i:10;s:13:\"core\/comments\";i:11;s:19:\"core\/comments-title\";i:12;s:21:\"core\/comment-template\";i:15;s:11:\"core\/avatar\";i:16;s:24:\"core\/comment-author-name\";i:17;s:17:\"core\/comment-date\";i:18;s:20:\"core\/comment-content\";i:19;s:23:\"core\/comment-reply-link\";i:20;s:24:\"core\/comments-pagination\";i:21;s:33:\"core\/comments-pagination-previous\";i:22;s:32:\"core\/comments-pagination-numbers\";i:23;s:29:\"core\/comments-pagination-next\";i:24;s:23:\"core\/post-comments-form\";i:25;s:14:\"core\/tag-cloud\";i:26;s:12:\"core\/heading\";i:27;s:14:\"core\/paragraph\";i:28;s:12:\"core\/buttons\";i:29;s:11:\"core\/button\";i:30;s:10:\"uagb\/image\";i:31;s:10:\"core\/image\";}s:8:\"uag_flag\";b:1;s:11:\"uag_version\";s:10:\"1777198294\";s:6:\"gfonts\";a:0:{}s:10:\"gfonts_url\";s:0:\"\";s:12:\"gfonts_files\";a:0:{}s:14:\"uag_faq_layout\";b:0;}"]},"uagb_featured_image_src":{"full":["https:\/\/mv-sport.de\/c\/wp-content\/uploads\/2021\/03\/fsv-07.jpg",897,1600,false],"thumbnail":["https:\/\/mv-sport.de\/c\/wp-content\/uploads\/2021\/03\/fsv-07-150x150.jpg",150,150,true],"medium":["https:\/\/mv-sport.de\/c\/wp-content\/uploads\/2021\/03\/fsv-07-600x600.jpg",350,350,true],"medium_large":["https:\/\/mv-sport.de\/c\/wp-content\/uploads\/2021\/03\/fsv-07.jpg",768,1370,false],"large":["https:\/\/mv-sport.de\/c\/wp-content\/uploads\/2021\/03\/fsv-07-785x1400.jpg",574,1024,true],"1536x1536":["https:\/\/mv-sport.de\/c\/wp-content\/uploads\/2021\/03\/fsv-07.jpg",861,1536,false],"2048x2048":["https:\/\/mv-sport.de\/c\/wp-content\/uploads\/2021\/03\/fsv-07.jpg",897,1600,false],"ultp_layout_landscape_large":["https:\/\/mv-sport.de\/c\/wp-content\/uploads\/2021\/03\/fsv-07.jpg",449,800,false],"ultp_layout_landscape":["https:\/\/mv-sport.de\/c\/wp-content\/uploads\/2021\/03\/fsv-07.jpg",320,570,false],"ultp_layout_portrait":["https:\/\/mv-sport.de\/c\/wp-content\/uploads\/2021\/03\/fsv-07.jpg",505,900,false],"ultp_layout_square":["https:\/\/mv-sport.de\/c\/wp-content\/uploads\/2021\/03\/fsv-07.jpg",336,600,false]},"uagb_author_info":{"display_name":"Sportclub Laage e.V.","author_link":"https:\/\/mv-sport.de\/c\/author\/sportclub-laage-e-v\/"},"uagb_comment_info":0,"uagb_excerpt":"Dem Fu\u00dfballfachmann ist bekannt, dass die Verbandsliga Mecklenburg-Vorpommern die h\u00f6chstklassige Fu\u00dfball-Liga auf dem Gebiet des Landesfu\u00dfballverbandes Mecklenburg-Vorpommern ist. Als Verbandsliga bildet sie eine der sechsth\u00f6chsten Spielklassen im deutschen Ligen-System. Der Verbandsligameister steigt direkt in die Oberliga Nordost auf. Gegr\u00fcndet wurde die Verbandsliga Mecklenburg-Vorpommern mit Beginn der Saison 1991\/92 als Landesliga Mecklenburg-Vorpommern. In dieser h\u00f6chsten Liga&hellip;","_links":{"self":[{"href":"https:\/\/mv-sport.de\/c\/wp-json\/wp\/v2\/posts\/69562","targetHints":{"allow":["GET"]}}],"collection":[{"href":"https:\/\/mv-sport.de\/c\/wp-json\/wp\/v2\/posts"}],"about":[{"href":"https:\/\/mv-sport.de\/c\/wp-json\/wp\/v2\/types\/post"}],"author":[{"embeddable":true,"href":"https:\/\/mv-sport.de\/c\/wp-json\/wp\/v2\/users\/7"}],"replies":[{"embeddable":true,"href":"https:\/\/mv-sport.de\/c\/wp-json\/wp\/v2\/comments?post=69562"}],"version-history":[{"count":0,"href":"https:\/\/mv-sport.de\/c\/wp-json\/wp\/v2\/posts\/69562\/revisions"}],"wp:featuredmedia":[{"embeddable":true,"href":"https:\/\/mv-sport.de\/c\/wp-json\/wp\/v2\/media\/69563"}],"wp:attachment":[{"href":"https:\/\/mv-sport.de\/c\/wp-json\/wp\/v2\/media?parent=69562"}],"wp:term":[{"taxonomy":"category","embeddable":true,"href":"https:\/\/mv-sport.de\/c\/wp-json\/wp\/v2\/categories?post=69562"},{"taxonomy":"post_tag","embeddable":true,"href":"https:\/\/mv-sport.de\/c\/wp-json\/wp\/v2\/tags?post=69562"},{"taxonomy":"ort","embeddable":true,"href":"https:\/\/mv-sport.de\/c\/wp-json\/wp\/v2\/ort?post=69562"}],"curies":[{"name":"wp","href":"https:\/\/api.w.org\/{rel}","templated":true}]}}