{"id":69703,"date":"2021-03-04T17:49:03","date_gmt":"2021-03-04T16:49:03","guid":{"rendered":"https:\/\/mv-sport.de\/?p=69703"},"modified":"2021-03-04T18:53:42","modified_gmt":"2021-03-04T17:53:42","slug":"landessportbund-begruesst-einigung-der-bund-laender-konferenz-zum-amateursport","status":"publish","type":"post","link":"https:\/\/mv-sport.de\/c\/landessportbund-begruesst-einigung-der-bund-laender-konferenz-zum-amateursport\/","title":{"rendered":"Landessportbund begr\u00fc\u00dft Einigung der Bund-L\u00e4nder-Konferenz zum Amateursport"},"content":{"rendered":"<p><strong>Der Pr\u00e4sident des Landessportbundes, Andreas Bluhm, begr\u00fc\u00dft die Entscheidungen der gestrigen Bund-L\u00e4nderkonferenz zum vorgesehenen perspektivischen Stufenplan f\u00fcr den Amateursport, der seit mehr als vier Monaten im Lockdown verharren muss.<\/strong><\/p>\n<p><a href=\"https:\/\/mv-sport.de\/wp-content\/uploads\/2018\/11\/lsb-m-v_logo-1.jpg\"><img loading=\"lazy\" decoding=\"async\" class=\"alignleft size-medium wp-image-14644\" src=\"https:\/\/mv-sport.de\/wp-content\/uploads\/2018\/11\/lsb-m-v_logo-1-300x211.jpg\" alt=\"\" width=\"300\" height=\"211\" \/><\/a>\u201eMit den gestrigen Beschl\u00fcssen erh\u00e4lt der vereinsbasierte Breitensport mit Vorrang f\u00fcr Kinder und Jugendliche eine \u00d6ffnungsperspektive, die dazu beitragen wird, die Potenziale des Sports bei der \u00dcberwindung der Pandemie freizusetzen. Das ist ein Signal, auf das viele in der 257.000 Mitglieder z\u00e4hlenden Sportfamilie unseres Landes gewartet haben.\u201c.<\/p>\n<p>Gro\u00dfe Verantwortung komme dabei den vielen Ehrenamtlern in den Vereinen zu, wie Torsten Haverland, Gesch\u00e4ftsf\u00fchrer des Landessportbundes, betont. \u201eDie R\u00fcckkehr in die sportliche Bet\u00e4tigung setzt die Einhaltung der Hygienestandards und -konzepte voraus, damit der Sport Bestandteil der L\u00f6sung und nicht Ursache f\u00fcr steigende Fallzahlen wird. Hier sind alle Verantwortlichen aufgerufen, die bestehenden Konzepte und Regelungen ggf. nochmals nachzusch\u00e4rfen.\u201c<\/p>\n<p>Im Vorfeld des morgigen MV-Gipfels erwartet der Landessportbund nunmehr auch die Umsetzung der gestrigen Entscheidungen in die entsprechenden landesspezifischen Regelungen. \u201eWir gehen davon aus, dass die einzelnen Schritte dieses Perspektivplans f\u00fcr den Sport auch morgen Eins zu Eins bei uns im Land umgesetzt werden!\u201c, so der LSB-Pr\u00e4sident.<\/p>\n<p><span style=\"color: #999999;\"><em>Quelle: LSB MV<\/em><\/span><\/p>\n","protected":false},"excerpt":{"rendered":"<p>Der Pr\u00e4sident des Landessportbundes, Andreas Bluhm, begr\u00fc\u00dft die Entscheidungen der gestrigen Bund-L\u00e4nderkonferenz zum vorgesehenen perspektivischen Stufenplan f\u00fcr den Amateursport, der seit mehr als vier Monaten im Lockdown verharren muss. \u201eMit den gestrigen Beschl\u00fcssen erh\u00e4lt der vereinsbasierte Breitensport mit Vorrang f\u00fcr Kinder und Jugendliche eine \u00d6ffnungsperspektive, die dazu beitragen wird, die Potenziale des Sports bei der [&hellip;]<\/p>\n","protected":false},"author":2,"featured_media":14644,"comment_status":"open","ping_status":"open","sticky":false,"template":"","format":"standard","meta":{"_seopress_robots_primary_cat":"none","_seopress_titles_title":"Landessportbund begr\u00fc\u00dft Einigung der Bund-L\u00e4nder-Konferenz zum Amateursport","_seopress_titles_desc":"LSB-Pr\u00e4sident Andreas Bluhm: \u201eWir gehen davon aus, dass die einzelnen Schritte dieses Perspektivplans f\u00fcr den Sport auch morgen Eins zu Eins bei uns im Land umgesetzt werden!\u201c","_seopress_robots_index":"","_relevanssi_hide_post":"","_relevanssi_hide_content":"","_relevanssi_pin_for_all":"","_relevanssi_pin_keywords":"","_relevanssi_unpin_keywords":"","_relevanssi_related_keywords":"","_relevanssi_related_include_ids":"","_relevanssi_related_exclude_ids":"","_relevanssi_related_no_append":"","_relevanssi_related_not_related":"","_relevanssi_related_posts":"","_relevanssi_noindex_reason":"","_uag_custom_page_level_css":"","footnotes":""},"categories":[24],"tags":[],"ort":[],"class_list":{"0":"post-69703","1":"post","2":"type-post","3":"status-publish","4":"format-standard","5":"has-post-thumbnail","7":"category-sport-allgemein"},"featured_image_urls":{"medium":"https:\/\/mv-sport.de\/c\/wp-content\/uploads\/2018\/11\/lsb-m-v_logo-1-600x600.jpg","medium_large":"https:\/\/mv-sport.de\/c\/wp-content\/uploads\/2018\/11\/lsb-m-v_logo-1.jpg","large":"https:\/\/mv-sport.de\/c\/wp-content\/uploads\/2018\/11\/lsb-m-v_logo-1.jpg","full":"https:\/\/mv-sport.de\/c\/wp-content\/uploads\/2018\/11\/lsb-m-v_logo-1.jpg","alt":"Logo Landessportbund MV","caption":""},"spectra_custom_meta":{"uab_option":["yes"],"uab_meta_position":["default"],"_extra_rating_average":["0"],"_seopress_analysis_data":["a:19:{s:5:\"title\";s:78:\"Landessportbund begr\u00fc\u00dft Einigung der Bund-L\u00e4nder-Konferenz zum Amateursport\";s:9:\"meta_desc\";s:181:\"LSB-Pr\u00e4sident Andreas Bluhm: \u201eWir gehen davon aus, dass die einzelnen Schritte dieses Perspektivplans f\u00fcr den Sport auch morgen Eins zu Eins bei uns im Land umgesetzt werden!\u201c\";s:8:\"og_title\";a:2:{s:5:\"count\";i:1;s:6:\"values\";a:1:{i:0;s:78:\"Landessportbund begr\u00fc\u00dft Einigung der Bund-L\u00e4nder-Konferenz zum Amateursport\";}}s:7:\"og_desc\";a:2:{s:5:\"count\";i:1;s:6:\"values\";a:1:{i:0;s:181:\"LSB-Pr\u00e4sident Andreas Bluhm: \u201eWir gehen davon aus, dass die einzelnen Schritte dieses Perspektivplans f\u00fcr den Sport auch morgen Eins zu Eins bei uns im Land umgesetzt werden!\u201c\";}}s:6:\"og_img\";a:2:{s:5:\"count\";i:1;s:6:\"values\";a:1:{i:0;s:65:\"https:\/\/mv-sport.de\/wp-content\/uploads\/2018\/11\/lsb-m-v_logo-1.jpg\";}}s:6:\"og_url\";a:3:{s:5:\"count\";i:1;s:6:\"values\";a:1:{i:0;s:98:\"https:\/\/mv-sport.de\/landessportbund-begruesst-einigung-der-bund-laender-konferenz-zum-amateursport\";}s:4:\"host\";s:11:\"mv-sport.de\";}s:12:\"og_site_name\";a:2:{s:5:\"count\";i:1;s:6:\"values\";a:1:{i:0;s:72:\"MV-Sport.de - Sportvereine &amp; Sportnachrichten Mecklenburg-Vorpommern\";}}s:8:\"tw_title\";a:2:{s:5:\"count\";i:1;s:6:\"values\";a:1:{i:0;s:78:\"Landessportbund begr\u00fc\u00dft Einigung der Bund-L\u00e4nder-Konferenz zum Amateursport\";}}s:7:\"tw_desc\";a:2:{s:5:\"count\";i:1;s:6:\"values\";a:1:{i:0;s:181:\"LSB-Pr\u00e4sident Andreas Bluhm: \u201eWir gehen davon aus, dass die einzelnen Schritte dieses Perspektivplans f\u00fcr den Sport auch morgen Eins zu Eins bei uns im Land umgesetzt werden!\u201c\";}}s:6:\"tw_img\";a:2:{s:5:\"count\";i:1;s:6:\"values\";a:1:{i:0;s:65:\"https:\/\/mv-sport.de\/wp-content\/uploads\/2018\/11\/lsb-m-v_logo-1.jpg\";}}s:9:\"canonical\";s:99:\"https:\/\/mv-sport.de\/landessportbund-begruesst-einigung-der-bund-laender-konferenz-zum-amateursport\/\";s:13:\"all_canonical\";a:1:{i:0;s:99:\"https:\/\/mv-sport.de\/landessportbund-begruesst-einigung-der-bund-laender-konferenz-zum-amateursport\/\";}s:3:\"img\";a:1:{s:6:\"images\";a:6:{i:0;s:73:\"https:\/\/mv-sport.de\/wp-content\/uploads\/2018\/11\/lsb-m-v_logo-1-300x211.jpg\";i:1;s:68:\"https:\/\/mv-sport.de\/wp-content\/uploads\/2017\/06\/logo_autor_profil.png\";i:2;s:89:\"https:\/\/mv-sport.de\/wp-content\/sabai\/File\/thumbnails\/c5d43dd7358c39ab761c90195c0b1e02.jpg\";i:3;s:89:\"https:\/\/mv-sport.de\/wp-content\/sabai\/File\/thumbnails\/5db624f4d3f908b5e549bb9a5c1efcfa.png\";i:4;s:89:\"https:\/\/mv-sport.de\/wp-content\/sabai\/File\/thumbnails\/095830d223ec1109a28c4e229b866e9f.png\";i:5;s:61:\"https:\/\/mv-sport.de\/wp-content\/uploads\/2017\/05\/140x70px-3.gif\";}}s:11:\"meta_robots\";a:1:{i:0;a:1:{i:0;s:13:\"index, follow\";}}s:14:\"outbound_links\";a:8:{i:0;a:1:{s:34:\"https:\/\/www.facebook.com\/MVSportde\";s:0:\"\";}i:1;a:1:{s:37:\"https:\/\/www.instagram.com\/mv_sport.de\";s:0:\"\";}i:3;a:1:{s:28:\"http:\/\/www.elegantthemes.com\";s:14:\"Elegant Themes\";}i:4;a:1:{s:24:\"http:\/\/www.wordpress.org\";s:9:\"WordPress\";}i:5;a:1:{s:20:\"http:\/\/www.web-mv.de\";s:9:\"web-mv.de\";}i:6;a:1:{s:33:\"http:\/\/www.webdesign-schwerin.net\";s:0:\"\";}i:7;a:1:{s:34:\"https:\/\/www.facebook.com\/MVSportde\";s:13:\"\n    Like us!\";}i:8;a:1:{s:37:\"https:\/\/www.instagram.com\/mv_sport.de\";s:15:\"\n    Follow us!\";}}s:13:\"words_counter\";i:183;s:20:\"words_counter_unique\";i:136;s:4:\"json\";a:2:{i:0;s:12:\"Organization\";i:1;s:14:\"BreadcrumbList\";}s:5:\"score\";b:0;}"],"_edit_lock":["1614880980:2"],"_edit_last":["2"],"_thumbnail_id":["14644"],"xyz_fbap_future_to_publish":["a:3:{s:18:\"post_fb_permission\";i:1;s:18:\"xyz_fbap_po_method\";s:1:\"2\";s:16:\"xyz_fbap_message\";s:17:\"{POST_EXCERPT}...\";}"],"_seopress_pro_schemas_manual":["a:1:{i:0;a:1:{s:32:\"_seopress_pro_rich_snippets_type\";s:4:\"none\";}}"],"_seopress_titles_title":["Landessportbund begr\u00fc\u00dft Einigung der Bund-L\u00e4nder-Konferenz zum Amateursport"],"_seopress_titles_desc":["LSB-Pr\u00e4sident Andreas Bluhm: \u201eWir gehen davon aus, dass die einzelnen Schritte dieses Perspektivplans f\u00fcr den Sport auch morgen Eins zu Eins bei uns im Land umgesetzt werden!\u201c"],"_seopress_robots_canonical":[""],"_seopress_robots_primary_cat":["none"],"_seopress_robots_breadcrumbs":[""],"_seopress_social_fb_title":[""],"_seopress_social_fb_desc":[""],"_seopress_social_fb_img":[""],"_seopress_social_twitter_title":[""],"_seopress_social_twitter_desc":[""],"_seopress_social_twitter_img":[""],"_seopress_redirections_type":["301"],"_seopress_redirections_value":[""],"_post_review_box_title":["Rezension"],"_post_review_box_summary":[""],"_post_review_box_summary_title":["Zusammenfassung"],"_post_review_box_breakdowns_score":["0"],"_post_review_box_breakdowns_count":["1"],"_post_review_box_breakdowns":["a:1:{i:0;a:2:{s:5:\"title\";s:0:\"\";s:6:\"rating\";i:0;}}"],"_extra_sidebar_location":[""],"_extra_sidebar":[""],"post_views_count":["300"],"xyz_fbap":["1"],"xyz_fbap_insert_og":["1"],"_seopress_analysis_target_kw":[""],"wp_schema_pro_optimized_structured_data":["<!-- Schema optimized by Schema Pro --><script type=\"application\/ld+json\">{\"@context\":\"https:\/\/schema.org\",\"@type\":\"NewsArticle\",\"mainEntityOfPage\":{\"@type\":\"WebPage\",\"@id\":\"https:\/\/mv-sport.de\/landessportbund-begruesst-einigung-der-bund-laender-konferenz-zum-amateursport\/\"},\"headline\":\"Landessportbund begr\u00fc\u00dft Einigung der Bund-L\u00e4nder-Konferenz zum Amateursport\",\"image\":{\"@type\":\"ImageObject\",\"url\":\"https:\/\/mv-sport.de\/wp-content\/uploads\/2018\/11\/lsb-m-v_logo-1.jpg\",\"width\":874,\"height\":614},\"datePublished\":\"2021-03-04T17:49:03\",\"dateModified\":\"2021-03-04T18:53:42\",\"author\":{\"@type\":\"Person\",\"name\":\"MV-Sport.de\",\"url\":\"https:\/\/mv-sport.de\/author\/mv-sport-de\"},\"publisher\":{\"@type\":\"Organization\",\"name\":\"MV-Sport.de - Sportvereine &amp; Sportnachrichten Mecklenburg-Vorpommern\",\"logo\":{\"@type\":\"ImageObject\",\"url\":\"https:\/\/mv-sport.de\/wp-content\/uploads\/2017\/05\/logo-mv-sport-292x60.png\"}}}<\/script><!-- \/ Schema optimized by Schema Pro -->"],"__post_views_count":["588"],"astra_style_timestamp_css":["1757451172"],"_uag_css_file_name":["uag-css-69703.css"],"_uag_page_assets":["a:9:{s:3:\"css\";s:7010:\".uagb-block-88f5875d.wp-block-uagb-image--layout-default figure img{box-shadow: 0px 0px 0 #00000070;}.uagb-block-88f5875d.wp-block-uagb-image .wp-block-uagb-image__figure figcaption{font-style: normal;align-self: center;}.uagb-block-88f5875d.wp-block-uagb-image--layout-overlay figure img{box-shadow: 0px 0px 0 #00000070;}.uagb-block-88f5875d.wp-block-uagb-image--layout-overlay .wp-block-uagb-image--layout-overlay__color-wrapper{opacity: 0.2;}.uagb-block-88f5875d.wp-block-uagb-image--layout-overlay .wp-block-uagb-image--layout-overlay__inner{left: 15px;right: 15px;top: 15px;bottom: 15px;}.uagb-block-88f5875d.wp-block-uagb-image--layout-overlay .wp-block-uagb-image--layout-overlay__inner .uagb-image-heading{font-style: normal;color: #fff;opacity: 1;}.uagb-block-88f5875d.wp-block-uagb-image--layout-overlay .wp-block-uagb-image--layout-overlay__inner .uagb-image-heading a{color: #fff;}.uagb-block-88f5875d.wp-block-uagb-image--layout-overlay .wp-block-uagb-image--layout-overlay__inner .uagb-image-caption{opacity: 0;}.uagb-block-88f5875d.wp-block-uagb-image--layout-overlay .wp-block-uagb-image__figure:hover .wp-block-uagb-image--layout-overlay__color-wrapper{opacity: 1;}.uagb-block-88f5875d.wp-block-uagb-image .wp-block-uagb-image--layout-overlay__inner .uagb-image-separator{width: 30%;border-top-width: 2px;border-top-color: #fff;opacity: 0;}.uagb-block-88f5875d.wp-block-uagb-image .wp-block-uagb-image__figure img{width: 297px;height: auto;}.uagb-block-88f5875d.wp-block-uagb-image .wp-block-uagb-image__figure:hover .wp-block-uagb-image--layout-overlay__inner .uagb-image-caption{opacity: 1;}.uagb-block-88f5875d.wp-block-uagb-image .wp-block-uagb-image__figure:hover .wp-block-uagb-image--layout-overlay__inner .uagb-image-separator{opacity: 1;}.uagb-block-88f5875d.wp-block-uagb-image--layout-default figure:hover img{box-shadow: 0px 0px 0 #00000070;}.uagb-block-88f5875d.wp-block-uagb-image--layout-overlay figure:hover img{box-shadow: 0px 0px 0 #00000070;}@media only screen and (max-width: 976px) {.uagb-block-88f5875d.wp-block-uagb-image .wp-block-uagb-image__figure img{width: 297px;height: auto;}}@media only screen and (max-width: 767px) {.uagb-block-88f5875d.wp-block-uagb-image .wp-block-uagb-image__figure img{width: 297px;height: auto;}}.uagb-block-b6c54374.wp-block-uagb-image{margin-top: 0px;margin-right: 0px;margin-bottom: 0px;margin-left: 0px;}.uagb-block-b6c54374.wp-block-uagb-image--layout-default figure img{box-shadow: 0px 0px 0 #00000070;}.uagb-block-b6c54374.wp-block-uagb-image .wp-block-uagb-image__figure figcaption{font-style: normal;align-self: center;}.uagb-block-b6c54374.wp-block-uagb-image--layout-overlay figure img{box-shadow: 0px 0px 0 #00000070;}.uagb-block-b6c54374.wp-block-uagb-image--layout-overlay .wp-block-uagb-image--layout-overlay__color-wrapper{opacity: 0.2;}.uagb-block-b6c54374.wp-block-uagb-image--layout-overlay .wp-block-uagb-image--layout-overlay__inner{left: 15px;right: 15px;top: 15px;bottom: 15px;}.uagb-block-b6c54374.wp-block-uagb-image--layout-overlay .wp-block-uagb-image--layout-overlay__inner .uagb-image-heading{font-style: normal;color: #fff;opacity: 1;}.uagb-block-b6c54374.wp-block-uagb-image--layout-overlay .wp-block-uagb-image--layout-overlay__inner .uagb-image-heading a{color: #fff;}.uagb-block-b6c54374.wp-block-uagb-image--layout-overlay .wp-block-uagb-image--layout-overlay__inner .uagb-image-caption{opacity: 0;}.uagb-block-b6c54374.wp-block-uagb-image--layout-overlay .wp-block-uagb-image__figure:hover .wp-block-uagb-image--layout-overlay__color-wrapper{opacity: 1;}.uagb-block-b6c54374.wp-block-uagb-image .wp-block-uagb-image--layout-overlay__inner .uagb-image-separator{width: 30%;border-top-width: 2px;border-top-color: #fff;opacity: 0;}.uagb-block-b6c54374.wp-block-uagb-image .wp-block-uagb-image__figure img{width: px;height: auto;}.uagb-block-b6c54374.wp-block-uagb-image .wp-block-uagb-image__figure:hover .wp-block-uagb-image--layout-overlay__inner .uagb-image-caption{opacity: 1;}.uagb-block-b6c54374.wp-block-uagb-image .wp-block-uagb-image__figure:hover .wp-block-uagb-image--layout-overlay__inner .uagb-image-separator{opacity: 1;}.uagb-block-b6c54374.wp-block-uagb-image--layout-default figure:hover img{box-shadow: 0px 0px 0 #00000070;}.uagb-block-b6c54374.wp-block-uagb-image--layout-overlay figure:hover img{box-shadow: 0px 0px 0 #00000070;}@media only screen and (max-width: 976px) {.uagb-block-b6c54374.wp-block-uagb-image .wp-block-uagb-image__figure img{width: px;height: auto;}}@media only screen and (max-width: 767px) {.uagb-block-b6c54374.wp-block-uagb-image .wp-block-uagb-image__figure img{width: px;height: auto;}}.uagb-block-2bdcf70c.wp-block-uagb-image{margin-top: 0px;margin-right: 0px;margin-bottom: 0px;margin-left: 0px;}.uagb-block-2bdcf70c.wp-block-uagb-image--layout-default figure img{box-shadow: 0px 0px 0 #00000070;}.uagb-block-2bdcf70c.wp-block-uagb-image .wp-block-uagb-image__figure figcaption{font-style: normal;align-self: center;}.uagb-block-2bdcf70c.wp-block-uagb-image--layout-overlay figure img{box-shadow: 0px 0px 0 #00000070;}.uagb-block-2bdcf70c.wp-block-uagb-image--layout-overlay .wp-block-uagb-image--layout-overlay__color-wrapper{opacity: 0.2;}.uagb-block-2bdcf70c.wp-block-uagb-image--layout-overlay .wp-block-uagb-image--layout-overlay__inner{left: 15px;right: 15px;top: 15px;bottom: 15px;}.uagb-block-2bdcf70c.wp-block-uagb-image--layout-overlay .wp-block-uagb-image--layout-overlay__inner .uagb-image-heading{font-style: normal;color: #fff;opacity: 1;}.uagb-block-2bdcf70c.wp-block-uagb-image--layout-overlay .wp-block-uagb-image--layout-overlay__inner .uagb-image-heading a{color: #fff;}.uagb-block-2bdcf70c.wp-block-uagb-image--layout-overlay .wp-block-uagb-image--layout-overlay__inner .uagb-image-caption{opacity: 0;}.uagb-block-2bdcf70c.wp-block-uagb-image--layout-overlay .wp-block-uagb-image__figure:hover .wp-block-uagb-image--layout-overlay__color-wrapper{opacity: 1;}.uagb-block-2bdcf70c.wp-block-uagb-image .wp-block-uagb-image--layout-overlay__inner .uagb-image-separator{width: 30%;border-top-width: 2px;border-top-color: #fff;opacity: 0;}.uagb-block-2bdcf70c.wp-block-uagb-image .wp-block-uagb-image__figure img{width: px;height: auto;}.uagb-block-2bdcf70c.wp-block-uagb-image .wp-block-uagb-image__figure:hover .wp-block-uagb-image--layout-overlay__inner .uagb-image-caption{opacity: 1;}.uagb-block-2bdcf70c.wp-block-uagb-image .wp-block-uagb-image__figure:hover .wp-block-uagb-image--layout-overlay__inner .uagb-image-separator{opacity: 1;}.uagb-block-2bdcf70c.wp-block-uagb-image--layout-default figure:hover img{box-shadow: 0px 0px 0 #00000070;}.uagb-block-2bdcf70c.wp-block-uagb-image--layout-overlay figure:hover img{box-shadow: 0px 0px 0 #00000070;}@media only screen and (max-width: 976px) {.uagb-block-2bdcf70c.wp-block-uagb-image .wp-block-uagb-image__figure img{width: px;height: auto;}}@media only screen and (max-width: 767px) {.uagb-block-2bdcf70c.wp-block-uagb-image .wp-block-uagb-image__figure img{width: px;height: auto;}}\";s:2:\"js\";s:0:\"\";s:18:\"current_block_list\";a:28:{i:0;s:10:\"core\/group\";i:2;s:24:\"core\/post-featured-image\";i:3;s:15:\"core\/post-title\";i:5;s:14:\"core\/post-date\";i:6;s:16:\"core\/post-author\";i:7;s:15:\"core\/post-terms\";i:8;s:17:\"core\/post-content\";i:9;s:14:\"core\/separator\";i:10;s:13:\"core\/comments\";i:11;s:19:\"core\/comments-title\";i:12;s:21:\"core\/comment-template\";i:15;s:11:\"core\/avatar\";i:16;s:24:\"core\/comment-author-name\";i:17;s:17:\"core\/comment-date\";i:18;s:20:\"core\/comment-content\";i:19;s:23:\"core\/comment-reply-link\";i:20;s:24:\"core\/comments-pagination\";i:21;s:33:\"core\/comments-pagination-previous\";i:22;s:32:\"core\/comments-pagination-numbers\";i:23;s:29:\"core\/comments-pagination-next\";i:24;s:23:\"core\/post-comments-form\";i:25;s:14:\"core\/tag-cloud\";i:26;s:12:\"core\/heading\";i:27;s:14:\"core\/paragraph\";i:28;s:12:\"core\/buttons\";i:29;s:11:\"core\/button\";i:30;s:10:\"uagb\/image\";i:31;s:10:\"core\/image\";}s:8:\"uag_flag\";b:1;s:11:\"uag_version\";s:10:\"1777040508\";s:6:\"gfonts\";a:0:{}s:10:\"gfonts_url\";s:0:\"\";s:12:\"gfonts_files\";a:0:{}s:14:\"uag_faq_layout\";b:0;}"]},"uagb_featured_image_src":{"full":["https:\/\/mv-sport.de\/c\/wp-content\/uploads\/2018\/11\/lsb-m-v_logo-1.jpg",874,614,false],"thumbnail":["https:\/\/mv-sport.de\/c\/wp-content\/uploads\/2018\/11\/lsb-m-v_logo-1-150x150.jpg",150,150,true],"medium":["https:\/\/mv-sport.de\/c\/wp-content\/uploads\/2018\/11\/lsb-m-v_logo-1-600x600.jpg",350,350,true],"medium_large":["https:\/\/mv-sport.de\/c\/wp-content\/uploads\/2018\/11\/lsb-m-v_logo-1.jpg",768,540,false],"large":["https:\/\/mv-sport.de\/c\/wp-content\/uploads\/2018\/11\/lsb-m-v_logo-1.jpg",874,614,false],"1536x1536":["https:\/\/mv-sport.de\/c\/wp-content\/uploads\/2018\/11\/lsb-m-v_logo-1.jpg",874,614,false],"2048x2048":["https:\/\/mv-sport.de\/c\/wp-content\/uploads\/2018\/11\/lsb-m-v_logo-1.jpg",874,614,false],"ultp_layout_landscape_large":["https:\/\/mv-sport.de\/c\/wp-content\/uploads\/2018\/11\/lsb-m-v_logo-1.jpg",874,614,false],"ultp_layout_landscape":["https:\/\/mv-sport.de\/c\/wp-content\/uploads\/2018\/11\/lsb-m-v_logo-1.jpg",811,570,false],"ultp_layout_portrait":["https:\/\/mv-sport.de\/c\/wp-content\/uploads\/2018\/11\/lsb-m-v_logo-1.jpg",600,422,false],"ultp_layout_square":["https:\/\/mv-sport.de\/c\/wp-content\/uploads\/2018\/11\/lsb-m-v_logo-1.jpg",600,422,false]},"uagb_author_info":{"display_name":"MV-Sport.de","author_link":"https:\/\/mv-sport.de\/c\/author\/mv-sport-de\/"},"uagb_comment_info":0,"uagb_excerpt":"Der Pr\u00e4sident des Landessportbundes, Andreas Bluhm, begr\u00fc\u00dft die Entscheidungen der gestrigen Bund-L\u00e4nderkonferenz zum vorgesehenen perspektivischen Stufenplan f\u00fcr den Amateursport, der seit mehr als vier Monaten im Lockdown verharren muss. \u201eMit den gestrigen Beschl\u00fcssen erh\u00e4lt der vereinsbasierte Breitensport mit Vorrang f\u00fcr Kinder und Jugendliche eine \u00d6ffnungsperspektive, die dazu beitragen wird, die Potenziale des Sports bei der&hellip;","_links":{"self":[{"href":"https:\/\/mv-sport.de\/c\/wp-json\/wp\/v2\/posts\/69703","targetHints":{"allow":["GET"]}}],"collection":[{"href":"https:\/\/mv-sport.de\/c\/wp-json\/wp\/v2\/posts"}],"about":[{"href":"https:\/\/mv-sport.de\/c\/wp-json\/wp\/v2\/types\/post"}],"author":[{"embeddable":true,"href":"https:\/\/mv-sport.de\/c\/wp-json\/wp\/v2\/users\/2"}],"replies":[{"embeddable":true,"href":"https:\/\/mv-sport.de\/c\/wp-json\/wp\/v2\/comments?post=69703"}],"version-history":[{"count":0,"href":"https:\/\/mv-sport.de\/c\/wp-json\/wp\/v2\/posts\/69703\/revisions"}],"wp:featuredmedia":[{"embeddable":true,"href":"https:\/\/mv-sport.de\/c\/wp-json\/wp\/v2\/media\/14644"}],"wp:attachment":[{"href":"https:\/\/mv-sport.de\/c\/wp-json\/wp\/v2\/media?parent=69703"}],"wp:term":[{"taxonomy":"category","embeddable":true,"href":"https:\/\/mv-sport.de\/c\/wp-json\/wp\/v2\/categories?post=69703"},{"taxonomy":"post_tag","embeddable":true,"href":"https:\/\/mv-sport.de\/c\/wp-json\/wp\/v2\/tags?post=69703"},{"taxonomy":"ort","embeddable":true,"href":"https:\/\/mv-sport.de\/c\/wp-json\/wp\/v2\/ort?post=69703"}],"curies":[{"name":"wp","href":"https:\/\/api.w.org\/{rel}","templated":true}]}}