{"id":69737,"date":"2021-03-04T22:01:46","date_gmt":"2021-03-04T21:01:46","guid":{"rendered":"https:\/\/mv-sport.de\/?p=69737"},"modified":"2021-03-04T22:01:46","modified_gmt":"2021-03-04T21:01:46","slug":"hella-marathon-nacht-rostock-absage-der-kinder-und-schuelerlaeufe","status":"publish","type":"post","link":"https:\/\/mv-sport.de\/c\/hella-marathon-nacht-rostock-absage-der-kinder-und-schuelerlaeufe\/","title":{"rendered":"hella marathon nacht rostock: Absage der Kinder- und Sch\u00fclerl\u00e4ufe"},"content":{"rendered":"<p>Aufgrund der weiterhin starken Auswirkungen der Corona-Pandemie und der damit nicht vorhersehbaren Folgen f\u00fcr die 19. hella marathon nacht rostock 2021 am 31. Juli, werden die Kinder- und Sch\u00fclerl\u00e4ufe der Veranstaltung nicht stattfinden k\u00f6nnen. \u201eUm die Gesundheit und Sicherheit aller Teilnehmerinnen und Teilnehmer zu gew\u00e4hren, wird die Veranstaltung mit einem angepassten Konzept umgesetzt, welches bedauerlicherweise keine M\u00f6glichkeit f\u00fcr einen Kinder- und Sch\u00fclerlauf zul\u00e4sst\u201c, sagt Karsten Sch\u00f6lermann vom Veranstalter BMS \u2013 Die Laufgesellschaft.<\/p>\n<figure id=\"attachment_34181\" aria-describedby=\"caption-attachment-34181\" style=\"width: 1000px\" class=\"wp-caption alignnone\"><img loading=\"lazy\" decoding=\"async\" class=\"wp-image-34181 size-full\" src=\"https:\/\/mv-sport.de\/wp-content\/uploads\/2019\/08\/kinderlauf-rostock-marathon_c_bms_olaf-jenjahn.jpg.jpg\" alt=\"\" width=\"1000\" height=\"667\" \/><figcaption id=\"caption-attachment-34181\" class=\"wp-caption-text\">Kinderlauf w\u00e4hrend der 17. hella marathon nacht rostock. <span style=\"color: #999999;\">Foto: BMS\/ Olaf Jenjahn<\/span><\/figcaption><\/figure>\n<p>In Anbetracht der ungewissen Situation verzichtet BMS auf den Einzug von Meldegeb\u00fchren, so dass den Teilnehmerinnen und Teilnehmern somit keine Kosten entstehen. Die Anmeldung wird daher ohne Zahlungsverkehr storniert. Aus diesem Grund ist auch eine \u00dcbertragung auf das n\u00e4chste Jahr nicht m\u00f6glich. \u201eWir sind weiterhin der \u00dcberzeugung, dass die Begeisterung f\u00fcr den Laufsport bereits in jungen Jahren beginnt und durch entsprechende Laufangebote gef\u00f6rdert werden sollte. Deshalb werden wir zuk\u00fcnftig wieder Wettbewerbe f\u00fcr Kinder und Jugendliche in unseren Laufveranstaltungen integrieren, sobald eine Durchf\u00fchrung ohne gro\u00dfe Einschr\u00e4nkungen m\u00f6glich ist\u201c, gibt sich Sch\u00f6lermann hoffnungsvoll.<\/p>\n<p>BMS \u2013 Die Laufgesellschaft bietet f\u00fcr ihre L\u00e4ufe &#8211; also auch f\u00fcr die 19. hella marathon nacht rostock &#8211; k\u00fcnftig zwei M\u00f6glichkeiten an. Neben der &#8211; wenn m\u00f6glich &#8211; direkten Teilnahme vor Ort am Veranstaltungstag, kann ein Lauf auch digital durchgef\u00fchrt werden. Hierf\u00fcr wird die Anmeldung wie gewohnt vorgenommen, der Lauf aber in einem abgesteckten Zeitraum (in der Regel ist es der Veranstaltungstag) zu einer beliebigen Uhrzeit durchgef\u00fchrt. \u201eDieses Format erfreut sich, nicht zuletzt in Pandemiezeiten, wachsender Beliebtheit und wir erhalten immer mehr Anfragen, ob wir die digitale Teilnahme nicht standardm\u00e4\u00dfig in jede Veranstaltung integrieren k\u00f6nnen. Dem kommen wir jetzt nach\u201c, sagt Sch\u00f6lermann. BMS wird den Komfort der angebotenen Veranstaltungen in naher Zukunft durch eine eigene App noch erh\u00f6hen.<\/p>\n<p>F\u00fcr die 19. hella marathon nacht rostock stehen die Teilnahme am Marathon, Halbmarathon und der Rostocker 7 zur Auswahl, die L\u00e4ufe k\u00f6nnen auch digital durchgef\u00fchrt werden. Hierbei gibt es zwei Meldevarianten. Mit der Basic-Version erh\u00e4lt man das \u201erundum-sorglos-Paket\u201c mit digitaler Startnummer, Zeitnahme- und Ergebnisdienst sowie druckf\u00e4higer Urkunde. Wem das nicht genug ist, der bucht noch das Zusatz-Paket dazu und l\u00e4sst sich die Medaille und die physische Startnummer bequem nach Hause liefern.<\/p>\n<blockquote><p><span style=\"color: #999999;\">Anmeldungen unter www.rostocker-marathon-nacht.com<\/span><\/p><\/blockquote>\n<p><span style=\"color: #999999;\"><em>Quelle: BMS Sportveranstaltungs<\/em><\/span><\/p>\n","protected":false},"excerpt":{"rendered":"<p>Aufgrund der weiterhin starken Auswirkungen der Corona-Pandemie und der damit nicht vorhersehbaren Folgen f\u00fcr die 19. hella marathon nacht rostock 2021 am 31. Juli, werden die Kinder- und Sch\u00fclerl\u00e4ufe der Veranstaltung nicht stattfinden k\u00f6nnen. \u201eUm die Gesundheit und Sicherheit aller Teilnehmerinnen und Teilnehmer zu gew\u00e4hren, wird die Veranstaltung mit einem angepassten Konzept umgesetzt, welches bedauerlicherweise [&hellip;]<\/p>\n","protected":false},"author":2,"featured_media":34181,"comment_status":"open","ping_status":"open","sticky":false,"template":"","format":"standard","meta":{"_seopress_robots_primary_cat":"none","_seopress_titles_title":"hella marathon nacht rostock: Absage der Kinder- und Sch\u00fclerl\u00e4ufe","_seopress_titles_desc":"Karsten Sch\u00f6lermann: &quot;Um die Gesundheit und Sicherheit aller Teilnehmerinnen und Teilnehmer zu gew\u00e4hren, wird die Veranstaltung mit einem angepassten Konzept umgesetzt.&quot;","_seopress_robots_index":"","_relevanssi_hide_post":"","_relevanssi_hide_content":"","_relevanssi_pin_for_all":"","_relevanssi_pin_keywords":"","_relevanssi_unpin_keywords":"","_relevanssi_related_keywords":"","_relevanssi_related_include_ids":"","_relevanssi_related_exclude_ids":"","_relevanssi_related_no_append":"","_relevanssi_related_not_related":"","_relevanssi_related_posts":"","_relevanssi_noindex_reason":"","_uag_custom_page_level_css":"","footnotes":""},"categories":[47],"tags":[],"ort":[],"class_list":{"0":"post-69737","1":"post","2":"type-post","3":"status-publish","4":"format-standard","5":"has-post-thumbnail","7":"category-laufsport"},"featured_image_urls":{"medium":"https:\/\/mv-sport.de\/c\/wp-content\/uploads\/2019\/08\/kinderlauf-rostock-marathon_c_bms_olaf-jenjahn.jpg-600x600.jpg","medium_large":"https:\/\/mv-sport.de\/c\/wp-content\/uploads\/2019\/08\/kinderlauf-rostock-marathon_c_bms_olaf-jenjahn.jpg.jpg","large":"https:\/\/mv-sport.de\/c\/wp-content\/uploads\/2019\/08\/kinderlauf-rostock-marathon_c_bms_olaf-jenjahn.jpg.jpg","full":"https:\/\/mv-sport.de\/c\/wp-content\/uploads\/2019\/08\/kinderlauf-rostock-marathon_c_bms_olaf-jenjahn.jpg.jpg","alt":"","caption":"Kinderlauf w\u00e4hrend der 17. hella marathon nacht rostock. Foto: BMS\/ Olaf Jenjahn"},"spectra_custom_meta":{"uab_option":["yes"],"uab_meta_position":["default"],"_extra_rating_average":["0"],"_seopress_analysis_data":["a:19:{s:5:\"title\";s:67:\"hella marathon nacht rostock: Absage der Kinder- und Sch\u00fclerl\u00e4ufe\";s:9:\"meta_desc\";s:181:\"Karsten Sch\u00f6lermann: &quot;Um die Gesundheit und Sicherheit aller Teilnehmerinnen und Teilnehmer zu gew\u00e4hren, wird die Veranstaltung mit einem angepassten Konzept umgesetzt.&quot;\";s:8:\"og_title\";a:2:{s:5:\"count\";i:1;s:6:\"values\";a:1:{i:0;s:67:\"hella marathon nacht rostock: Absage der Kinder- und Sch\u00fclerl\u00e4ufe\";}}s:7:\"og_desc\";a:2:{s:5:\"count\";i:1;s:6:\"values\";a:1:{i:0;s:181:\"Karsten Sch\u00f6lermann: &quot;Um die Gesundheit und Sicherheit aller Teilnehmerinnen und Teilnehmer zu gew\u00e4hren, wird die Veranstaltung mit einem angepassten Konzept umgesetzt.&quot;\";}}s:6:\"og_img\";a:2:{s:5:\"count\";i:1;s:6:\"values\";a:1:{i:0;s:101:\"https:\/\/mv-sport.de\/wp-content\/uploads\/2019\/08\/kinderlauf-rostock-marathon_c_bms_olaf-jenjahn.jpg.jpg\";}}s:6:\"og_url\";a:3:{s:5:\"count\";i:1;s:6:\"values\";a:1:{i:0;s:85:\"https:\/\/mv-sport.de\/hella-marathon-nacht-rostock-absage-der-kinder-und-schuelerlaeufe\";}s:4:\"host\";s:11:\"mv-sport.de\";}s:12:\"og_site_name\";a:2:{s:5:\"count\";i:1;s:6:\"values\";a:1:{i:0;s:72:\"MV-Sport.de - Sportvereine &amp; Sportnachrichten Mecklenburg-Vorpommern\";}}s:8:\"tw_title\";a:2:{s:5:\"count\";i:1;s:6:\"values\";a:1:{i:0;s:67:\"hella marathon nacht rostock: Absage der Kinder- und Sch\u00fclerl\u00e4ufe\";}}s:7:\"tw_desc\";a:2:{s:5:\"count\";i:1;s:6:\"values\";a:1:{i:0;s:181:\"Karsten Sch\u00f6lermann: &quot;Um die Gesundheit und Sicherheit aller Teilnehmerinnen und Teilnehmer zu gew\u00e4hren, wird die Veranstaltung mit einem angepassten Konzept umgesetzt.&quot;\";}}s:6:\"tw_img\";a:2:{s:5:\"count\";i:1;s:6:\"values\";a:1:{i:0;s:101:\"https:\/\/mv-sport.de\/wp-content\/uploads\/2019\/08\/kinderlauf-rostock-marathon_c_bms_olaf-jenjahn.jpg.jpg\";}}s:9:\"canonical\";s:86:\"https:\/\/mv-sport.de\/hella-marathon-nacht-rostock-absage-der-kinder-und-schuelerlaeufe\/\";s:13:\"all_canonical\";a:1:{i:0;s:86:\"https:\/\/mv-sport.de\/hella-marathon-nacht-rostock-absage-der-kinder-und-schuelerlaeufe\/\";}s:3:\"img\";a:1:{s:6:\"images\";a:6:{i:0;s:101:\"https:\/\/mv-sport.de\/wp-content\/uploads\/2019\/08\/kinderlauf-rostock-marathon_c_bms_olaf-jenjahn.jpg.jpg\";i:1;s:68:\"https:\/\/mv-sport.de\/wp-content\/uploads\/2017\/06\/logo_autor_profil.png\";i:2;s:89:\"https:\/\/mv-sport.de\/wp-content\/sabai\/File\/thumbnails\/342bbf091965394f61bdfa15fbeeab35.jpg\";i:3;s:89:\"https:\/\/mv-sport.de\/wp-content\/sabai\/File\/thumbnails\/393a422bcd25e355991214d3b0181b22.jpg\";i:4;s:89:\"https:\/\/mv-sport.de\/wp-content\/sabai\/File\/thumbnails\/908f2ea075005f3b54cfb0676782bf50.jpg\";i:5;s:61:\"https:\/\/mv-sport.de\/wp-content\/uploads\/2017\/05\/140x70px-3.gif\";}}s:11:\"meta_robots\";a:1:{i:0;a:1:{i:0;s:13:\"index, follow\";}}s:14:\"outbound_links\";a:8:{i:0;a:1:{s:34:\"https:\/\/www.facebook.com\/MVSportde\";s:0:\"\";}i:1;a:1:{s:37:\"https:\/\/www.instagram.com\/mv_sport.de\";s:0:\"\";}i:3;a:1:{s:28:\"http:\/\/www.elegantthemes.com\";s:14:\"Elegant Themes\";}i:4;a:1:{s:24:\"http:\/\/www.wordpress.org\";s:9:\"WordPress\";}i:5;a:1:{s:20:\"http:\/\/www.web-mv.de\";s:9:\"web-mv.de\";}i:6;a:1:{s:33:\"http:\/\/www.webdesign-schwerin.net\";s:0:\"\";}i:7;a:1:{s:34:\"https:\/\/www.facebook.com\/MVSportde\";s:13:\"\n    Like us!\";}i:8;a:1:{s:37:\"https:\/\/www.instagram.com\/mv_sport.de\";s:15:\"\n    Follow us!\";}}s:13:\"words_counter\";i:360;s:20:\"words_counter_unique\";i:222;s:4:\"json\";a:2:{i:0;s:12:\"Organization\";i:1;s:14:\"BreadcrumbList\";}s:5:\"score\";b:0;}"],"_edit_lock":["1614891636:2"],"_edit_last":["2"],"xyz_fbap_future_to_publish":["a:3:{s:18:\"post_fb_permission\";i:1;s:18:\"xyz_fbap_po_method\";s:1:\"2\";s:16:\"xyz_fbap_message\";s:17:\"{POST_EXCERPT}...\";}"],"_seopress_pro_schemas_manual":["a:1:{i:0;a:1:{s:32:\"_seopress_pro_rich_snippets_type\";s:4:\"none\";}}"],"_seopress_titles_title":["hella marathon nacht rostock: Absage der Kinder- und Sch\u00fclerl\u00e4ufe"],"_seopress_titles_desc":["Karsten Sch\u00f6lermann: &quot;Um die Gesundheit und Sicherheit aller Teilnehmerinnen und Teilnehmer zu gew\u00e4hren, wird die Veranstaltung mit einem angepassten Konzept umgesetzt.&quot;"],"_seopress_robots_canonical":[""],"_seopress_robots_primary_cat":["none"],"_seopress_robots_breadcrumbs":[""],"_seopress_social_fb_title":[""],"_seopress_social_fb_desc":[""],"_seopress_social_fb_img":[""],"_seopress_social_twitter_title":[""],"_seopress_social_twitter_desc":[""],"_seopress_social_twitter_img":[""],"_seopress_redirections_type":["301"],"_seopress_redirections_value":[""],"_post_review_box_title":["Rezension"],"_post_review_box_summary":[""],"_post_review_box_summary_title":["Zusammenfassung"],"_post_review_box_breakdowns_score":["0"],"_post_review_box_breakdowns_count":["1"],"_post_review_box_breakdowns":["a:1:{i:0;a:2:{s:5:\"title\";s:0:\"\";s:6:\"rating\";i:0;}}"],"_extra_sidebar_location":[""],"_extra_sidebar":[""],"post_views_count":["299"],"_thumbnail_id":["34181"],"xyz_fbap":["1"],"xyz_fbap_insert_og":["1"],"_seopress_analysis_target_kw":[""],"wp_schema_pro_optimized_structured_data":["<!-- Schema optimized by Schema Pro --><script type=\"application\/ld+json\">{\"@context\":\"https:\/\/schema.org\",\"@type\":\"NewsArticle\",\"mainEntityOfPage\":{\"@type\":\"WebPage\",\"@id\":\"https:\/\/mv-sport.de\/hella-marathon-nacht-rostock-absage-der-kinder-und-schuelerlaeufe\/\"},\"headline\":\"hella marathon nacht rostock: Absage der Kinder- und Sch\u00fclerl\u00e4ufe\",\"image\":{\"@type\":\"ImageObject\",\"url\":\"https:\/\/mv-sport.de\/wp-content\/uploads\/2019\/08\/kinderlauf-rostock-marathon_c_bms_olaf-jenjahn.jpg.jpg\",\"width\":1000,\"height\":667},\"datePublished\":\"2021-03-04T22:01:46\",\"dateModified\":\"2021-03-04T22:01:46\",\"author\":{\"@type\":\"Person\",\"name\":\"MV-Sport.de\",\"url\":\"https:\/\/mv-sport.de\/author\/mv-sport-de\"},\"publisher\":{\"@type\":\"Organization\",\"name\":\"MV-Sport.de - Sportvereine &amp; Sportnachrichten Mecklenburg-Vorpommern\",\"logo\":{\"@type\":\"ImageObject\",\"url\":\"https:\/\/mv-sport.de\/wp-content\/uploads\/2017\/05\/logo-mv-sport-292x60.png\"}}}<\/script><!-- \/ Schema optimized by Schema Pro -->"],"__post_views_count":["774"],"astra_style_timestamp_css":["1757507450"],"_uag_css_file_name":["uag-css-69737.css"],"_uag_page_assets":["a:9:{s:3:\"css\";s:7010:\".uagb-block-88f5875d.wp-block-uagb-image--layout-default figure img{box-shadow: 0px 0px 0 #00000070;}.uagb-block-88f5875d.wp-block-uagb-image .wp-block-uagb-image__figure figcaption{font-style: normal;align-self: center;}.uagb-block-88f5875d.wp-block-uagb-image--layout-overlay figure img{box-shadow: 0px 0px 0 #00000070;}.uagb-block-88f5875d.wp-block-uagb-image--layout-overlay .wp-block-uagb-image--layout-overlay__color-wrapper{opacity: 0.2;}.uagb-block-88f5875d.wp-block-uagb-image--layout-overlay .wp-block-uagb-image--layout-overlay__inner{left: 15px;right: 15px;top: 15px;bottom: 15px;}.uagb-block-88f5875d.wp-block-uagb-image--layout-overlay .wp-block-uagb-image--layout-overlay__inner .uagb-image-heading{font-style: normal;color: #fff;opacity: 1;}.uagb-block-88f5875d.wp-block-uagb-image--layout-overlay .wp-block-uagb-image--layout-overlay__inner .uagb-image-heading a{color: #fff;}.uagb-block-88f5875d.wp-block-uagb-image--layout-overlay .wp-block-uagb-image--layout-overlay__inner .uagb-image-caption{opacity: 0;}.uagb-block-88f5875d.wp-block-uagb-image--layout-overlay .wp-block-uagb-image__figure:hover .wp-block-uagb-image--layout-overlay__color-wrapper{opacity: 1;}.uagb-block-88f5875d.wp-block-uagb-image .wp-block-uagb-image--layout-overlay__inner .uagb-image-separator{width: 30%;border-top-width: 2px;border-top-color: #fff;opacity: 0;}.uagb-block-88f5875d.wp-block-uagb-image .wp-block-uagb-image__figure img{width: 297px;height: auto;}.uagb-block-88f5875d.wp-block-uagb-image .wp-block-uagb-image__figure:hover .wp-block-uagb-image--layout-overlay__inner .uagb-image-caption{opacity: 1;}.uagb-block-88f5875d.wp-block-uagb-image .wp-block-uagb-image__figure:hover .wp-block-uagb-image--layout-overlay__inner .uagb-image-separator{opacity: 1;}.uagb-block-88f5875d.wp-block-uagb-image--layout-default figure:hover img{box-shadow: 0px 0px 0 #00000070;}.uagb-block-88f5875d.wp-block-uagb-image--layout-overlay figure:hover img{box-shadow: 0px 0px 0 #00000070;}@media only screen and (max-width: 976px) {.uagb-block-88f5875d.wp-block-uagb-image .wp-block-uagb-image__figure img{width: 297px;height: auto;}}@media only screen and (max-width: 767px) {.uagb-block-88f5875d.wp-block-uagb-image .wp-block-uagb-image__figure img{width: 297px;height: auto;}}.uagb-block-b6c54374.wp-block-uagb-image{margin-top: 0px;margin-right: 0px;margin-bottom: 0px;margin-left: 0px;}.uagb-block-b6c54374.wp-block-uagb-image--layout-default figure img{box-shadow: 0px 0px 0 #00000070;}.uagb-block-b6c54374.wp-block-uagb-image .wp-block-uagb-image__figure figcaption{font-style: normal;align-self: center;}.uagb-block-b6c54374.wp-block-uagb-image--layout-overlay figure img{box-shadow: 0px 0px 0 #00000070;}.uagb-block-b6c54374.wp-block-uagb-image--layout-overlay .wp-block-uagb-image--layout-overlay__color-wrapper{opacity: 0.2;}.uagb-block-b6c54374.wp-block-uagb-image--layout-overlay .wp-block-uagb-image--layout-overlay__inner{left: 15px;right: 15px;top: 15px;bottom: 15px;}.uagb-block-b6c54374.wp-block-uagb-image--layout-overlay .wp-block-uagb-image--layout-overlay__inner .uagb-image-heading{font-style: normal;color: #fff;opacity: 1;}.uagb-block-b6c54374.wp-block-uagb-image--layout-overlay .wp-block-uagb-image--layout-overlay__inner .uagb-image-heading a{color: #fff;}.uagb-block-b6c54374.wp-block-uagb-image--layout-overlay .wp-block-uagb-image--layout-overlay__inner .uagb-image-caption{opacity: 0;}.uagb-block-b6c54374.wp-block-uagb-image--layout-overlay .wp-block-uagb-image__figure:hover .wp-block-uagb-image--layout-overlay__color-wrapper{opacity: 1;}.uagb-block-b6c54374.wp-block-uagb-image .wp-block-uagb-image--layout-overlay__inner .uagb-image-separator{width: 30%;border-top-width: 2px;border-top-color: #fff;opacity: 0;}.uagb-block-b6c54374.wp-block-uagb-image .wp-block-uagb-image__figure img{width: px;height: auto;}.uagb-block-b6c54374.wp-block-uagb-image .wp-block-uagb-image__figure:hover .wp-block-uagb-image--layout-overlay__inner .uagb-image-caption{opacity: 1;}.uagb-block-b6c54374.wp-block-uagb-image .wp-block-uagb-image__figure:hover .wp-block-uagb-image--layout-overlay__inner .uagb-image-separator{opacity: 1;}.uagb-block-b6c54374.wp-block-uagb-image--layout-default figure:hover img{box-shadow: 0px 0px 0 #00000070;}.uagb-block-b6c54374.wp-block-uagb-image--layout-overlay figure:hover img{box-shadow: 0px 0px 0 #00000070;}@media only screen and (max-width: 976px) {.uagb-block-b6c54374.wp-block-uagb-image .wp-block-uagb-image__figure img{width: px;height: auto;}}@media only screen and (max-width: 767px) {.uagb-block-b6c54374.wp-block-uagb-image .wp-block-uagb-image__figure img{width: px;height: auto;}}.uagb-block-2bdcf70c.wp-block-uagb-image{margin-top: 0px;margin-right: 0px;margin-bottom: 0px;margin-left: 0px;}.uagb-block-2bdcf70c.wp-block-uagb-image--layout-default figure img{box-shadow: 0px 0px 0 #00000070;}.uagb-block-2bdcf70c.wp-block-uagb-image .wp-block-uagb-image__figure figcaption{font-style: normal;align-self: center;}.uagb-block-2bdcf70c.wp-block-uagb-image--layout-overlay figure img{box-shadow: 0px 0px 0 #00000070;}.uagb-block-2bdcf70c.wp-block-uagb-image--layout-overlay .wp-block-uagb-image--layout-overlay__color-wrapper{opacity: 0.2;}.uagb-block-2bdcf70c.wp-block-uagb-image--layout-overlay .wp-block-uagb-image--layout-overlay__inner{left: 15px;right: 15px;top: 15px;bottom: 15px;}.uagb-block-2bdcf70c.wp-block-uagb-image--layout-overlay .wp-block-uagb-image--layout-overlay__inner .uagb-image-heading{font-style: normal;color: #fff;opacity: 1;}.uagb-block-2bdcf70c.wp-block-uagb-image--layout-overlay .wp-block-uagb-image--layout-overlay__inner .uagb-image-heading a{color: #fff;}.uagb-block-2bdcf70c.wp-block-uagb-image--layout-overlay .wp-block-uagb-image--layout-overlay__inner .uagb-image-caption{opacity: 0;}.uagb-block-2bdcf70c.wp-block-uagb-image--layout-overlay .wp-block-uagb-image__figure:hover .wp-block-uagb-image--layout-overlay__color-wrapper{opacity: 1;}.uagb-block-2bdcf70c.wp-block-uagb-image .wp-block-uagb-image--layout-overlay__inner .uagb-image-separator{width: 30%;border-top-width: 2px;border-top-color: #fff;opacity: 0;}.uagb-block-2bdcf70c.wp-block-uagb-image .wp-block-uagb-image__figure img{width: px;height: auto;}.uagb-block-2bdcf70c.wp-block-uagb-image .wp-block-uagb-image__figure:hover .wp-block-uagb-image--layout-overlay__inner .uagb-image-caption{opacity: 1;}.uagb-block-2bdcf70c.wp-block-uagb-image .wp-block-uagb-image__figure:hover .wp-block-uagb-image--layout-overlay__inner .uagb-image-separator{opacity: 1;}.uagb-block-2bdcf70c.wp-block-uagb-image--layout-default figure:hover img{box-shadow: 0px 0px 0 #00000070;}.uagb-block-2bdcf70c.wp-block-uagb-image--layout-overlay figure:hover img{box-shadow: 0px 0px 0 #00000070;}@media only screen and (max-width: 976px) {.uagb-block-2bdcf70c.wp-block-uagb-image .wp-block-uagb-image__figure img{width: px;height: auto;}}@media only screen and (max-width: 767px) {.uagb-block-2bdcf70c.wp-block-uagb-image .wp-block-uagb-image__figure img{width: px;height: auto;}}\";s:2:\"js\";s:0:\"\";s:18:\"current_block_list\";a:28:{i:0;s:10:\"core\/group\";i:2;s:24:\"core\/post-featured-image\";i:3;s:15:\"core\/post-title\";i:5;s:14:\"core\/post-date\";i:6;s:16:\"core\/post-author\";i:7;s:15:\"core\/post-terms\";i:8;s:17:\"core\/post-content\";i:9;s:14:\"core\/separator\";i:10;s:13:\"core\/comments\";i:11;s:19:\"core\/comments-title\";i:12;s:21:\"core\/comment-template\";i:15;s:11:\"core\/avatar\";i:16;s:24:\"core\/comment-author-name\";i:17;s:17:\"core\/comment-date\";i:18;s:20:\"core\/comment-content\";i:19;s:23:\"core\/comment-reply-link\";i:20;s:24:\"core\/comments-pagination\";i:21;s:33:\"core\/comments-pagination-previous\";i:22;s:32:\"core\/comments-pagination-numbers\";i:23;s:29:\"core\/comments-pagination-next\";i:24;s:23:\"core\/post-comments-form\";i:25;s:14:\"core\/tag-cloud\";i:26;s:12:\"core\/heading\";i:27;s:14:\"core\/paragraph\";i:28;s:12:\"core\/buttons\";i:29;s:11:\"core\/button\";i:30;s:10:\"uagb\/image\";i:31;s:10:\"core\/image\";}s:8:\"uag_flag\";b:1;s:11:\"uag_version\";s:10:\"1777294454\";s:6:\"gfonts\";a:0:{}s:10:\"gfonts_url\";s:0:\"\";s:12:\"gfonts_files\";a:0:{}s:14:\"uag_faq_layout\";b:0;}"]},"uagb_featured_image_src":{"full":["https:\/\/mv-sport.de\/c\/wp-content\/uploads\/2019\/08\/kinderlauf-rostock-marathon_c_bms_olaf-jenjahn.jpg.jpg",1000,667,false],"thumbnail":["https:\/\/mv-sport.de\/c\/wp-content\/uploads\/2019\/08\/kinderlauf-rostock-marathon_c_bms_olaf-jenjahn.jpg-150x150.jpg",150,150,true],"medium":["https:\/\/mv-sport.de\/c\/wp-content\/uploads\/2019\/08\/kinderlauf-rostock-marathon_c_bms_olaf-jenjahn.jpg-600x600.jpg",350,350,true],"medium_large":["https:\/\/mv-sport.de\/c\/wp-content\/uploads\/2019\/08\/kinderlauf-rostock-marathon_c_bms_olaf-jenjahn.jpg.jpg",768,512,false],"large":["https:\/\/mv-sport.de\/c\/wp-content\/uploads\/2019\/08\/kinderlauf-rostock-marathon_c_bms_olaf-jenjahn.jpg.jpg",1000,667,false],"1536x1536":["https:\/\/mv-sport.de\/c\/wp-content\/uploads\/2019\/08\/kinderlauf-rostock-marathon_c_bms_olaf-jenjahn.jpg.jpg",1000,667,false],"2048x2048":["https:\/\/mv-sport.de\/c\/wp-content\/uploads\/2019\/08\/kinderlauf-rostock-marathon_c_bms_olaf-jenjahn.jpg.jpg",1000,667,false],"ultp_layout_landscape_large":["https:\/\/mv-sport.de\/c\/wp-content\/uploads\/2019\/08\/kinderlauf-rostock-marathon_c_bms_olaf-jenjahn.jpg.jpg",1000,667,false],"ultp_layout_landscape":["https:\/\/mv-sport.de\/c\/wp-content\/uploads\/2019\/08\/kinderlauf-rostock-marathon_c_bms_olaf-jenjahn.jpg.jpg",855,570,false],"ultp_layout_portrait":["https:\/\/mv-sport.de\/c\/wp-content\/uploads\/2019\/08\/kinderlauf-rostock-marathon_c_bms_olaf-jenjahn.jpg.jpg",600,400,false],"ultp_layout_square":["https:\/\/mv-sport.de\/c\/wp-content\/uploads\/2019\/08\/kinderlauf-rostock-marathon_c_bms_olaf-jenjahn.jpg.jpg",600,400,false]},"uagb_author_info":{"display_name":"MV-Sport.de","author_link":"https:\/\/mv-sport.de\/c\/author\/mv-sport-de\/"},"uagb_comment_info":0,"uagb_excerpt":"Aufgrund der weiterhin starken Auswirkungen der Corona-Pandemie und der damit nicht vorhersehbaren Folgen f\u00fcr die 19. hella marathon nacht rostock 2021 am 31. Juli, werden die Kinder- und Sch\u00fclerl\u00e4ufe der Veranstaltung nicht stattfinden k\u00f6nnen. \u201eUm die Gesundheit und Sicherheit aller Teilnehmerinnen und Teilnehmer zu gew\u00e4hren, wird die Veranstaltung mit einem angepassten Konzept umgesetzt, welches bedauerlicherweise&hellip;","_links":{"self":[{"href":"https:\/\/mv-sport.de\/c\/wp-json\/wp\/v2\/posts\/69737","targetHints":{"allow":["GET"]}}],"collection":[{"href":"https:\/\/mv-sport.de\/c\/wp-json\/wp\/v2\/posts"}],"about":[{"href":"https:\/\/mv-sport.de\/c\/wp-json\/wp\/v2\/types\/post"}],"author":[{"embeddable":true,"href":"https:\/\/mv-sport.de\/c\/wp-json\/wp\/v2\/users\/2"}],"replies":[{"embeddable":true,"href":"https:\/\/mv-sport.de\/c\/wp-json\/wp\/v2\/comments?post=69737"}],"version-history":[{"count":0,"href":"https:\/\/mv-sport.de\/c\/wp-json\/wp\/v2\/posts\/69737\/revisions"}],"wp:featuredmedia":[{"embeddable":true,"href":"https:\/\/mv-sport.de\/c\/wp-json\/wp\/v2\/media\/34181"}],"wp:attachment":[{"href":"https:\/\/mv-sport.de\/c\/wp-json\/wp\/v2\/media?parent=69737"}],"wp:term":[{"taxonomy":"category","embeddable":true,"href":"https:\/\/mv-sport.de\/c\/wp-json\/wp\/v2\/categories?post=69737"},{"taxonomy":"post_tag","embeddable":true,"href":"https:\/\/mv-sport.de\/c\/wp-json\/wp\/v2\/tags?post=69737"},{"taxonomy":"ort","embeddable":true,"href":"https:\/\/mv-sport.de\/c\/wp-json\/wp\/v2\/ort?post=69737"}],"curies":[{"name":"wp","href":"https:\/\/api.w.org\/{rel}","templated":true}]}}