{"id":71453,"date":"2021-04-16T19:53:21","date_gmt":"2021-04-16T17:53:21","guid":{"rendered":"https:\/\/mv-sport.de\/?p=71453"},"modified":"2021-04-16T19:53:21","modified_gmt":"2021-04-16T17:53:21","slug":"rostocker-citylauf-wird-verschoben","status":"publish","type":"post","link":"https:\/\/mv-sport.de\/c\/rostocker-citylauf-wird-verschoben\/","title":{"rendered":"Rostocker Citylauf wird verschoben"},"content":{"rendered":"<h3>Neuer Termin im September<\/h3>\n<p>Der 29. Rostocker Citylauf wird vom 16.05. auf den 05.09.2021 verschoben. Die aktuelle Infektionslage und damit verbundenen Einschr\u00e4nkungen lassen keine andere M\u00f6glichkeit zu, so der Veranstalter. Der Vorstand des Rostocker Citylauf e.V. und die Agentur PRO EVENT hatten an diesem Montag in gemeinsamer Abstimmung die Entscheidung getroffen. \u201eDer Rostocker Citylauf musste bereits im Vorjahr in den September verlegt werden. Wir hatten bis zuletzt gehofft, dass wir es im Mai hinbekommen\u201c so Volkmar M\u00f6ller (55) vom Rostocker Citylauf e.V. f\u00fcr den Veranstalter.<\/p>\n<figure id=\"attachment_71459\" aria-describedby=\"caption-attachment-71459\" style=\"width: 1000px\" class=\"wp-caption alignnone\"><img loading=\"lazy\" decoding=\"async\" class=\"size-full wp-image-71459\" src=\"https:\/\/mv-sport.de\/wp-content\/uploads\/2021\/04\/cityauf-2021_c_pe.jpg\" alt=\"\" width=\"1000\" height=\"694\" \/><figcaption id=\"caption-attachment-71459\" class=\"wp-caption-text\">Rostocker Citylauf im Rostocker Stadthafen | Foto: PRO EVENT<\/figcaption><\/figure>\n<p>Gemeinsam mit der Stadt Rostock, den Partnern und Helfern waren bis zum heutigen Zeitpunkt nahezu alle notwendigen Vorbereitungen im Plan. Der Neue Markt sollte wie 2019 wieder Start und Zielbereich f\u00fcr die fast 4000 Teilnehmer sein. \u201eBesonders bitter ist, das erneut viele Partner und Lieferanten aus der Region mitbetroffen sind\u201c so Roman Klawun (53). Alle gemeldeten L\u00e4uferinnen und L\u00e4ufer bekommen in den n\u00e4chsten Tagen eine Information zu den bereits gezahlten Startgeldern. Wer am 05.09. nicht starten kann, hat die M\u00f6glichkeit seinen Startplatz in den Mai 2022 zu verschieben oder eine Erstattung zu erhalten.<\/p>\n<p>Nach der Terminverschiebung des Dar\u00df Marathon, des Ostseek\u00fcstenlauf Rerik und des Rostocker Firmenlaufes ist die Verschiebung des Citylaufes die vierte Sportveranstaltung, die auf Grund von Corona in diesem Jahr verschoben werden musste. Betroffen sind ca. 8500 Teilnehmer aus ganz MV sowie vielen Teilen Deutschlands.<\/p>\n<p>\u201eViele L\u00e4uferinnen und L\u00e4ufer trainieren zum Teil wochenlang f\u00fcr die Laufevents. Die allermeisten kommen somit wenigstens gesund und vital durch diese Zeit\u201c so Roman Klawun. Im April 2020 hatte PRO EVENT mit einer eigenen Umfrage in der Region Rostock herausgefunden, das ca. 25% mehr Rostockerinnen und Rostocker mit dem Laufen begonnen hatten. Bis Ende Mai sollen die Daten aus der aktuellen Umfrage 2021 vorliegen. Eventuell kann der 29. Rostocker Citylauf am 05.09. davon profitieren.<\/p>\n<p>Infos und Anmeldungen zum Lauf unter www.rostocker-citylauf.de.<\/p>\n<p><span style=\"color: #999999;\"><em>Quelle: Pro Event \/ <span class=\"fontstyle0\">Rostocker Citylauf<\/span> e.V.<\/em><\/span><\/p>\n","protected":false},"excerpt":{"rendered":"<p>Neuer Termin im September Der 29. Rostocker Citylauf wird vom 16.05. auf den 05.09.2021 verschoben. Die aktuelle Infektionslage und damit verbundenen Einschr\u00e4nkungen lassen keine andere M\u00f6glichkeit zu, so der Veranstalter. Der Vorstand des Rostocker Citylauf e.V. und die Agentur PRO EVENT hatten an diesem Montag in gemeinsamer Abstimmung die Entscheidung getroffen. \u201eDer Rostocker Citylauf musste [&hellip;]<\/p>\n","protected":false},"author":2,"featured_media":71459,"comment_status":"open","ping_status":"open","sticky":false,"template":"","format":"standard","meta":{"_seopress_robots_primary_cat":"none","_seopress_titles_title":"29. Rostocker Citylauf wird verschoben | Neuer Termin: September","_seopress_titles_desc":"Die aktuelle Infektionslage und damit verbundenen Einschr\u00e4nkungen lassen keine andere M\u00f6glichkeit zu, so der Veranstalter: &quot;Der Rostocker Citylauf musste bereits im Vorjahr in den September verlegt werden.&quot;","_seopress_robots_index":"","_relevanssi_hide_post":"","_relevanssi_hide_content":"","_relevanssi_pin_for_all":"","_relevanssi_pin_keywords":"","_relevanssi_unpin_keywords":"","_relevanssi_related_keywords":"","_relevanssi_related_include_ids":"","_relevanssi_related_exclude_ids":"","_relevanssi_related_no_append":"","_relevanssi_related_not_related":"","_relevanssi_related_posts":"","_relevanssi_noindex_reason":"","_uag_custom_page_level_css":"","footnotes":""},"categories":[47],"tags":[],"ort":[],"class_list":{"0":"post-71453","1":"post","2":"type-post","3":"status-publish","4":"format-standard","5":"has-post-thumbnail","7":"category-laufsport"},"featured_image_urls":{"medium":"https:\/\/mv-sport.de\/c\/wp-content\/uploads\/2021\/04\/cityauf-2021_c_pe-600x600.jpg","medium_large":"https:\/\/mv-sport.de\/c\/wp-content\/uploads\/2021\/04\/cityauf-2021_c_pe.jpg","large":"https:\/\/mv-sport.de\/c\/wp-content\/uploads\/2021\/04\/cityauf-2021_c_pe.jpg","full":"https:\/\/mv-sport.de\/c\/wp-content\/uploads\/2021\/04\/cityauf-2021_c_pe.jpg","alt":"","caption":"Rostocker Citylauf im Rostocker Stadthafen | Foto: PRO EVENT"},"spectra_custom_meta":{"uab_option":["yes"],"uab_meta_position":["default"],"_extra_rating_average":["0"],"_seopress_analysis_data":["a:20:{s:5:\"title\";s:64:\"29. Rostocker Citylauf wird verschoben | Neuer Termin: September\";s:9:\"meta_desc\";s:218:\"Die aktuelle Infektionslage und damit verbundenen Einschr\u00e4nkungen lassen keine andere M\u00f6glichkeit zu, so der Veranstalter: &quot;Der Rostocker Citylauf musste bereits im Vorjahr in den September verlegt werden.&quot;\";s:8:\"og_title\";a:2:{s:5:\"count\";i:1;s:6:\"values\";a:1:{i:0;s:64:\"29. Rostocker Citylauf wird verschoben | Neuer Termin: September\";}}s:7:\"og_desc\";a:2:{s:5:\"count\";i:1;s:6:\"values\";a:1:{i:0;s:218:\"Die aktuelle Infektionslage und damit verbundenen Einschr\u00e4nkungen lassen keine andere M\u00f6glichkeit zu, so der Veranstalter: &quot;Der Rostocker Citylauf musste bereits im Vorjahr in den September verlegt werden.&quot;\";}}s:6:\"og_img\";a:2:{s:5:\"count\";i:1;s:6:\"values\";a:1:{i:0;s:68:\"https:\/\/mv-sport.de\/wp-content\/uploads\/2021\/04\/cityauf-2021_c_pe.jpg\";}}s:6:\"og_url\";a:3:{s:5:\"count\";i:1;s:6:\"values\";a:1:{i:0;s:54:\"https:\/\/mv-sport.de\/rostocker-citylauf-wird-verschoben\";}s:4:\"host\";s:11:\"mv-sport.de\";}s:12:\"og_site_name\";a:2:{s:5:\"count\";i:1;s:6:\"values\";a:1:{i:0;s:72:\"MV-Sport.de - Sportvereine &amp; Sportnachrichten Mecklenburg-Vorpommern\";}}s:8:\"tw_title\";a:2:{s:5:\"count\";i:1;s:6:\"values\";a:1:{i:0;s:64:\"29. Rostocker Citylauf wird verschoben | Neuer Termin: September\";}}s:7:\"tw_desc\";a:2:{s:5:\"count\";i:1;s:6:\"values\";a:1:{i:0;s:218:\"Die aktuelle Infektionslage und damit verbundenen Einschr\u00e4nkungen lassen keine andere M\u00f6glichkeit zu, so der Veranstalter: &quot;Der Rostocker Citylauf musste bereits im Vorjahr in den September verlegt werden.&quot;\";}}s:6:\"tw_img\";a:2:{s:5:\"count\";i:1;s:6:\"values\";a:1:{i:0;s:68:\"https:\/\/mv-sport.de\/wp-content\/uploads\/2021\/04\/cityauf-2021_c_pe.jpg\";}}s:9:\"canonical\";s:55:\"https:\/\/mv-sport.de\/rostocker-citylauf-wird-verschoben\/\";s:13:\"all_canonical\";a:1:{i:0;s:55:\"https:\/\/mv-sport.de\/rostocker-citylauf-wird-verschoben\/\";}s:2:\"h1\";a:1:{s:9:\"nomatches\";a:1:{s:5:\"count\";i:1;}}s:3:\"img\";a:1:{s:6:\"images\";a:6:{i:0;s:68:\"https:\/\/mv-sport.de\/wp-content\/uploads\/2021\/04\/cityauf-2021_c_pe.jpg\";i:1;s:68:\"https:\/\/mv-sport.de\/wp-content\/uploads\/2017\/06\/logo_autor_profil.png\";i:2;s:89:\"https:\/\/mv-sport.de\/wp-content\/sabai\/File\/thumbnails\/963831b8d232a58cd781cbfe24105bf9.jpg\";i:3;s:89:\"https:\/\/mv-sport.de\/wp-content\/sabai\/File\/thumbnails\/b6c3734476e6377450eac286e435fddc.jpg\";i:4;s:89:\"https:\/\/mv-sport.de\/wp-content\/sabai\/File\/thumbnails\/a8165a7f399c88521a82396e0d1fb0c0.jpg\";i:5;s:61:\"https:\/\/mv-sport.de\/wp-content\/uploads\/2017\/05\/140x70px-3.gif\";}}s:11:\"meta_robots\";a:1:{i:0;a:1:{i:0;s:13:\"index, follow\";}}s:14:\"outbound_links\";a:8:{i:0;a:1:{s:34:\"https:\/\/www.facebook.com\/MVSportde\";s:0:\"\";}i:1;a:1:{s:37:\"https:\/\/www.instagram.com\/mv_sport.de\";s:0:\"\";}i:3;a:1:{s:28:\"http:\/\/www.elegantthemes.com\";s:14:\"Elegant Themes\";}i:4;a:1:{s:24:\"http:\/\/www.wordpress.org\";s:9:\"WordPress\";}i:5;a:1:{s:20:\"http:\/\/www.web-mv.de\";s:9:\"web-mv.de\";}i:6;a:1:{s:33:\"http:\/\/www.webdesign-schwerin.net\";s:0:\"\";}i:7;a:1:{s:34:\"https:\/\/www.facebook.com\/MVSportde\";s:13:\"\n    Like us!\";}i:8;a:1:{s:37:\"https:\/\/www.instagram.com\/mv_sport.de\";s:15:\"\n    Follow us!\";}}s:13:\"words_counter\";i:307;s:20:\"words_counter_unique\";i:193;s:4:\"json\";a:2:{i:0;s:12:\"Organization\";i:1;s:14:\"BreadcrumbList\";}s:5:\"score\";b:0;}"],"_edit_lock":["1618595530:2"],"_edit_last":["2"],"_thumbnail_id":["71459"],"xyz_fbap_future_to_publish":["a:3:{s:18:\"post_fb_permission\";i:1;s:18:\"xyz_fbap_po_method\";s:1:\"2\";s:16:\"xyz_fbap_message\";s:17:\"{POST_EXCERPT}...\";}"],"_seopress_pro_schemas_manual":["a:1:{i:0;a:1:{s:32:\"_seopress_pro_rich_snippets_type\";s:4:\"none\";}}"],"_seopress_titles_title":["29. Rostocker Citylauf wird verschoben | Neuer Termin: September"],"_seopress_titles_desc":["Die aktuelle Infektionslage und damit verbundenen Einschr\u00e4nkungen lassen keine andere M\u00f6glichkeit zu, so der Veranstalter: &quot;Der Rostocker Citylauf musste bereits im Vorjahr in den September verlegt werden.&quot;"],"_seopress_robots_canonical":[""],"_seopress_robots_primary_cat":["none"],"_seopress_robots_breadcrumbs":[""],"_seopress_social_fb_title":[""],"_seopress_social_fb_desc":[""],"_seopress_social_fb_img":[""],"_seopress_social_twitter_title":[""],"_seopress_social_twitter_desc":[""],"_seopress_social_twitter_img":[""],"_seopress_redirections_type":["301"],"_seopress_redirections_value":[""],"_post_review_box_title":["Rezension"],"_post_review_box_summary":[""],"_post_review_box_summary_title":["Zusammenfassung"],"_post_review_box_breakdowns_score":["0"],"_post_review_box_breakdowns_count":["1"],"_post_review_box_breakdowns":["a:1:{i:0;a:2:{s:5:\"title\";s:0:\"\";s:6:\"rating\";i:0;}}"],"_extra_sidebar_location":[""],"_extra_sidebar":[""],"post_views_count":["265"],"xyz_fbap":["1"],"xyz_fbap_insert_og":["1"],"_seopress_analysis_target_kw":[""],"wp_schema_pro_optimized_structured_data":["<!-- Schema optimized by Schema Pro --><script type=\"application\/ld+json\">{\"@context\":\"https:\/\/schema.org\",\"@type\":\"NewsArticle\",\"mainEntityOfPage\":{\"@type\":\"WebPage\",\"@id\":\"https:\/\/mv-sport.de\/rostocker-citylauf-wird-verschoben\/\"},\"headline\":\"Rostocker Citylauf wird verschoben\",\"image\":{\"@type\":\"ImageObject\",\"url\":\"https:\/\/mv-sport.de\/wp-content\/uploads\/2021\/04\/cityauf-2021_c_pe.jpg\",\"width\":1000,\"height\":694},\"datePublished\":\"2021-04-16T19:53:21\",\"dateModified\":\"2021-04-16T19:53:21\",\"author\":{\"@type\":\"Person\",\"name\":\"MV-Sport.de\",\"url\":\"https:\/\/mv-sport.de\/author\/mv-sport-de\"},\"publisher\":{\"@type\":\"Organization\",\"name\":\"MV-Sport.de - Sportvereine &amp; Sportnachrichten Mecklenburg-Vorpommern\",\"logo\":{\"@type\":\"ImageObject\",\"url\":\"https:\/\/mv-sport.de\/wp-content\/uploads\/2017\/05\/logo-mv-sport-292x60.png\"}}}<\/script><!-- \/ Schema optimized by Schema Pro -->"],"__post_views_count":["12536"],"astra_style_timestamp_css":["1757516765"],"_uag_css_file_name":["uag-css-71453.css"],"_uag_page_assets":["a:9:{s:3:\"css\";s:7010:\".uagb-block-88f5875d.wp-block-uagb-image--layout-default figure img{box-shadow: 0px 0px 0 #00000070;}.uagb-block-88f5875d.wp-block-uagb-image .wp-block-uagb-image__figure figcaption{font-style: normal;align-self: center;}.uagb-block-88f5875d.wp-block-uagb-image--layout-overlay figure img{box-shadow: 0px 0px 0 #00000070;}.uagb-block-88f5875d.wp-block-uagb-image--layout-overlay .wp-block-uagb-image--layout-overlay__color-wrapper{opacity: 0.2;}.uagb-block-88f5875d.wp-block-uagb-image--layout-overlay .wp-block-uagb-image--layout-overlay__inner{left: 15px;right: 15px;top: 15px;bottom: 15px;}.uagb-block-88f5875d.wp-block-uagb-image--layout-overlay .wp-block-uagb-image--layout-overlay__inner .uagb-image-heading{font-style: normal;color: #fff;opacity: 1;}.uagb-block-88f5875d.wp-block-uagb-image--layout-overlay .wp-block-uagb-image--layout-overlay__inner .uagb-image-heading a{color: #fff;}.uagb-block-88f5875d.wp-block-uagb-image--layout-overlay .wp-block-uagb-image--layout-overlay__inner .uagb-image-caption{opacity: 0;}.uagb-block-88f5875d.wp-block-uagb-image--layout-overlay .wp-block-uagb-image__figure:hover .wp-block-uagb-image--layout-overlay__color-wrapper{opacity: 1;}.uagb-block-88f5875d.wp-block-uagb-image .wp-block-uagb-image--layout-overlay__inner .uagb-image-separator{width: 30%;border-top-width: 2px;border-top-color: #fff;opacity: 0;}.uagb-block-88f5875d.wp-block-uagb-image .wp-block-uagb-image__figure img{width: 297px;height: auto;}.uagb-block-88f5875d.wp-block-uagb-image .wp-block-uagb-image__figure:hover .wp-block-uagb-image--layout-overlay__inner .uagb-image-caption{opacity: 1;}.uagb-block-88f5875d.wp-block-uagb-image .wp-block-uagb-image__figure:hover .wp-block-uagb-image--layout-overlay__inner .uagb-image-separator{opacity: 1;}.uagb-block-88f5875d.wp-block-uagb-image--layout-default figure:hover img{box-shadow: 0px 0px 0 #00000070;}.uagb-block-88f5875d.wp-block-uagb-image--layout-overlay figure:hover img{box-shadow: 0px 0px 0 #00000070;}@media only screen and (max-width: 976px) {.uagb-block-88f5875d.wp-block-uagb-image .wp-block-uagb-image__figure img{width: 297px;height: auto;}}@media only screen and (max-width: 767px) {.uagb-block-88f5875d.wp-block-uagb-image .wp-block-uagb-image__figure img{width: 297px;height: auto;}}.uagb-block-b6c54374.wp-block-uagb-image{margin-top: 0px;margin-right: 0px;margin-bottom: 0px;margin-left: 0px;}.uagb-block-b6c54374.wp-block-uagb-image--layout-default figure img{box-shadow: 0px 0px 0 #00000070;}.uagb-block-b6c54374.wp-block-uagb-image .wp-block-uagb-image__figure figcaption{font-style: normal;align-self: center;}.uagb-block-b6c54374.wp-block-uagb-image--layout-overlay figure img{box-shadow: 0px 0px 0 #00000070;}.uagb-block-b6c54374.wp-block-uagb-image--layout-overlay .wp-block-uagb-image--layout-overlay__color-wrapper{opacity: 0.2;}.uagb-block-b6c54374.wp-block-uagb-image--layout-overlay .wp-block-uagb-image--layout-overlay__inner{left: 15px;right: 15px;top: 15px;bottom: 15px;}.uagb-block-b6c54374.wp-block-uagb-image--layout-overlay .wp-block-uagb-image--layout-overlay__inner .uagb-image-heading{font-style: normal;color: #fff;opacity: 1;}.uagb-block-b6c54374.wp-block-uagb-image--layout-overlay .wp-block-uagb-image--layout-overlay__inner .uagb-image-heading a{color: #fff;}.uagb-block-b6c54374.wp-block-uagb-image--layout-overlay .wp-block-uagb-image--layout-overlay__inner .uagb-image-caption{opacity: 0;}.uagb-block-b6c54374.wp-block-uagb-image--layout-overlay .wp-block-uagb-image__figure:hover .wp-block-uagb-image--layout-overlay__color-wrapper{opacity: 1;}.uagb-block-b6c54374.wp-block-uagb-image .wp-block-uagb-image--layout-overlay__inner .uagb-image-separator{width: 30%;border-top-width: 2px;border-top-color: #fff;opacity: 0;}.uagb-block-b6c54374.wp-block-uagb-image .wp-block-uagb-image__figure img{width: px;height: auto;}.uagb-block-b6c54374.wp-block-uagb-image .wp-block-uagb-image__figure:hover .wp-block-uagb-image--layout-overlay__inner .uagb-image-caption{opacity: 1;}.uagb-block-b6c54374.wp-block-uagb-image .wp-block-uagb-image__figure:hover .wp-block-uagb-image--layout-overlay__inner .uagb-image-separator{opacity: 1;}.uagb-block-b6c54374.wp-block-uagb-image--layout-default figure:hover img{box-shadow: 0px 0px 0 #00000070;}.uagb-block-b6c54374.wp-block-uagb-image--layout-overlay figure:hover img{box-shadow: 0px 0px 0 #00000070;}@media only screen and (max-width: 976px) {.uagb-block-b6c54374.wp-block-uagb-image .wp-block-uagb-image__figure img{width: px;height: auto;}}@media only screen and (max-width: 767px) {.uagb-block-b6c54374.wp-block-uagb-image .wp-block-uagb-image__figure img{width: px;height: auto;}}.uagb-block-2bdcf70c.wp-block-uagb-image{margin-top: 0px;margin-right: 0px;margin-bottom: 0px;margin-left: 0px;}.uagb-block-2bdcf70c.wp-block-uagb-image--layout-default figure img{box-shadow: 0px 0px 0 #00000070;}.uagb-block-2bdcf70c.wp-block-uagb-image .wp-block-uagb-image__figure figcaption{font-style: normal;align-self: center;}.uagb-block-2bdcf70c.wp-block-uagb-image--layout-overlay figure img{box-shadow: 0px 0px 0 #00000070;}.uagb-block-2bdcf70c.wp-block-uagb-image--layout-overlay .wp-block-uagb-image--layout-overlay__color-wrapper{opacity: 0.2;}.uagb-block-2bdcf70c.wp-block-uagb-image--layout-overlay .wp-block-uagb-image--layout-overlay__inner{left: 15px;right: 15px;top: 15px;bottom: 15px;}.uagb-block-2bdcf70c.wp-block-uagb-image--layout-overlay .wp-block-uagb-image--layout-overlay__inner .uagb-image-heading{font-style: normal;color: #fff;opacity: 1;}.uagb-block-2bdcf70c.wp-block-uagb-image--layout-overlay .wp-block-uagb-image--layout-overlay__inner .uagb-image-heading a{color: #fff;}.uagb-block-2bdcf70c.wp-block-uagb-image--layout-overlay .wp-block-uagb-image--layout-overlay__inner .uagb-image-caption{opacity: 0;}.uagb-block-2bdcf70c.wp-block-uagb-image--layout-overlay .wp-block-uagb-image__figure:hover .wp-block-uagb-image--layout-overlay__color-wrapper{opacity: 1;}.uagb-block-2bdcf70c.wp-block-uagb-image .wp-block-uagb-image--layout-overlay__inner .uagb-image-separator{width: 30%;border-top-width: 2px;border-top-color: #fff;opacity: 0;}.uagb-block-2bdcf70c.wp-block-uagb-image .wp-block-uagb-image__figure img{width: px;height: auto;}.uagb-block-2bdcf70c.wp-block-uagb-image .wp-block-uagb-image__figure:hover .wp-block-uagb-image--layout-overlay__inner .uagb-image-caption{opacity: 1;}.uagb-block-2bdcf70c.wp-block-uagb-image .wp-block-uagb-image__figure:hover .wp-block-uagb-image--layout-overlay__inner .uagb-image-separator{opacity: 1;}.uagb-block-2bdcf70c.wp-block-uagb-image--layout-default figure:hover img{box-shadow: 0px 0px 0 #00000070;}.uagb-block-2bdcf70c.wp-block-uagb-image--layout-overlay figure:hover img{box-shadow: 0px 0px 0 #00000070;}@media only screen and (max-width: 976px) {.uagb-block-2bdcf70c.wp-block-uagb-image .wp-block-uagb-image__figure img{width: px;height: auto;}}@media only screen and (max-width: 767px) {.uagb-block-2bdcf70c.wp-block-uagb-image .wp-block-uagb-image__figure img{width: px;height: auto;}}\";s:2:\"js\";s:0:\"\";s:18:\"current_block_list\";a:28:{i:0;s:10:\"core\/group\";i:2;s:24:\"core\/post-featured-image\";i:3;s:15:\"core\/post-title\";i:5;s:14:\"core\/post-date\";i:6;s:16:\"core\/post-author\";i:7;s:15:\"core\/post-terms\";i:8;s:17:\"core\/post-content\";i:9;s:14:\"core\/separator\";i:10;s:13:\"core\/comments\";i:11;s:19:\"core\/comments-title\";i:12;s:21:\"core\/comment-template\";i:15;s:11:\"core\/avatar\";i:16;s:24:\"core\/comment-author-name\";i:17;s:17:\"core\/comment-date\";i:18;s:20:\"core\/comment-content\";i:19;s:23:\"core\/comment-reply-link\";i:20;s:24:\"core\/comments-pagination\";i:21;s:33:\"core\/comments-pagination-previous\";i:22;s:32:\"core\/comments-pagination-numbers\";i:23;s:29:\"core\/comments-pagination-next\";i:24;s:23:\"core\/post-comments-form\";i:25;s:14:\"core\/tag-cloud\";i:26;s:12:\"core\/heading\";i:27;s:14:\"core\/paragraph\";i:28;s:12:\"core\/buttons\";i:29;s:11:\"core\/button\";i:30;s:10:\"uagb\/image\";i:31;s:10:\"core\/image\";}s:8:\"uag_flag\";b:1;s:11:\"uag_version\";s:10:\"1777294028\";s:6:\"gfonts\";a:0:{}s:10:\"gfonts_url\";s:0:\"\";s:12:\"gfonts_files\";a:0:{}s:14:\"uag_faq_layout\";b:0;}"]},"uagb_featured_image_src":{"full":["https:\/\/mv-sport.de\/c\/wp-content\/uploads\/2021\/04\/cityauf-2021_c_pe.jpg",1000,694,false],"thumbnail":["https:\/\/mv-sport.de\/c\/wp-content\/uploads\/2021\/04\/cityauf-2021_c_pe-150x150.jpg",150,150,true],"medium":["https:\/\/mv-sport.de\/c\/wp-content\/uploads\/2021\/04\/cityauf-2021_c_pe-600x600.jpg",350,350,true],"medium_large":["https:\/\/mv-sport.de\/c\/wp-content\/uploads\/2021\/04\/cityauf-2021_c_pe.jpg",768,533,false],"large":["https:\/\/mv-sport.de\/c\/wp-content\/uploads\/2021\/04\/cityauf-2021_c_pe.jpg",1000,694,false],"1536x1536":["https:\/\/mv-sport.de\/c\/wp-content\/uploads\/2021\/04\/cityauf-2021_c_pe.jpg",1000,694,false],"2048x2048":["https:\/\/mv-sport.de\/c\/wp-content\/uploads\/2021\/04\/cityauf-2021_c_pe.jpg",1000,694,false],"ultp_layout_landscape_large":["https:\/\/mv-sport.de\/c\/wp-content\/uploads\/2021\/04\/cityauf-2021_c_pe.jpg",1000,694,false],"ultp_layout_landscape":["https:\/\/mv-sport.de\/c\/wp-content\/uploads\/2021\/04\/cityauf-2021_c_pe.jpg",821,570,false],"ultp_layout_portrait":["https:\/\/mv-sport.de\/c\/wp-content\/uploads\/2021\/04\/cityauf-2021_c_pe.jpg",600,416,false],"ultp_layout_square":["https:\/\/mv-sport.de\/c\/wp-content\/uploads\/2021\/04\/cityauf-2021_c_pe.jpg",600,416,false]},"uagb_author_info":{"display_name":"MV-Sport.de","author_link":"https:\/\/mv-sport.de\/c\/author\/mv-sport-de\/"},"uagb_comment_info":0,"uagb_excerpt":"Neuer Termin im September Der 29. Rostocker Citylauf wird vom 16.05. auf den 05.09.2021 verschoben. Die aktuelle Infektionslage und damit verbundenen Einschr\u00e4nkungen lassen keine andere M\u00f6glichkeit zu, so der Veranstalter. Der Vorstand des Rostocker Citylauf e.V. und die Agentur PRO EVENT hatten an diesem Montag in gemeinsamer Abstimmung die Entscheidung getroffen. \u201eDer Rostocker Citylauf musste&hellip;","_links":{"self":[{"href":"https:\/\/mv-sport.de\/c\/wp-json\/wp\/v2\/posts\/71453","targetHints":{"allow":["GET"]}}],"collection":[{"href":"https:\/\/mv-sport.de\/c\/wp-json\/wp\/v2\/posts"}],"about":[{"href":"https:\/\/mv-sport.de\/c\/wp-json\/wp\/v2\/types\/post"}],"author":[{"embeddable":true,"href":"https:\/\/mv-sport.de\/c\/wp-json\/wp\/v2\/users\/2"}],"replies":[{"embeddable":true,"href":"https:\/\/mv-sport.de\/c\/wp-json\/wp\/v2\/comments?post=71453"}],"version-history":[{"count":0,"href":"https:\/\/mv-sport.de\/c\/wp-json\/wp\/v2\/posts\/71453\/revisions"}],"wp:featuredmedia":[{"embeddable":true,"href":"https:\/\/mv-sport.de\/c\/wp-json\/wp\/v2\/media\/71459"}],"wp:attachment":[{"href":"https:\/\/mv-sport.de\/c\/wp-json\/wp\/v2\/media?parent=71453"}],"wp:term":[{"taxonomy":"category","embeddable":true,"href":"https:\/\/mv-sport.de\/c\/wp-json\/wp\/v2\/categories?post=71453"},{"taxonomy":"post_tag","embeddable":true,"href":"https:\/\/mv-sport.de\/c\/wp-json\/wp\/v2\/tags?post=71453"},{"taxonomy":"ort","embeddable":true,"href":"https:\/\/mv-sport.de\/c\/wp-json\/wp\/v2\/ort?post=71453"}],"curies":[{"name":"wp","href":"https:\/\/api.w.org\/{rel}","templated":true}]}}