{"id":72138,"date":"2021-04-26T09:05:28","date_gmt":"2021-04-26T07:05:28","guid":{"rendered":"https:\/\/mv-sport.de\/?p=72138"},"modified":"2021-04-26T09:05:28","modified_gmt":"2021-04-26T07:05:28","slug":"internationales-virtuelles-fruehlingssportfestival-ist-gestartet","status":"publish","type":"post","link":"https:\/\/mv-sport.de\/c\/internationales-virtuelles-fruehlingssportfestival-ist-gestartet\/","title":{"rendered":"Internationales virtuelles Fr\u00fchlingssportfestival ist gestartet"},"content":{"rendered":"<p style=\"margin-bottom: 9.75pt\"><span style=\"font-size: 14.0pt;font-family: 'Arial',sans-serif\">Darauf haben nicht wenige Mitglieder der Laager Laufgruppe gespannt gewartet. Die Bewegungs-und Gesundheitsakademie (RAZ-Szczecin) hat das Internationale virtuelle Fr\u00fchlingssportfestival 2021gestartet. Auf Grund der sehr guten Erfahrungen mit den polnischen Organisatoren um den Cheforganisator Sebastian Szych entschlossen sich innerhalb weniger Stunden mehr als f\u00fcnfzig Ausdauersportler zur Teilnahme an diesem Event. Und mit dem 3. Start erlebt die Laufserie nun schon eine kleine Tradition.<br \/>\nInnerhalb von zwei Wochen haben die gemeldeten Aktiven nun die M\u00f6glichkeit, drei ausgew\u00e4hlte Konkurrenzen zu absolvieren. Und das Angebot kann sich durchaus sehen lassen. Die L\u00e4ufer*innen k\u00f6nnen sich auf einer der drei angebotenen Laufstrecken (1 km, 5 km und 10 km) messen. Aber es besteht auch die M\u00f6glichkeit\u00a0 sich beim 10 km Radfahren oder auf der 5 Kilometer Walking Distanz zu vergleichen.<\/span><\/p>\n<figure id=\"attachment_72139\" aria-describedby=\"caption-attachment-72139\" style=\"width: 475px\" class=\"wp-caption aligncenter\"><a href=\"https:\/\/mv-sport.de\/wp-content\/uploads\/2021\/04\/micha-25132.jpg\"><img loading=\"lazy\" decoding=\"async\" class=\" wp-image-72139\" src=\"https:\/\/mv-sport.de\/wp-content\/uploads\/2021\/04\/micha-25132-1024x768.jpg\" alt=\"\" width=\"475\" height=\"356\" \/><\/a><figcaption id=\"caption-attachment-72139\" class=\"wp-caption-text\">Das Foto zeigt Michael Heuck, der zum 3.Mal beim Internationalen virtuellen Ausdauersportfestival startet. Foto: Ralf Sawacki<\/figcaption><\/figure>\n<p style=\"margin-bottom: 9.75pt\"><span style=\"font-size: 14.0pt;font-family: 'Arial',sans-serif\"><br \/>\nDabei k\u00f6nnen Neulinge sicherlich auch erfahren, welche tollen M\u00f6glichkeiten diese Aktivit\u00e4ten als Ausgleichssportarten bieten. Die Ruchowa Akademia Zdrowia mit Sitz in Szczecin \/Polen hat auch diesen virtuellen Wettkampf unter dem Motto initiiert, \u201eKampf gegen COVIC-19 Pandemie und ihre Folgen in der Euroregion Pomerania\u201c. F\u00fcr die Ausdauersportler aus Laage ist es ein kleiner Abstecher vom monotonen Trainingsbetrieb. Und alle sind ausnehmend dankbar f\u00fcr die Gelegenheit, auf diese Weise &#8222;International&#8220; aktiv zu werden. Denn nach Abschluss der sportlichen Aktion wird die Ruchowa Akademia Zdrowia alle Teilnehmer traditionell mit beeindruckenden Medaillen und Shirts ehren und die Veranstaltung zu einem Erlebnis machen, das ganz besonders in Erinnerung bleibt.<br \/>\nWenn man der derzeitigen Pandemie-Lage etwas positives abgewinnen kann, dann ist es die Tatsache, dass besonders die Sportler*innen dem\u00fctig geworden sind. Mit der Teilnahme am Sommer- und\u00a0 Herbstsportfestival im zur\u00fcckliegenden Jahr wurde den Clubl\u00e4ufer*innen einiges geboten und vielleicht haben einige erkannt, dass partnerschaftliche Aktivit\u00e4ten den Zusammenhalt absolut st\u00fctzen.<\/p>\n<p>SC Laage<\/span><\/p>\n","protected":false},"excerpt":{"rendered":"<p>Darauf haben nicht wenige Mitglieder der Laager Laufgruppe gespannt gewartet. Die Bewegungs-und Gesundheitsakademie (RAZ-Szczecin) hat das Internationale virtuelle Fr\u00fchlingssportfestival 2021gestartet. Auf Grund der sehr guten Erfahrungen mit den polnischen Organisatoren um den Cheforganisator Sebastian Szych entschlossen sich innerhalb weniger Stunden mehr als f\u00fcnfzig Ausdauersportler zur Teilnahme an diesem Event. Und mit dem 3. Start erlebt [&hellip;]<\/p>\n","protected":false},"author":7,"featured_media":72139,"comment_status":"open","ping_status":"open","sticky":false,"template":"","format":"standard","meta":{"_seopress_robots_primary_cat":"none","_seopress_titles_title":"","_seopress_titles_desc":"","_seopress_robots_index":"","_relevanssi_hide_post":"","_relevanssi_hide_content":"","_relevanssi_pin_for_all":"","_relevanssi_pin_keywords":"","_relevanssi_unpin_keywords":"","_relevanssi_related_keywords":"","_relevanssi_related_include_ids":"","_relevanssi_related_exclude_ids":"","_relevanssi_related_no_append":"","_relevanssi_related_not_related":"","_relevanssi_related_posts":"","_relevanssi_noindex_reason":"","_uag_custom_page_level_css":"","footnotes":""},"categories":[47],"tags":[],"ort":[],"class_list":{"0":"post-72138","1":"post","2":"type-post","3":"status-publish","4":"format-standard","5":"has-post-thumbnail","7":"category-laufsport"},"featured_image_urls":{"medium":"https:\/\/mv-sport.de\/c\/wp-content\/uploads\/2021\/04\/micha-25132-600x600.jpg","medium_large":"https:\/\/mv-sport.de\/c\/wp-content\/uploads\/2021\/04\/micha-25132.jpg","large":"https:\/\/mv-sport.de\/c\/wp-content\/uploads\/2021\/04\/micha-25132-1400x1050.jpg","full":"https:\/\/mv-sport.de\/c\/wp-content\/uploads\/2021\/04\/micha-25132.jpg","alt":"","caption":"Das Foto zeigt Michael Heuck, der zum 3.Mal beim Internationalen virtuellen Ausdauersportfestival startet. Foto: Ralf Sawacki"},"spectra_custom_meta":{"uab_option":["yes"],"uab_meta_position":["default"],"_extra_rating_average":["0"],"_seopress_analysis_data":["a:19:{s:5:\"title\";s:139:\"Internationales virtuelles Fr\u00fchlingssportfestival ist gestartet | MV-Sport.de - Sportvereine &amp; Sportnachrichten Mecklenburg-Vorpommern\";s:9:\"meta_desc\";s:428:\"Darauf haben nicht wenige Mitglieder der Laager Laufgruppe gespannt gewartet. Die Bewegungs-und Gesundheitsakademie (RAZ-Szczecin) hat das Internationale virtuelle Fr\u00fchlingssportfestival 2021gestartet. Auf Grund der sehr guten Erfahrungen mit den polnischen Organisatoren um den Cheforganisator Sebastian Szych entschlossen sich innerhalb weniger Stunden mehr als f\u00fcnfzig Ausdauersportler zur Teilnahme an diesem Event. Und\u2026\";s:8:\"og_title\";a:2:{s:5:\"count\";i:1;s:6:\"values\";a:1:{i:0;s:139:\"Internationales virtuelles Fr\u00fchlingssportfestival ist gestartet | MV-Sport.de - Sportvereine &amp; Sportnachrichten Mecklenburg-Vorpommern\";}}s:7:\"og_desc\";a:2:{s:5:\"count\";i:1;s:6:\"values\";a:1:{i:0;s:428:\"Darauf haben nicht wenige Mitglieder der Laager Laufgruppe gespannt gewartet. Die Bewegungs-und Gesundheitsakademie (RAZ-Szczecin) hat das Internationale virtuelle Fr\u00fchlingssportfestival 2021gestartet. Auf Grund der sehr guten Erfahrungen mit den polnischen Organisatoren um den Cheforganisator Sebastian Szych entschlossen sich innerhalb weniger Stunden mehr als f\u00fcnfzig Ausdauersportler zur Teilnahme an diesem Event. Und\u2026\";}}s:6:\"og_img\";a:2:{s:5:\"count\";i:1;s:6:\"values\";a:1:{i:0;s:62:\"https:\/\/mv-sport.de\/wp-content\/uploads\/2021\/04\/micha-25132.jpg\";}}s:6:\"og_url\";a:3:{s:5:\"count\";i:1;s:6:\"values\";a:1:{i:0;s:84:\"https:\/\/mv-sport.de\/internationales-virtuelles-fruehlingssportfestival-ist-gestartet\";}s:4:\"host\";s:11:\"mv-sport.de\";}s:12:\"og_site_name\";a:2:{s:5:\"count\";i:1;s:6:\"values\";a:1:{i:0;s:72:\"MV-Sport.de - Sportvereine &amp; Sportnachrichten Mecklenburg-Vorpommern\";}}s:8:\"tw_title\";a:2:{s:5:\"count\";i:1;s:6:\"values\";a:1:{i:0;s:139:\"Internationales virtuelles Fr\u00fchlingssportfestival ist gestartet | MV-Sport.de - Sportvereine &amp; Sportnachrichten Mecklenburg-Vorpommern\";}}s:7:\"tw_desc\";a:2:{s:5:\"count\";i:1;s:6:\"values\";a:1:{i:0;s:428:\"Darauf haben nicht wenige Mitglieder der Laager Laufgruppe gespannt gewartet. Die Bewegungs-und Gesundheitsakademie (RAZ-Szczecin) hat das Internationale virtuelle Fr\u00fchlingssportfestival 2021gestartet. Auf Grund der sehr guten Erfahrungen mit den polnischen Organisatoren um den Cheforganisator Sebastian Szych entschlossen sich innerhalb weniger Stunden mehr als f\u00fcnfzig Ausdauersportler zur Teilnahme an diesem Event. Und\u2026\";}}s:6:\"tw_img\";a:2:{s:5:\"count\";i:1;s:6:\"values\";a:1:{i:0;s:71:\"https:\/\/mv-sport.de\/wp-content\/uploads\/2021\/04\/micha-25132-1024x768.jpg\";}}s:9:\"canonical\";s:85:\"https:\/\/mv-sport.de\/internationales-virtuelles-fruehlingssportfestival-ist-gestartet\/\";s:13:\"all_canonical\";a:1:{i:0;s:85:\"https:\/\/mv-sport.de\/internationales-virtuelles-fruehlingssportfestival-ist-gestartet\/\";}s:2:\"h1\";a:1:{s:9:\"nomatches\";a:1:{s:5:\"count\";i:1;}}s:3:\"img\";a:1:{s:6:\"images\";a:6:{i:0;s:71:\"https:\/\/mv-sport.de\/wp-content\/uploads\/2021\/04\/micha-25132-1024x768.jpg\";i:1;s:59:\"https:\/\/mv-sport.de\/wp-content\/uploads\/2017\/06\/sc_laage.png\";i:2;s:89:\"https:\/\/mv-sport.de\/wp-content\/sabai\/File\/thumbnails\/3e6fb2f9a75f6c2922ac497bdf0206f4.gif\";i:3;s:89:\"https:\/\/mv-sport.de\/wp-content\/sabai\/File\/thumbnails\/342990ec58b6d5d9957f744088c00c1e.jpg\";i:4;s:89:\"https:\/\/mv-sport.de\/wp-content\/sabai\/File\/thumbnails\/fb6d140e6e4e6cc9e9429be83e02b50f.jpg\";i:5;s:61:\"https:\/\/mv-sport.de\/wp-content\/uploads\/2017\/05\/140x70px-3.gif\";}}s:11:\"meta_robots\";a:1:{i:0;a:1:{i:0;s:13:\"index, follow\";}}s:14:\"outbound_links\";a:9:{i:0;a:1:{s:29:\"http:\/\/www.sportclub-laage.de\";s:29:\"http:\/\/www.sportclub-laage.de\";}i:1;a:1:{s:34:\"https:\/\/www.facebook.com\/MVSportde\";s:0:\"\";}i:2;a:1:{s:37:\"https:\/\/www.instagram.com\/mv_sport.de\";s:0:\"\";}i:4;a:1:{s:28:\"http:\/\/www.elegantthemes.com\";s:14:\"Elegant Themes\";}i:5;a:1:{s:24:\"http:\/\/www.wordpress.org\";s:9:\"WordPress\";}i:6;a:1:{s:20:\"http:\/\/www.web-mv.de\";s:9:\"web-mv.de\";}i:7;a:1:{s:33:\"http:\/\/www.webdesign-schwerin.net\";s:0:\"\";}i:8;a:1:{s:34:\"https:\/\/www.facebook.com\/MVSportde\";s:13:\"\n    Like us!\";}i:9;a:1:{s:37:\"https:\/\/www.instagram.com\/mv_sport.de\";s:15:\"\n    Follow us!\";}}s:13:\"words_counter\";i:291;s:20:\"words_counter_unique\";i:212;s:4:\"json\";a:2:{i:0;s:12:\"Organization\";i:1;s:14:\"BreadcrumbList\";}}"],"_edit_lock":["1620859471:7"],"_edit_last":["7"],"_thumbnail_id":["72139"],"xyz_fbap_future_to_publish":["a:3:{s:18:\"post_fb_permission\";i:1;s:18:\"xyz_fbap_po_method\";s:1:\"2\";s:16:\"xyz_fbap_message\";s:17:\"{POST_EXCERPT}...\";}"],"xyz_fbap":["1"],"xyz_fbap_insert_og":["1"],"post_views_count":["246"],"_seopress_titles_title":[""],"_seopress_titles_desc":[""],"_seopress_robots_canonical":[""],"_seopress_robots_primary_cat":["none"],"_seopress_robots_breadcrumbs":[""],"_seopress_social_fb_title":[""],"_seopress_social_fb_desc":[""],"_seopress_social_fb_img":[""],"_seopress_social_twitter_title":[""],"_seopress_social_twitter_desc":[""],"_seopress_social_twitter_img":[""],"_seopress_redirections_type":["301"],"_seopress_redirections_value":[""],"_post_review_box_title":["Rezension"],"_post_review_box_summary":[""],"_post_review_box_summary_title":["Zusammenfassung"],"_post_review_box_breakdowns_score":["0"],"_post_review_box_breakdowns_count":["1"],"_post_review_box_breakdowns":["a:1:{i:0;a:2:{s:5:\"title\";s:0:\"\";s:6:\"rating\";i:0;}}"],"_extra_sidebar_location":[""],"_extra_sidebar":[""],"wp_schema_pro_optimized_structured_data":["<!-- Schema optimized by Schema Pro --><script type=\"application\/ld+json\">{\"@context\":\"https:\/\/schema.org\",\"@type\":\"NewsArticle\",\"mainEntityOfPage\":{\"@type\":\"WebPage\",\"@id\":\"https:\/\/mv-sport.de\/internationales-virtuelles-fruehlingssportfestival-ist-gestartet\/\"},\"headline\":\"Internationales virtuelles Fr\u00fchlingssportfestival ist gestartet\",\"image\":{\"@type\":\"ImageObject\",\"url\":\"https:\/\/mv-sport.de\/wp-content\/uploads\/2021\/04\/micha-25132.jpg\",\"width\":1600,\"height\":1200},\"datePublished\":\"2021-04-26T09:05:28\",\"dateModified\":\"2021-04-26T09:05:28\",\"author\":{\"@type\":\"Person\",\"name\":\"Sportclub Laage e.V.\",\"url\":\"https:\/\/mv-sport.de\/author\/sportclub-laage-e-v\"},\"publisher\":{\"@type\":\"Organization\",\"name\":\"MV-Sport.de - Sportvereine &amp; Sportnachrichten Mecklenburg-Vorpommern\",\"logo\":{\"@type\":\"ImageObject\",\"url\":\"https:\/\/mv-sport.de\/wp-content\/uploads\/2017\/05\/logo-mv-sport-292x60.png\"}}}<\/script><!-- \/ Schema optimized by Schema Pro -->"],"__post_views_count":["661"],"astra_style_timestamp_css":["1757507280"],"_uag_css_file_name":["uag-css-72138.css"],"_uag_page_assets":["a:9:{s:3:\"css\";s:7010:\".uagb-block-88f5875d.wp-block-uagb-image--layout-default figure img{box-shadow: 0px 0px 0 #00000070;}.uagb-block-88f5875d.wp-block-uagb-image .wp-block-uagb-image__figure figcaption{font-style: normal;align-self: center;}.uagb-block-88f5875d.wp-block-uagb-image--layout-overlay figure img{box-shadow: 0px 0px 0 #00000070;}.uagb-block-88f5875d.wp-block-uagb-image--layout-overlay .wp-block-uagb-image--layout-overlay__color-wrapper{opacity: 0.2;}.uagb-block-88f5875d.wp-block-uagb-image--layout-overlay .wp-block-uagb-image--layout-overlay__inner{left: 15px;right: 15px;top: 15px;bottom: 15px;}.uagb-block-88f5875d.wp-block-uagb-image--layout-overlay .wp-block-uagb-image--layout-overlay__inner .uagb-image-heading{font-style: normal;color: #fff;opacity: 1;}.uagb-block-88f5875d.wp-block-uagb-image--layout-overlay .wp-block-uagb-image--layout-overlay__inner .uagb-image-heading a{color: #fff;}.uagb-block-88f5875d.wp-block-uagb-image--layout-overlay .wp-block-uagb-image--layout-overlay__inner .uagb-image-caption{opacity: 0;}.uagb-block-88f5875d.wp-block-uagb-image--layout-overlay .wp-block-uagb-image__figure:hover .wp-block-uagb-image--layout-overlay__color-wrapper{opacity: 1;}.uagb-block-88f5875d.wp-block-uagb-image .wp-block-uagb-image--layout-overlay__inner .uagb-image-separator{width: 30%;border-top-width: 2px;border-top-color: #fff;opacity: 0;}.uagb-block-88f5875d.wp-block-uagb-image .wp-block-uagb-image__figure img{width: 297px;height: auto;}.uagb-block-88f5875d.wp-block-uagb-image .wp-block-uagb-image__figure:hover .wp-block-uagb-image--layout-overlay__inner .uagb-image-caption{opacity: 1;}.uagb-block-88f5875d.wp-block-uagb-image .wp-block-uagb-image__figure:hover .wp-block-uagb-image--layout-overlay__inner .uagb-image-separator{opacity: 1;}.uagb-block-88f5875d.wp-block-uagb-image--layout-default figure:hover img{box-shadow: 0px 0px 0 #00000070;}.uagb-block-88f5875d.wp-block-uagb-image--layout-overlay figure:hover img{box-shadow: 0px 0px 0 #00000070;}@media only screen and (max-width: 976px) {.uagb-block-88f5875d.wp-block-uagb-image .wp-block-uagb-image__figure img{width: 297px;height: auto;}}@media only screen and (max-width: 767px) {.uagb-block-88f5875d.wp-block-uagb-image .wp-block-uagb-image__figure img{width: 297px;height: auto;}}.uagb-block-b6c54374.wp-block-uagb-image{margin-top: 0px;margin-right: 0px;margin-bottom: 0px;margin-left: 0px;}.uagb-block-b6c54374.wp-block-uagb-image--layout-default figure img{box-shadow: 0px 0px 0 #00000070;}.uagb-block-b6c54374.wp-block-uagb-image .wp-block-uagb-image__figure figcaption{font-style: normal;align-self: center;}.uagb-block-b6c54374.wp-block-uagb-image--layout-overlay figure img{box-shadow: 0px 0px 0 #00000070;}.uagb-block-b6c54374.wp-block-uagb-image--layout-overlay .wp-block-uagb-image--layout-overlay__color-wrapper{opacity: 0.2;}.uagb-block-b6c54374.wp-block-uagb-image--layout-overlay .wp-block-uagb-image--layout-overlay__inner{left: 15px;right: 15px;top: 15px;bottom: 15px;}.uagb-block-b6c54374.wp-block-uagb-image--layout-overlay .wp-block-uagb-image--layout-overlay__inner .uagb-image-heading{font-style: normal;color: #fff;opacity: 1;}.uagb-block-b6c54374.wp-block-uagb-image--layout-overlay .wp-block-uagb-image--layout-overlay__inner .uagb-image-heading a{color: #fff;}.uagb-block-b6c54374.wp-block-uagb-image--layout-overlay .wp-block-uagb-image--layout-overlay__inner .uagb-image-caption{opacity: 0;}.uagb-block-b6c54374.wp-block-uagb-image--layout-overlay .wp-block-uagb-image__figure:hover .wp-block-uagb-image--layout-overlay__color-wrapper{opacity: 1;}.uagb-block-b6c54374.wp-block-uagb-image .wp-block-uagb-image--layout-overlay__inner .uagb-image-separator{width: 30%;border-top-width: 2px;border-top-color: #fff;opacity: 0;}.uagb-block-b6c54374.wp-block-uagb-image .wp-block-uagb-image__figure img{width: px;height: auto;}.uagb-block-b6c54374.wp-block-uagb-image .wp-block-uagb-image__figure:hover .wp-block-uagb-image--layout-overlay__inner .uagb-image-caption{opacity: 1;}.uagb-block-b6c54374.wp-block-uagb-image .wp-block-uagb-image__figure:hover .wp-block-uagb-image--layout-overlay__inner .uagb-image-separator{opacity: 1;}.uagb-block-b6c54374.wp-block-uagb-image--layout-default figure:hover img{box-shadow: 0px 0px 0 #00000070;}.uagb-block-b6c54374.wp-block-uagb-image--layout-overlay figure:hover img{box-shadow: 0px 0px 0 #00000070;}@media only screen and (max-width: 976px) {.uagb-block-b6c54374.wp-block-uagb-image .wp-block-uagb-image__figure img{width: px;height: auto;}}@media only screen and (max-width: 767px) {.uagb-block-b6c54374.wp-block-uagb-image .wp-block-uagb-image__figure img{width: px;height: auto;}}.uagb-block-2bdcf70c.wp-block-uagb-image{margin-top: 0px;margin-right: 0px;margin-bottom: 0px;margin-left: 0px;}.uagb-block-2bdcf70c.wp-block-uagb-image--layout-default figure img{box-shadow: 0px 0px 0 #00000070;}.uagb-block-2bdcf70c.wp-block-uagb-image .wp-block-uagb-image__figure figcaption{font-style: normal;align-self: center;}.uagb-block-2bdcf70c.wp-block-uagb-image--layout-overlay figure img{box-shadow: 0px 0px 0 #00000070;}.uagb-block-2bdcf70c.wp-block-uagb-image--layout-overlay .wp-block-uagb-image--layout-overlay__color-wrapper{opacity: 0.2;}.uagb-block-2bdcf70c.wp-block-uagb-image--layout-overlay .wp-block-uagb-image--layout-overlay__inner{left: 15px;right: 15px;top: 15px;bottom: 15px;}.uagb-block-2bdcf70c.wp-block-uagb-image--layout-overlay .wp-block-uagb-image--layout-overlay__inner .uagb-image-heading{font-style: normal;color: #fff;opacity: 1;}.uagb-block-2bdcf70c.wp-block-uagb-image--layout-overlay .wp-block-uagb-image--layout-overlay__inner .uagb-image-heading a{color: #fff;}.uagb-block-2bdcf70c.wp-block-uagb-image--layout-overlay .wp-block-uagb-image--layout-overlay__inner .uagb-image-caption{opacity: 0;}.uagb-block-2bdcf70c.wp-block-uagb-image--layout-overlay .wp-block-uagb-image__figure:hover .wp-block-uagb-image--layout-overlay__color-wrapper{opacity: 1;}.uagb-block-2bdcf70c.wp-block-uagb-image .wp-block-uagb-image--layout-overlay__inner .uagb-image-separator{width: 30%;border-top-width: 2px;border-top-color: #fff;opacity: 0;}.uagb-block-2bdcf70c.wp-block-uagb-image .wp-block-uagb-image__figure img{width: px;height: auto;}.uagb-block-2bdcf70c.wp-block-uagb-image .wp-block-uagb-image__figure:hover .wp-block-uagb-image--layout-overlay__inner .uagb-image-caption{opacity: 1;}.uagb-block-2bdcf70c.wp-block-uagb-image .wp-block-uagb-image__figure:hover .wp-block-uagb-image--layout-overlay__inner .uagb-image-separator{opacity: 1;}.uagb-block-2bdcf70c.wp-block-uagb-image--layout-default figure:hover img{box-shadow: 0px 0px 0 #00000070;}.uagb-block-2bdcf70c.wp-block-uagb-image--layout-overlay figure:hover img{box-shadow: 0px 0px 0 #00000070;}@media only screen and (max-width: 976px) {.uagb-block-2bdcf70c.wp-block-uagb-image .wp-block-uagb-image__figure img{width: px;height: auto;}}@media only screen and (max-width: 767px) {.uagb-block-2bdcf70c.wp-block-uagb-image .wp-block-uagb-image__figure img{width: px;height: auto;}}\";s:2:\"js\";s:0:\"\";s:18:\"current_block_list\";a:28:{i:0;s:10:\"core\/group\";i:2;s:24:\"core\/post-featured-image\";i:3;s:15:\"core\/post-title\";i:5;s:14:\"core\/post-date\";i:6;s:16:\"core\/post-author\";i:7;s:15:\"core\/post-terms\";i:8;s:17:\"core\/post-content\";i:9;s:14:\"core\/separator\";i:10;s:13:\"core\/comments\";i:11;s:19:\"core\/comments-title\";i:12;s:21:\"core\/comment-template\";i:15;s:11:\"core\/avatar\";i:16;s:24:\"core\/comment-author-name\";i:17;s:17:\"core\/comment-date\";i:18;s:20:\"core\/comment-content\";i:19;s:23:\"core\/comment-reply-link\";i:20;s:24:\"core\/comments-pagination\";i:21;s:33:\"core\/comments-pagination-previous\";i:22;s:32:\"core\/comments-pagination-numbers\";i:23;s:29:\"core\/comments-pagination-next\";i:24;s:23:\"core\/post-comments-form\";i:25;s:14:\"core\/tag-cloud\";i:26;s:12:\"core\/heading\";i:27;s:14:\"core\/paragraph\";i:28;s:12:\"core\/buttons\";i:29;s:11:\"core\/button\";i:30;s:10:\"uagb\/image\";i:31;s:10:\"core\/image\";}s:8:\"uag_flag\";b:1;s:11:\"uag_version\";s:10:\"1777294893\";s:6:\"gfonts\";a:0:{}s:10:\"gfonts_url\";s:0:\"\";s:12:\"gfonts_files\";a:0:{}s:14:\"uag_faq_layout\";b:0;}"]},"uagb_featured_image_src":{"full":["https:\/\/mv-sport.de\/c\/wp-content\/uploads\/2021\/04\/micha-25132.jpg",1600,1200,false],"thumbnail":["https:\/\/mv-sport.de\/c\/wp-content\/uploads\/2021\/04\/micha-25132-150x150.jpg",150,150,true],"medium":["https:\/\/mv-sport.de\/c\/wp-content\/uploads\/2021\/04\/micha-25132-600x600.jpg",350,350,true],"medium_large":["https:\/\/mv-sport.de\/c\/wp-content\/uploads\/2021\/04\/micha-25132.jpg",768,576,false],"large":["https:\/\/mv-sport.de\/c\/wp-content\/uploads\/2021\/04\/micha-25132-1400x1050.jpg",1024,768,true],"1536x1536":["https:\/\/mv-sport.de\/c\/wp-content\/uploads\/2021\/04\/micha-25132.jpg",1536,1152,false],"2048x2048":["https:\/\/mv-sport.de\/c\/wp-content\/uploads\/2021\/04\/micha-25132.jpg",1600,1200,false],"ultp_layout_landscape_large":["https:\/\/mv-sport.de\/c\/wp-content\/uploads\/2021\/04\/micha-25132.jpg",1067,800,false],"ultp_layout_landscape":["https:\/\/mv-sport.de\/c\/wp-content\/uploads\/2021\/04\/micha-25132.jpg",760,570,false],"ultp_layout_portrait":["https:\/\/mv-sport.de\/c\/wp-content\/uploads\/2021\/04\/micha-25132.jpg",600,450,false],"ultp_layout_square":["https:\/\/mv-sport.de\/c\/wp-content\/uploads\/2021\/04\/micha-25132.jpg",600,450,false]},"uagb_author_info":{"display_name":"Sportclub Laage e.V.","author_link":"https:\/\/mv-sport.de\/c\/author\/sportclub-laage-e-v\/"},"uagb_comment_info":0,"uagb_excerpt":"Darauf haben nicht wenige Mitglieder der Laager Laufgruppe gespannt gewartet. Die Bewegungs-und Gesundheitsakademie (RAZ-Szczecin) hat das Internationale virtuelle Fr\u00fchlingssportfestival 2021gestartet. Auf Grund der sehr guten Erfahrungen mit den polnischen Organisatoren um den Cheforganisator Sebastian Szych entschlossen sich innerhalb weniger Stunden mehr als f\u00fcnfzig Ausdauersportler zur Teilnahme an diesem Event. Und mit dem 3. Start erlebt&hellip;","_links":{"self":[{"href":"https:\/\/mv-sport.de\/c\/wp-json\/wp\/v2\/posts\/72138","targetHints":{"allow":["GET"]}}],"collection":[{"href":"https:\/\/mv-sport.de\/c\/wp-json\/wp\/v2\/posts"}],"about":[{"href":"https:\/\/mv-sport.de\/c\/wp-json\/wp\/v2\/types\/post"}],"author":[{"embeddable":true,"href":"https:\/\/mv-sport.de\/c\/wp-json\/wp\/v2\/users\/7"}],"replies":[{"embeddable":true,"href":"https:\/\/mv-sport.de\/c\/wp-json\/wp\/v2\/comments?post=72138"}],"version-history":[{"count":0,"href":"https:\/\/mv-sport.de\/c\/wp-json\/wp\/v2\/posts\/72138\/revisions"}],"wp:featuredmedia":[{"embeddable":true,"href":"https:\/\/mv-sport.de\/c\/wp-json\/wp\/v2\/media\/72139"}],"wp:attachment":[{"href":"https:\/\/mv-sport.de\/c\/wp-json\/wp\/v2\/media?parent=72138"}],"wp:term":[{"taxonomy":"category","embeddable":true,"href":"https:\/\/mv-sport.de\/c\/wp-json\/wp\/v2\/categories?post=72138"},{"taxonomy":"post_tag","embeddable":true,"href":"https:\/\/mv-sport.de\/c\/wp-json\/wp\/v2\/tags?post=72138"},{"taxonomy":"ort","embeddable":true,"href":"https:\/\/mv-sport.de\/c\/wp-json\/wp\/v2\/ort?post=72138"}],"curies":[{"name":"wp","href":"https:\/\/api.w.org\/{rel}","templated":true}]}}