{"id":73333,"date":"2021-05-02T19:48:47","date_gmt":"2021-05-02T17:48:47","guid":{"rendered":"https:\/\/mv-sport.de\/?p=73333"},"modified":"2021-05-06T18:55:42","modified_gmt":"2021-05-06T16:55:42","slug":"das-internationale-fruehlingssportfestival-ist-geschichte","status":"publish","type":"post","link":"https:\/\/mv-sport.de\/c\/das-internationale-fruehlingssportfestival-ist-geschichte\/","title":{"rendered":"Das Internationale Fr\u00fchlingssportfestival ist Geschichte"},"content":{"rendered":"<p>Das 1. Mai-Wochenende nutzten die Ausdauersportler der Laager Laufgruppe intensiv, um in Kleinstgruppen nach Vorgaben der Beh\u00f6rden ihre Leistungen zur Erf\u00fcllung des Internationalen virtuellen Fr\u00fchlingssportfestival zu erbringen. Zur Umsetzung erkl\u00e4rte das \u00dcbungsleiterteam: &#8222;Mit der Einhaltung der derzeitigen Vorgaben im Umgang miteinander sind alle L\u00e4ufer*innen vertraut. Sie pr\u00e4gen derzeit nicht unwesentlich den Sport und haben im Umgang miteinander an Bedeutung gewonnen.\u201c Fakt ist aber auch, dass Studien zur Aerosolbelastung im Freien beweisen, dass Sport kein Infektionstreiber ist. Und irgendwie war die Umsetzung schon skurril. An allen Ecken der Stadt tauchten die Gruppen, zum Teil zeitgleich, aber ohne sich zu begegnen auf, und alle verfolgten ihr pers\u00f6nlich gestecktes, sportliches Ziel. W\u00e4hrend die Nordic Walker \u00fcber Feldwege durch die Natur &#8222;stapften&#8220;, absolvierten die etwas Ambitionierteren ihren 10 Kilometerlauf in Richtung Kobrow. Hier lie\u00df es die 15-j\u00e4hrige Juliane G\u00f6llnitz richtig krachen. Nach 46,04 Minuten beendete die Sch\u00fclerin ihren Lauf.<\/p>\n<figure id=\"attachment_73334\" aria-describedby=\"caption-attachment-73334\" style=\"width: 1024px\" class=\"wp-caption alignnone\"><img loading=\"lazy\" decoding=\"async\" class=\"wp-image-73334 size-large\" src=\"https:\/\/mv-sport.de\/wp-content\/uploads\/2021\/05\/lara-pia-hannah-emi-2856-1024x768.jpg\" alt=\"\" width=\"1024\" height=\"768\" \/><figcaption id=\"caption-attachment-73334\" class=\"wp-caption-text\">Das Foto zeigt Lara, Pia, Hannah und Emi (v.l.) \u00a0nach dem 1000 Meter Lauf. <span style=\"color: #999999;\">Foto: Ralf Sawacki<\/span><\/figcaption><\/figure>\n<p>Die J\u00fcngsten sprinteten ihren 1 Kilometer Wettkampf auf der Bahn im Stadion und die 11-j\u00e4hrige Johanna Heuck konnte sich nach ganz starken 3,54 Minuten als Schnellste feiern lassen. Au\u00dferdem liefen Familien ihr 5 Kilometer Rennen im Stadtwald &#8211; so wie fast jeden Sonntag. Am Tag der Arbeit waren gegen 10 Uhr die ersten Sportler*innen gestartet und am sp\u00e4ten Sonntagnachmittag kam das letzte Ergebnis im Meldeb\u00fcro an und das \u00dcbungsleierteam konnte zufrieden feststellen, dass fast alle ihre pers\u00f6nlich gesteckten Ziele geschafft hatten. Hervorzuheben ist auch, dass einige Aktive ihre pers\u00f6nlichen Wettk\u00e4mpfe gegen den inneren Schweinehund und die Uhr in Rostock, G\u00fcstrow, Schwaan und Gro\u00df Lantow absolvierten und auch mit ihren Leistungen zum Erfolg der sportlichen Aktion beigetragen haben. Abschlie\u00dfend gilt schon jetzt der Bewegungs-und Gesundheitsakademie (RAZ-Szczecin) ein besonderer Dank. Die Ruchowa Akademia Zdrowia mit Sitz in Szczecin \/Polen hatte auch diesen virtuellen Wettkampf unter dem Motto initiiert, \u201eKampf gegen COVIC-19 Pandemie und ihre Folgen in der Euroregion Pomerania\u201c. Fest steht f\u00fcr die Laager Clubl\u00e4ufer schon jetzt. Bei der n\u00e4chsten Gelegenheit sind alle wieder dabei!<\/p>\n<p><span style=\"color: #999999;\"><em>SC Laage\u00a0 \u00a0<\/em> <\/span><\/p>\n","protected":false},"excerpt":{"rendered":"<p>Das 1. Mai-Wochenende nutzten die Ausdauersportler der Laager Laufgruppe intensiv, um in Kleinstgruppen nach Vorgaben der Beh\u00f6rden ihre Leistungen zur Erf\u00fcllung des Internationalen virtuellen Fr\u00fchlingssportfestival zu erbringen. Zur Umsetzung erkl\u00e4rte das \u00dcbungsleiterteam: &#8222;Mit der Einhaltung der derzeitigen Vorgaben im Umgang miteinander sind alle L\u00e4ufer*innen vertraut. Sie pr\u00e4gen derzeit nicht unwesentlich den Sport und haben im [&hellip;]<\/p>\n","protected":false},"author":7,"featured_media":73334,"comment_status":"open","ping_status":"open","sticky":false,"template":"","format":"standard","meta":{"_seopress_robots_primary_cat":"none","_seopress_titles_title":"","_seopress_titles_desc":"","_seopress_robots_index":"","_relevanssi_hide_post":"","_relevanssi_hide_content":"","_relevanssi_pin_for_all":"","_relevanssi_pin_keywords":"","_relevanssi_unpin_keywords":"","_relevanssi_related_keywords":"","_relevanssi_related_include_ids":"","_relevanssi_related_exclude_ids":"","_relevanssi_related_no_append":"","_relevanssi_related_not_related":"","_relevanssi_related_posts":"","_relevanssi_noindex_reason":"","_uag_custom_page_level_css":"","footnotes":""},"categories":[47],"tags":[],"ort":[],"class_list":{"0":"post-73333","1":"post","2":"type-post","3":"status-publish","4":"format-standard","5":"has-post-thumbnail","7":"category-laufsport"},"featured_image_urls":{"medium":"https:\/\/mv-sport.de\/c\/wp-content\/uploads\/2021\/05\/lara-pia-hannah-emi-2856-600x600.jpg","medium_large":"https:\/\/mv-sport.de\/c\/wp-content\/uploads\/2021\/05\/lara-pia-hannah-emi-2856.jpg","large":"https:\/\/mv-sport.de\/c\/wp-content\/uploads\/2021\/05\/lara-pia-hannah-emi-2856-1400x1050.jpg","full":"https:\/\/mv-sport.de\/c\/wp-content\/uploads\/2021\/05\/lara-pia-hannah-emi-2856.jpg","alt":"","caption":"Das Foto zeigt Lara, Pia, Hannah und Emi (v.l.) \u00a0nach dem 1000 Meter Lauf. Foto: Ralf Sawacki"},"spectra_custom_meta":{"uab_option":["yes"],"uab_meta_position":["default"],"_extra_rating_average":["0"],"_seopress_analysis_data":["a:20:{s:5:\"title\";s:132:\"Das Internationale Fr\u00fchlingssportfestival ist Geschichte | MV-Sport.de - Sportvereine &amp; Sportnachrichten Mecklenburg-Vorpommern\";s:9:\"meta_desc\";s:426:\"Das 1. Mai-Wochenende nutzten die Ausdauersportler der Laager Laufgruppe intensiv, um in Kleinstgruppen nach Vorgaben der Beh\u00f6rden ihre Leistungen zur Erf\u00fcllung des Internationalen virtuellen Fr\u00fchlingssportfestival zu erbringen. Zur Umsetzung erkl\u00e4rte das \u00dcbungsleiterteam: &quot;Mit der Einhaltung der derzeitigen Vorgaben im Umgang miteinander sind alle L\u00e4ufer*innen vertraut. Sie pr\u00e4gen derzeit nicht unwesentlich\u2026\";s:8:\"og_title\";a:2:{s:5:\"count\";i:1;s:6:\"values\";a:1:{i:0;s:132:\"Das Internationale Fr\u00fchlingssportfestival ist Geschichte | MV-Sport.de - Sportvereine &amp; Sportnachrichten Mecklenburg-Vorpommern\";}}s:7:\"og_desc\";a:2:{s:5:\"count\";i:1;s:6:\"values\";a:1:{i:0;s:426:\"Das 1. Mai-Wochenende nutzten die Ausdauersportler der Laager Laufgruppe intensiv, um in Kleinstgruppen nach Vorgaben der Beh\u00f6rden ihre Leistungen zur Erf\u00fcllung des Internationalen virtuellen Fr\u00fchlingssportfestival zu erbringen. Zur Umsetzung erkl\u00e4rte das \u00dcbungsleiterteam: &quot;Mit der Einhaltung der derzeitigen Vorgaben im Umgang miteinander sind alle L\u00e4ufer*innen vertraut. Sie pr\u00e4gen derzeit nicht unwesentlich\u2026\";}}s:6:\"og_img\";a:2:{s:5:\"count\";i:1;s:6:\"values\";a:1:{i:0;s:75:\"https:\/\/mv-sport.de\/wp-content\/uploads\/2021\/05\/lara-pia-hannah-emi-2856.jpg\";}}s:6:\"og_url\";a:3:{s:5:\"count\";i:1;s:6:\"values\";a:1:{i:0;s:77:\"https:\/\/mv-sport.de\/das-internationale-fruehlingssportfestival-ist-geschichte\";}s:4:\"host\";s:11:\"mv-sport.de\";}s:12:\"og_site_name\";a:2:{s:5:\"count\";i:1;s:6:\"values\";a:1:{i:0;s:72:\"MV-Sport.de - Sportvereine &amp; Sportnachrichten Mecklenburg-Vorpommern\";}}s:8:\"tw_title\";a:2:{s:5:\"count\";i:1;s:6:\"values\";a:1:{i:0;s:132:\"Das Internationale Fr\u00fchlingssportfestival ist Geschichte | MV-Sport.de - Sportvereine &amp; Sportnachrichten Mecklenburg-Vorpommern\";}}s:7:\"tw_desc\";a:2:{s:5:\"count\";i:1;s:6:\"values\";a:1:{i:0;s:426:\"Das 1. Mai-Wochenende nutzten die Ausdauersportler der Laager Laufgruppe intensiv, um in Kleinstgruppen nach Vorgaben der Beh\u00f6rden ihre Leistungen zur Erf\u00fcllung des Internationalen virtuellen Fr\u00fchlingssportfestival zu erbringen. Zur Umsetzung erkl\u00e4rte das \u00dcbungsleiterteam: &quot;Mit der Einhaltung der derzeitigen Vorgaben im Umgang miteinander sind alle L\u00e4ufer*innen vertraut. Sie pr\u00e4gen derzeit nicht unwesentlich\u2026\";}}s:6:\"tw_img\";a:2:{s:5:\"count\";i:1;s:6:\"values\";a:1:{i:0;s:84:\"https:\/\/mv-sport.de\/wp-content\/uploads\/2021\/05\/lara-pia-hannah-emi-2856-1024x768.jpg\";}}s:9:\"canonical\";s:78:\"https:\/\/mv-sport.de\/das-internationale-fruehlingssportfestival-ist-geschichte\/\";s:13:\"all_canonical\";a:1:{i:0;s:78:\"https:\/\/mv-sport.de\/das-internationale-fruehlingssportfestival-ist-geschichte\/\";}s:2:\"h1\";a:1:{s:9:\"nomatches\";a:1:{s:5:\"count\";i:1;}}s:3:\"img\";a:1:{s:6:\"images\";a:6:{i:0;s:84:\"https:\/\/mv-sport.de\/wp-content\/uploads\/2021\/05\/lara-pia-hannah-emi-2856-1024x768.jpg\";i:1;s:59:\"https:\/\/mv-sport.de\/wp-content\/uploads\/2017\/06\/sc_laage.png\";i:2;s:89:\"https:\/\/mv-sport.de\/wp-content\/sabai\/File\/thumbnails\/553a6d4080ed284402e7983f99bcf7d2.gif\";i:3;s:89:\"https:\/\/mv-sport.de\/wp-content\/sabai\/File\/thumbnails\/7787a5e497d32c252550abd7da2a1ed5.jpg\";i:4;s:89:\"https:\/\/mv-sport.de\/wp-content\/sabai\/File\/thumbnails\/daba6d7e3046d161a8983d71bc83ee33.png\";i:5;s:61:\"https:\/\/mv-sport.de\/wp-content\/uploads\/2017\/05\/140x70px-3.gif\";}}s:11:\"meta_robots\";a:1:{i:0;a:1:{i:0;s:13:\"index, follow\";}}s:14:\"outbound_links\";a:9:{i:0;a:1:{s:29:\"http:\/\/www.sportclub-laage.de\";s:29:\"http:\/\/www.sportclub-laage.de\";}i:1;a:1:{s:34:\"https:\/\/www.facebook.com\/MVSportde\";s:0:\"\";}i:2;a:1:{s:37:\"https:\/\/www.instagram.com\/mv_sport.de\";s:0:\"\";}i:4;a:1:{s:28:\"http:\/\/www.elegantthemes.com\";s:14:\"Elegant Themes\";}i:5;a:1:{s:24:\"http:\/\/www.wordpress.org\";s:9:\"WordPress\";}i:6;a:1:{s:20:\"http:\/\/www.web-mv.de\";s:9:\"web-mv.de\";}i:7;a:1:{s:33:\"http:\/\/www.webdesign-schwerin.net\";s:0:\"\";}i:8;a:1:{s:34:\"https:\/\/www.facebook.com\/MVSportde\";s:13:\"\n    Like us!\";}i:9;a:1:{s:37:\"https:\/\/www.instagram.com\/mv_sport.de\";s:15:\"\n    Follow us!\";}}s:13:\"words_counter\";i:331;s:20:\"words_counter_unique\";i:231;s:4:\"json\";a:2:{i:0;s:12:\"Organization\";i:1;s:14:\"BreadcrumbList\";}s:5:\"score\";b:0;}"],"_edit_lock":["1620320077:2"],"_edit_last":["2"],"_thumbnail_id":["73334"],"xyz_fbap_future_to_publish":["a:3:{s:18:\"post_fb_permission\";i:0;s:18:\"xyz_fbap_po_method\";s:1:\"2\";s:16:\"xyz_fbap_message\";s:17:\"{POST_EXCERPT}...\";}"],"xyz_fbap":["1"],"xyz_fbap_insert_og":["1"],"post_views_count":["269"],"_seopress_titles_title":[""],"_seopress_titles_desc":[""],"_seopress_robots_canonical":[""],"_seopress_robots_primary_cat":["none"],"_seopress_robots_breadcrumbs":[""],"_seopress_social_fb_title":[""],"_seopress_social_fb_desc":[""],"_seopress_social_fb_img":[""],"_seopress_social_twitter_title":[""],"_seopress_social_twitter_desc":[""],"_seopress_social_twitter_img":[""],"_seopress_redirections_type":["301"],"_seopress_redirections_value":[""],"_post_review_box_title":["Rezension"],"_post_review_box_summary":[""],"_post_review_box_summary_title":["Zusammenfassung"],"_post_review_box_breakdowns_score":["0"],"_post_review_box_breakdowns_count":["1"],"_post_review_box_breakdowns":["a:1:{i:0;a:2:{s:5:\"title\";s:0:\"\";s:6:\"rating\";i:0;}}"],"_extra_sidebar_location":[""],"_extra_sidebar":[""],"_seopress_pro_schemas_manual":["a:1:{i:0;a:1:{s:32:\"_seopress_pro_rich_snippets_type\";s:4:\"none\";}}"],"_seopress_analysis_target_kw":[""],"wp_schema_pro_optimized_structured_data":["<!-- Schema optimized by Schema Pro --><script type=\"application\/ld+json\">{\"@context\":\"https:\/\/schema.org\",\"@type\":\"NewsArticle\",\"mainEntityOfPage\":{\"@type\":\"WebPage\",\"@id\":\"https:\/\/mv-sport.de\/das-internationale-fruehlingssportfestival-ist-geschichte\/\"},\"headline\":\"Das Internationale Fr\u00fchlingssportfestival ist Geschichte\",\"image\":{\"@type\":\"ImageObject\",\"url\":\"https:\/\/mv-sport.de\/wp-content\/uploads\/2021\/05\/lara-pia-hannah-emi-2856.jpg\",\"width\":1600,\"height\":1200},\"datePublished\":\"2021-05-02T19:48:47\",\"dateModified\":\"2021-05-06T18:55:42\",\"author\":{\"@type\":\"Person\",\"name\":\"Sportclub Laage e.V.\",\"url\":\"https:\/\/mv-sport.de\/author\/sportclub-laage-e-v\"},\"publisher\":{\"@type\":\"Organization\",\"name\":\"MV-Sport.de - Sportvereine &amp; Sportnachrichten Mecklenburg-Vorpommern\",\"logo\":{\"@type\":\"ImageObject\",\"url\":\"https:\/\/mv-sport.de\/wp-content\/uploads\/2017\/05\/logo-mv-sport-292x60.png\"}}}<\/script><!-- \/ Schema optimized by Schema Pro -->"],"__post_views_count":["617"],"astra_style_timestamp_css":["1757137408"],"_uag_css_file_name":["uag-css-73333.css"],"_uag_page_assets":["a:9:{s:3:\"css\";s:7010:\".uagb-block-88f5875d.wp-block-uagb-image--layout-default figure img{box-shadow: 0px 0px 0 #00000070;}.uagb-block-88f5875d.wp-block-uagb-image .wp-block-uagb-image__figure figcaption{font-style: normal;align-self: center;}.uagb-block-88f5875d.wp-block-uagb-image--layout-overlay figure img{box-shadow: 0px 0px 0 #00000070;}.uagb-block-88f5875d.wp-block-uagb-image--layout-overlay .wp-block-uagb-image--layout-overlay__color-wrapper{opacity: 0.2;}.uagb-block-88f5875d.wp-block-uagb-image--layout-overlay .wp-block-uagb-image--layout-overlay__inner{left: 15px;right: 15px;top: 15px;bottom: 15px;}.uagb-block-88f5875d.wp-block-uagb-image--layout-overlay .wp-block-uagb-image--layout-overlay__inner .uagb-image-heading{font-style: normal;color: #fff;opacity: 1;}.uagb-block-88f5875d.wp-block-uagb-image--layout-overlay .wp-block-uagb-image--layout-overlay__inner .uagb-image-heading a{color: #fff;}.uagb-block-88f5875d.wp-block-uagb-image--layout-overlay .wp-block-uagb-image--layout-overlay__inner .uagb-image-caption{opacity: 0;}.uagb-block-88f5875d.wp-block-uagb-image--layout-overlay .wp-block-uagb-image__figure:hover .wp-block-uagb-image--layout-overlay__color-wrapper{opacity: 1;}.uagb-block-88f5875d.wp-block-uagb-image .wp-block-uagb-image--layout-overlay__inner .uagb-image-separator{width: 30%;border-top-width: 2px;border-top-color: #fff;opacity: 0;}.uagb-block-88f5875d.wp-block-uagb-image .wp-block-uagb-image__figure img{width: 297px;height: auto;}.uagb-block-88f5875d.wp-block-uagb-image .wp-block-uagb-image__figure:hover .wp-block-uagb-image--layout-overlay__inner .uagb-image-caption{opacity: 1;}.uagb-block-88f5875d.wp-block-uagb-image .wp-block-uagb-image__figure:hover .wp-block-uagb-image--layout-overlay__inner .uagb-image-separator{opacity: 1;}.uagb-block-88f5875d.wp-block-uagb-image--layout-default figure:hover img{box-shadow: 0px 0px 0 #00000070;}.uagb-block-88f5875d.wp-block-uagb-image--layout-overlay figure:hover img{box-shadow: 0px 0px 0 #00000070;}@media only screen and (max-width: 976px) {.uagb-block-88f5875d.wp-block-uagb-image .wp-block-uagb-image__figure img{width: 297px;height: auto;}}@media only screen and (max-width: 767px) {.uagb-block-88f5875d.wp-block-uagb-image .wp-block-uagb-image__figure img{width: 297px;height: auto;}}.uagb-block-b6c54374.wp-block-uagb-image{margin-top: 0px;margin-right: 0px;margin-bottom: 0px;margin-left: 0px;}.uagb-block-b6c54374.wp-block-uagb-image--layout-default figure img{box-shadow: 0px 0px 0 #00000070;}.uagb-block-b6c54374.wp-block-uagb-image .wp-block-uagb-image__figure figcaption{font-style: normal;align-self: center;}.uagb-block-b6c54374.wp-block-uagb-image--layout-overlay figure img{box-shadow: 0px 0px 0 #00000070;}.uagb-block-b6c54374.wp-block-uagb-image--layout-overlay .wp-block-uagb-image--layout-overlay__color-wrapper{opacity: 0.2;}.uagb-block-b6c54374.wp-block-uagb-image--layout-overlay .wp-block-uagb-image--layout-overlay__inner{left: 15px;right: 15px;top: 15px;bottom: 15px;}.uagb-block-b6c54374.wp-block-uagb-image--layout-overlay .wp-block-uagb-image--layout-overlay__inner .uagb-image-heading{font-style: normal;color: #fff;opacity: 1;}.uagb-block-b6c54374.wp-block-uagb-image--layout-overlay .wp-block-uagb-image--layout-overlay__inner .uagb-image-heading a{color: #fff;}.uagb-block-b6c54374.wp-block-uagb-image--layout-overlay .wp-block-uagb-image--layout-overlay__inner .uagb-image-caption{opacity: 0;}.uagb-block-b6c54374.wp-block-uagb-image--layout-overlay .wp-block-uagb-image__figure:hover .wp-block-uagb-image--layout-overlay__color-wrapper{opacity: 1;}.uagb-block-b6c54374.wp-block-uagb-image .wp-block-uagb-image--layout-overlay__inner .uagb-image-separator{width: 30%;border-top-width: 2px;border-top-color: #fff;opacity: 0;}.uagb-block-b6c54374.wp-block-uagb-image .wp-block-uagb-image__figure img{width: px;height: auto;}.uagb-block-b6c54374.wp-block-uagb-image .wp-block-uagb-image__figure:hover .wp-block-uagb-image--layout-overlay__inner .uagb-image-caption{opacity: 1;}.uagb-block-b6c54374.wp-block-uagb-image .wp-block-uagb-image__figure:hover .wp-block-uagb-image--layout-overlay__inner .uagb-image-separator{opacity: 1;}.uagb-block-b6c54374.wp-block-uagb-image--layout-default figure:hover img{box-shadow: 0px 0px 0 #00000070;}.uagb-block-b6c54374.wp-block-uagb-image--layout-overlay figure:hover img{box-shadow: 0px 0px 0 #00000070;}@media only screen and (max-width: 976px) {.uagb-block-b6c54374.wp-block-uagb-image .wp-block-uagb-image__figure img{width: px;height: auto;}}@media only screen and (max-width: 767px) {.uagb-block-b6c54374.wp-block-uagb-image .wp-block-uagb-image__figure img{width: px;height: auto;}}.uagb-block-2bdcf70c.wp-block-uagb-image{margin-top: 0px;margin-right: 0px;margin-bottom: 0px;margin-left: 0px;}.uagb-block-2bdcf70c.wp-block-uagb-image--layout-default figure img{box-shadow: 0px 0px 0 #00000070;}.uagb-block-2bdcf70c.wp-block-uagb-image .wp-block-uagb-image__figure figcaption{font-style: normal;align-self: center;}.uagb-block-2bdcf70c.wp-block-uagb-image--layout-overlay figure img{box-shadow: 0px 0px 0 #00000070;}.uagb-block-2bdcf70c.wp-block-uagb-image--layout-overlay .wp-block-uagb-image--layout-overlay__color-wrapper{opacity: 0.2;}.uagb-block-2bdcf70c.wp-block-uagb-image--layout-overlay .wp-block-uagb-image--layout-overlay__inner{left: 15px;right: 15px;top: 15px;bottom: 15px;}.uagb-block-2bdcf70c.wp-block-uagb-image--layout-overlay .wp-block-uagb-image--layout-overlay__inner .uagb-image-heading{font-style: normal;color: #fff;opacity: 1;}.uagb-block-2bdcf70c.wp-block-uagb-image--layout-overlay .wp-block-uagb-image--layout-overlay__inner .uagb-image-heading a{color: #fff;}.uagb-block-2bdcf70c.wp-block-uagb-image--layout-overlay .wp-block-uagb-image--layout-overlay__inner .uagb-image-caption{opacity: 0;}.uagb-block-2bdcf70c.wp-block-uagb-image--layout-overlay .wp-block-uagb-image__figure:hover .wp-block-uagb-image--layout-overlay__color-wrapper{opacity: 1;}.uagb-block-2bdcf70c.wp-block-uagb-image .wp-block-uagb-image--layout-overlay__inner .uagb-image-separator{width: 30%;border-top-width: 2px;border-top-color: #fff;opacity: 0;}.uagb-block-2bdcf70c.wp-block-uagb-image .wp-block-uagb-image__figure img{width: px;height: auto;}.uagb-block-2bdcf70c.wp-block-uagb-image .wp-block-uagb-image__figure:hover .wp-block-uagb-image--layout-overlay__inner .uagb-image-caption{opacity: 1;}.uagb-block-2bdcf70c.wp-block-uagb-image .wp-block-uagb-image__figure:hover .wp-block-uagb-image--layout-overlay__inner .uagb-image-separator{opacity: 1;}.uagb-block-2bdcf70c.wp-block-uagb-image--layout-default figure:hover img{box-shadow: 0px 0px 0 #00000070;}.uagb-block-2bdcf70c.wp-block-uagb-image--layout-overlay figure:hover img{box-shadow: 0px 0px 0 #00000070;}@media only screen and (max-width: 976px) {.uagb-block-2bdcf70c.wp-block-uagb-image .wp-block-uagb-image__figure img{width: px;height: auto;}}@media only screen and (max-width: 767px) {.uagb-block-2bdcf70c.wp-block-uagb-image .wp-block-uagb-image__figure img{width: px;height: auto;}}\";s:2:\"js\";s:0:\"\";s:18:\"current_block_list\";a:28:{i:0;s:10:\"core\/group\";i:2;s:24:\"core\/post-featured-image\";i:3;s:15:\"core\/post-title\";i:5;s:14:\"core\/post-date\";i:6;s:16:\"core\/post-author\";i:7;s:15:\"core\/post-terms\";i:8;s:17:\"core\/post-content\";i:9;s:14:\"core\/separator\";i:10;s:13:\"core\/comments\";i:11;s:19:\"core\/comments-title\";i:12;s:21:\"core\/comment-template\";i:15;s:11:\"core\/avatar\";i:16;s:24:\"core\/comment-author-name\";i:17;s:17:\"core\/comment-date\";i:18;s:20:\"core\/comment-content\";i:19;s:23:\"core\/comment-reply-link\";i:20;s:24:\"core\/comments-pagination\";i:21;s:33:\"core\/comments-pagination-previous\";i:22;s:32:\"core\/comments-pagination-numbers\";i:23;s:29:\"core\/comments-pagination-next\";i:24;s:23:\"core\/post-comments-form\";i:25;s:14:\"core\/tag-cloud\";i:26;s:12:\"core\/heading\";i:27;s:14:\"core\/paragraph\";i:28;s:12:\"core\/buttons\";i:29;s:11:\"core\/button\";i:30;s:10:\"uagb\/image\";i:31;s:10:\"core\/image\";}s:8:\"uag_flag\";b:1;s:11:\"uag_version\";s:10:\"1777294893\";s:6:\"gfonts\";a:0:{}s:10:\"gfonts_url\";s:0:\"\";s:12:\"gfonts_files\";a:0:{}s:14:\"uag_faq_layout\";b:0;}"]},"uagb_featured_image_src":{"full":["https:\/\/mv-sport.de\/c\/wp-content\/uploads\/2021\/05\/lara-pia-hannah-emi-2856.jpg",1600,1200,false],"thumbnail":["https:\/\/mv-sport.de\/c\/wp-content\/uploads\/2021\/05\/lara-pia-hannah-emi-2856-150x150.jpg",150,150,true],"medium":["https:\/\/mv-sport.de\/c\/wp-content\/uploads\/2021\/05\/lara-pia-hannah-emi-2856-600x600.jpg",350,350,true],"medium_large":["https:\/\/mv-sport.de\/c\/wp-content\/uploads\/2021\/05\/lara-pia-hannah-emi-2856.jpg",768,576,false],"large":["https:\/\/mv-sport.de\/c\/wp-content\/uploads\/2021\/05\/lara-pia-hannah-emi-2856-1400x1050.jpg",1024,768,true],"1536x1536":["https:\/\/mv-sport.de\/c\/wp-content\/uploads\/2021\/05\/lara-pia-hannah-emi-2856.jpg",1536,1152,false],"2048x2048":["https:\/\/mv-sport.de\/c\/wp-content\/uploads\/2021\/05\/lara-pia-hannah-emi-2856.jpg",1600,1200,false],"ultp_layout_landscape_large":["https:\/\/mv-sport.de\/c\/wp-content\/uploads\/2021\/05\/lara-pia-hannah-emi-2856.jpg",1067,800,false],"ultp_layout_landscape":["https:\/\/mv-sport.de\/c\/wp-content\/uploads\/2021\/05\/lara-pia-hannah-emi-2856.jpg",760,570,false],"ultp_layout_portrait":["https:\/\/mv-sport.de\/c\/wp-content\/uploads\/2021\/05\/lara-pia-hannah-emi-2856.jpg",600,450,false],"ultp_layout_square":["https:\/\/mv-sport.de\/c\/wp-content\/uploads\/2021\/05\/lara-pia-hannah-emi-2856.jpg",600,450,false]},"uagb_author_info":{"display_name":"Sportclub Laage e.V.","author_link":"https:\/\/mv-sport.de\/c\/author\/sportclub-laage-e-v\/"},"uagb_comment_info":0,"uagb_excerpt":"Das 1. Mai-Wochenende nutzten die Ausdauersportler der Laager Laufgruppe intensiv, um in Kleinstgruppen nach Vorgaben der Beh\u00f6rden ihre Leistungen zur Erf\u00fcllung des Internationalen virtuellen Fr\u00fchlingssportfestival zu erbringen. Zur Umsetzung erkl\u00e4rte das \u00dcbungsleiterteam: &#8222;Mit der Einhaltung der derzeitigen Vorgaben im Umgang miteinander sind alle L\u00e4ufer*innen vertraut. Sie pr\u00e4gen derzeit nicht unwesentlich den Sport und haben im&hellip;","_links":{"self":[{"href":"https:\/\/mv-sport.de\/c\/wp-json\/wp\/v2\/posts\/73333","targetHints":{"allow":["GET"]}}],"collection":[{"href":"https:\/\/mv-sport.de\/c\/wp-json\/wp\/v2\/posts"}],"about":[{"href":"https:\/\/mv-sport.de\/c\/wp-json\/wp\/v2\/types\/post"}],"author":[{"embeddable":true,"href":"https:\/\/mv-sport.de\/c\/wp-json\/wp\/v2\/users\/7"}],"replies":[{"embeddable":true,"href":"https:\/\/mv-sport.de\/c\/wp-json\/wp\/v2\/comments?post=73333"}],"version-history":[{"count":0,"href":"https:\/\/mv-sport.de\/c\/wp-json\/wp\/v2\/posts\/73333\/revisions"}],"wp:featuredmedia":[{"embeddable":true,"href":"https:\/\/mv-sport.de\/c\/wp-json\/wp\/v2\/media\/73334"}],"wp:attachment":[{"href":"https:\/\/mv-sport.de\/c\/wp-json\/wp\/v2\/media?parent=73333"}],"wp:term":[{"taxonomy":"category","embeddable":true,"href":"https:\/\/mv-sport.de\/c\/wp-json\/wp\/v2\/categories?post=73333"},{"taxonomy":"post_tag","embeddable":true,"href":"https:\/\/mv-sport.de\/c\/wp-json\/wp\/v2\/tags?post=73333"},{"taxonomy":"ort","embeddable":true,"href":"https:\/\/mv-sport.de\/c\/wp-json\/wp\/v2\/ort?post=73333"}],"curies":[{"name":"wp","href":"https:\/\/api.w.org\/{rel}","templated":true}]}}