{"id":73679,"date":"2021-05-06T19:48:33","date_gmt":"2021-05-06T17:48:33","guid":{"rendered":"https:\/\/mv-sport.de\/?p=73679"},"modified":"2021-05-06T19:48:33","modified_gmt":"2021-05-06T17:48:33","slug":"mein-baum-fuer-rostock-citylaufverein-startet-nachhaltigkeitsprojekt","status":"publish","type":"post","link":"https:\/\/mv-sport.de\/c\/mein-baum-fuer-rostock-citylaufverein-startet-nachhaltigkeitsprojekt\/","title":{"rendered":"&#8222;Mein Baum f\u00fcr Rostock&#8220; &#8211; Citylaufverein startet Nachhaltigkeitsprojekt"},"content":{"rendered":"<p><strong>Obwohl der 29. Rostocker Citylauf vom 16.05. auf den 05.09.2021 verschoben wurde, starten die Organisatoren vom Rostocker Citylauf e.V. und die Agentur PRO EVENT gemeinsam das Projekt \u201eMein Baum f\u00fcr Rostock\u201c. Ziel soll es sein, dass durch L\u00e4uferinnen und L\u00e4ufer in Rostock j\u00e4hrlich mindestens 2025 B\u00e4ume gepflanzt werden. Der Rostocker Citylauf, der bereits seit 2015 durch die Umweltorganisation ARKTIK klimaneutral zertifiziert ist, m\u00f6chte somit mit seinen Partnern einen weiteren Beitrag zur CO\u00b2 &#8211; Reduzierung leisten.<\/strong><\/p>\n<figure id=\"attachment_73682\" aria-describedby=\"caption-attachment-73682\" style=\"width: 1024px\" class=\"wp-caption alignnone\"><img loading=\"lazy\" decoding=\"async\" class=\"size-full wp-image-73682\" src=\"https:\/\/mv-sport.de\/wp-content\/uploads\/2021\/05\/mein-lauf-fuer-rostock.jpg\" alt=\" virtuelle Laufaktion &quot;Mein Lauf f\u00fcr Rostock&quot; | Foto: Rostocker Citylauf e.V.\" width=\"1024\" height=\"576\" \/><figcaption id=\"caption-attachment-73682\" class=\"wp-caption-text\"><span style=\"color: #999999;\">\u00a9 Rostocker Citylauf e.V.<\/span><\/figcaption><\/figure>\n<p>\u201eDer Rostocker Citylauf ist als Veranstaltung bereits gut aufgestellt. Es gibt nachhaltige Verpackungen, lokales Catering oder eine M\u00fcllreduzierung von 50 Prozent. Jetzt k\u00f6nnen alle L\u00e4uferinnen und L\u00e4ufer aus der Region zus\u00e4tzlich einen aktiven Beitrag leisten\u201c so Alexandra Krause (31), Projektleiterin bei PRO EVENT. Die im Sp\u00e4therbst gepflanzten 2025 Laubb\u00e4ume k\u00f6nnen im ausgewachsenen Stadium j\u00e4hrlich bis zu 10 Tonnen CO\u00b2 reduzieren. \u201eWieder ein weiterer Beitrag f\u00fcr die Region\u201c so Rostocks Stadtforstamtsleiter J\u00f6rg Harmuth. Damit am 14.11.2021 m\u00f6glichst viele B\u00e4ume gepflanzt werden k\u00f6nnen, starten die Organisatoren die virtuelle Laufaktion \u201eMein Lauf f\u00fcr Rostock\u201c.<\/p>\n<p>Wer vom 16. bis 24.05.2021 daran teilnimmt, bekommt neben einer Urkunde, einem Finisherfotoplakat und einer Pflanzt\u00fcte einen Gutschein f\u00fcr die gro\u00dfe Baumpflanzaktion am 14.11. in der Rostocker Heide. Ist man am Tag der Baumpflanzaktion nicht selbst mit dabei, kann der Gutschein f\u00fcr Vereine gespendet werden, die sozial schwache Familien in der Region unterst\u00fctzen.<\/p>\n<figure id=\"attachment_73681\" aria-describedby=\"caption-attachment-73681\" style=\"width: 350px\" class=\"wp-caption alignleft\"><a href=\"https:\/\/mv-sport.de\/wp-content\/uploads\/2021\/05\/mein-baum-fuer-rostock.jpg\"><img loading=\"lazy\" decoding=\"async\" class=\"size-medium wp-image-73681\" src=\"https:\/\/mv-sport.de\/wp-content\/uploads\/2021\/05\/mein-baum-fuer-rostock-350x257.jpg\" alt=\" Baumpflanzaktion &quot;Mein Baum f\u00fcr Rostock&quot;\" width=\"350\" height=\"257\" \/><\/a><figcaption id=\"caption-attachment-73681\" class=\"wp-caption-text\">v.l.: Rostocks Stadtforstamtsleiter J\u00f6rg Harmuth und Projektleiterin Alexandra Krause freuen sich auf &#8222;Mein Baum f\u00fcr Rostock&#8220; | <span style=\"color: #999999;\">Foto: PRO EVENT<\/span><\/figcaption><\/figure>\n<p>Urspr\u00fcnglich wollten die Organisatoren den Citylauf im Mai nutzen, um gemeinsam mit Partnern und Rostocker Schulen f\u00fcr die Idee der Baumpflanzaktion zu werben. Jetzt soll mit der Aktion \u201eMein Lauf f\u00fcr Rostock\u201c das nachhaltige Engagement des Vereines und die Idee \u201eMein Baum f\u00fcr Rostock\u201c weiter publik gemacht werden. Dazu soll es gemeinsam mit Firmen und Schulen aus der Region in den kommenden Wochen weitere Initiativen geben.<\/p>\n<p>Dass die Idee der Baumpflanzaktion bei den L\u00e4uferinnen und L\u00e4ufern in der Region gut ankommt, zeigt dass bisher ca. 20% aller fast 600 Onlineanmelder f\u00fcr den 29. Rostocker Citylauf zus\u00e4tzlich einen Gutschein f\u00fcr die Baumpflanzaktion gekauft haben. Wer an der Aktion \u201eMein Lauf f\u00fcr Rostock\u201c mitmachen und zugleich selbst B\u00e4ume f\u00fcr Rostock pflanzen m\u00f6chte, kann sich online unter www.rostocker-citylauf.de anmelden.<\/p>\n<p><span style=\"color: #999999;\"><em>Text: PRO EVENT, Rostocker Citylauf e.V.<\/em><\/span><\/p>\n","protected":false},"excerpt":{"rendered":"<p>Obwohl der 29. Rostocker Citylauf vom 16.05. auf den 05.09.2021 verschoben wurde, starten die Organisatoren vom Rostocker Citylauf e.V. und die Agentur PRO EVENT gemeinsam das Projekt \u201eMein Baum f\u00fcr Rostock\u201c. Ziel soll es sein, dass durch L\u00e4uferinnen und L\u00e4ufer in Rostock j\u00e4hrlich mindestens 2025 B\u00e4ume gepflanzt werden. Der Rostocker Citylauf, der bereits seit 2015 [&hellip;]<\/p>\n","protected":false},"author":2,"featured_media":73681,"comment_status":"open","ping_status":"open","sticky":false,"template":"","format":"standard","meta":{"_seopress_robots_primary_cat":"none","_seopress_titles_title":"&quot;Mein Baum f\u00fcr Rostock&quot; - Citylaufverein startet Nachhaltigkeitsprojekt","_seopress_titles_desc":"Gemeinsamess Projekt des Rostocker Citylauf e.V. und der Agentur PRO EVENT ","_seopress_robots_index":"","_relevanssi_hide_post":"","_relevanssi_hide_content":"","_relevanssi_pin_for_all":"","_relevanssi_pin_keywords":"","_relevanssi_unpin_keywords":"","_relevanssi_related_keywords":"","_relevanssi_related_include_ids":"","_relevanssi_related_exclude_ids":"","_relevanssi_related_no_append":"","_relevanssi_related_not_related":"","_relevanssi_related_posts":"","_relevanssi_noindex_reason":"","_uag_custom_page_level_css":"","footnotes":""},"categories":[47],"tags":[],"ort":[],"class_list":{"0":"post-73679","1":"post","2":"type-post","3":"status-publish","4":"format-standard","5":"has-post-thumbnail","7":"category-laufsport"},"featured_image_urls":{"medium":"https:\/\/mv-sport.de\/c\/wp-content\/uploads\/2021\/05\/mein-baum-fuer-rostock-600x600.jpg","medium_large":"https:\/\/mv-sport.de\/c\/wp-content\/uploads\/2021\/05\/mein-baum-fuer-rostock.jpg","large":"https:\/\/mv-sport.de\/c\/wp-content\/uploads\/2021\/05\/mein-baum-fuer-rostock.jpg","full":"https:\/\/mv-sport.de\/c\/wp-content\/uploads\/2021\/05\/mein-baum-fuer-rostock.jpg","alt":"Baumpflanzaktion \"Mein Baum f\u00fcr Rostock\"","caption":" v.l.: Rostocks Stadtforstamtsleiter J\u00f6rg Harmuth und Projektleiterin Alexandra Krause freuen sich auf \"Mein Baum f\u00fcr Rostock\" | Foto: PRO EVENT"},"spectra_custom_meta":{"uab_option":["yes"],"uab_meta_position":["default"],"_extra_rating_average":["0"],"_seopress_analysis_data":["a:20:{s:5:\"title\";s:82:\"&quot;Mein Baum f\u00fcr Rostock&quot; - Citylaufverein startet Nachhaltigkeitsprojekt\";s:9:\"meta_desc\";s:74:\"Gemeinsamess Projekt des Rostocker Citylauf e.V. und der Agentur PRO EVENT\";s:8:\"og_title\";a:2:{s:5:\"count\";i:1;s:6:\"values\";a:1:{i:0;s:82:\"&quot;Mein Baum f\u00fcr Rostock&quot; - Citylaufverein startet Nachhaltigkeitsprojekt\";}}s:7:\"og_desc\";a:2:{s:5:\"count\";i:1;s:6:\"values\";a:1:{i:0;s:75:\"Gemeinsamess Projekt des Rostocker Citylauf e.V. und der Agentur PRO EVENT \";}}s:6:\"og_img\";a:2:{s:5:\"count\";i:1;s:6:\"values\";a:1:{i:0;s:73:\"https:\/\/mv-sport.de\/wp-content\/uploads\/2021\/05\/mein-baum-fuer-rostock.jpg\";}}s:6:\"og_url\";a:3:{s:5:\"count\";i:1;s:6:\"values\";a:1:{i:0;s:88:\"https:\/\/mv-sport.de\/mein-baum-fuer-rostock-citylaufverein-startet-nachhaltigkeitsprojekt\";}s:4:\"host\";s:11:\"mv-sport.de\";}s:12:\"og_site_name\";a:2:{s:5:\"count\";i:1;s:6:\"values\";a:1:{i:0;s:72:\"MV-Sport.de - Sportvereine &amp; Sportnachrichten Mecklenburg-Vorpommern\";}}s:8:\"tw_title\";a:2:{s:5:\"count\";i:1;s:6:\"values\";a:1:{i:0;s:82:\"&quot;Mein Baum f\u00fcr Rostock&quot; - Citylaufverein startet Nachhaltigkeitsprojekt\";}}s:7:\"tw_desc\";a:2:{s:5:\"count\";i:1;s:6:\"values\";a:1:{i:0;s:75:\"Gemeinsamess Projekt des Rostocker Citylauf e.V. und der Agentur PRO EVENT \";}}s:6:\"tw_img\";a:2:{s:5:\"count\";i:1;s:6:\"values\";a:1:{i:0;s:73:\"https:\/\/mv-sport.de\/wp-content\/uploads\/2021\/05\/mein-baum-fuer-rostock.jpg\";}}s:9:\"canonical\";s:89:\"https:\/\/mv-sport.de\/mein-baum-fuer-rostock-citylaufverein-startet-nachhaltigkeitsprojekt\/\";s:13:\"all_canonical\";a:1:{i:0;s:89:\"https:\/\/mv-sport.de\/mein-baum-fuer-rostock-citylaufverein-startet-nachhaltigkeitsprojekt\/\";}s:2:\"h1\";a:1:{s:9:\"nomatches\";a:1:{s:5:\"count\";i:1;}}s:3:\"img\";a:1:{s:6:\"images\";a:5:{i:0;s:68:\"https:\/\/mv-sport.de\/wp-content\/uploads\/2017\/06\/logo_autor_profil.png\";i:1;s:89:\"https:\/\/mv-sport.de\/wp-content\/sabai\/File\/thumbnails\/3e6fb2f9a75f6c2922ac497bdf0206f4.gif\";i:2;s:89:\"https:\/\/mv-sport.de\/wp-content\/sabai\/File\/thumbnails\/64b6581981e464d2d246ba6139d806b4.jpg\";i:3;s:77:\"https:\/\/mv-sport.de\/wp-content\/plugins\/sabai\/assets\/images\/no_image_small.png\";i:4;s:61:\"https:\/\/mv-sport.de\/wp-content\/uploads\/2017\/05\/140x70px-3.gif\";}}s:11:\"meta_robots\";a:1:{i:0;a:1:{i:0;s:13:\"index, follow\";}}s:14:\"outbound_links\";a:8:{i:0;a:1:{s:34:\"https:\/\/www.facebook.com\/MVSportde\";s:0:\"\";}i:1;a:1:{s:37:\"https:\/\/www.instagram.com\/mv_sport.de\";s:0:\"\";}i:3;a:1:{s:28:\"http:\/\/www.elegantthemes.com\";s:14:\"Elegant Themes\";}i:4;a:1:{s:24:\"http:\/\/www.wordpress.org\";s:9:\"WordPress\";}i:5;a:1:{s:20:\"http:\/\/www.web-mv.de\";s:9:\"web-mv.de\";}i:6;a:1:{s:33:\"http:\/\/www.webdesign-schwerin.net\";s:0:\"\";}i:7;a:1:{s:34:\"https:\/\/www.facebook.com\/MVSportde\";s:13:\"\n    Like us!\";}i:8;a:1:{s:37:\"https:\/\/www.instagram.com\/mv_sport.de\";s:15:\"\n    Follow us!\";}}s:13:\"words_counter\";i:362;s:20:\"words_counter_unique\";i:187;s:4:\"json\";a:2:{i:0;s:12:\"Organization\";i:1;s:14:\"BreadcrumbList\";}s:5:\"score\";b:0;}"],"_edit_lock":["1620323844:2"],"_edit_last":["2"],"_thumbnail_id":["73681"],"xyz_fbap_future_to_publish":["a:3:{s:18:\"post_fb_permission\";i:1;s:18:\"xyz_fbap_po_method\";s:1:\"2\";s:16:\"xyz_fbap_message\";s:17:\"{POST_EXCERPT}...\";}"],"_seopress_pro_schemas_manual":["a:1:{i:0;a:1:{s:32:\"_seopress_pro_rich_snippets_type\";s:4:\"none\";}}"],"_seopress_titles_title":["&quot;Mein Baum f\u00fcr Rostock&quot; - Citylaufverein startet Nachhaltigkeitsprojekt"],"_seopress_titles_desc":["Gemeinsamess Projekt des Rostocker Citylauf e.V. und der Agentur PRO EVENT "],"_seopress_robots_canonical":[""],"_seopress_robots_primary_cat":["none"],"_seopress_robots_breadcrumbs":[""],"_seopress_social_fb_title":[""],"_seopress_social_fb_desc":[""],"_seopress_social_fb_img":[""],"_seopress_social_twitter_title":[""],"_seopress_social_twitter_desc":[""],"_seopress_social_twitter_img":[""],"_seopress_redirections_type":["301"],"_seopress_redirections_value":[""],"_post_review_box_title":["Rezension"],"_post_review_box_summary":[""],"_post_review_box_summary_title":["Zusammenfassung"],"_post_review_box_breakdowns_score":["0"],"_post_review_box_breakdowns_count":["1"],"_post_review_box_breakdowns":["a:1:{i:0;a:2:{s:5:\"title\";s:0:\"\";s:6:\"rating\";i:0;}}"],"_extra_sidebar_location":[""],"_extra_sidebar":[""],"post_views_count":["429"],"xyz_fbap":["1"],"xyz_fbap_insert_og":["1"],"_seopress_analysis_target_kw":[""],"wp_schema_pro_optimized_structured_data":["<!-- Schema optimized by Schema Pro --><script type=\"application\/ld+json\">{\"@context\":\"https:\/\/schema.org\",\"@type\":\"NewsArticle\",\"mainEntityOfPage\":{\"@type\":\"WebPage\",\"@id\":\"https:\/\/mv-sport.de\/mein-baum-fuer-rostock-citylaufverein-startet-nachhaltigkeitsprojekt\/\"},\"headline\":\"\\\"Mein Baum f\u00fcr Rostock\\\" - Citylaufverein startet Nachhaltigkeitsprojekt\",\"image\":{\"@type\":\"ImageObject\",\"url\":\"https:\/\/mv-sport.de\/wp-content\/uploads\/2021\/05\/mein-baum-fuer-rostock.jpg\",\"width\":1024,\"height\":752},\"datePublished\":\"2021-05-06T19:48:33\",\"dateModified\":\"2021-05-06T19:48:33\",\"author\":{\"@type\":\"Person\",\"name\":\"MV-Sport.de\",\"url\":\"https:\/\/mv-sport.de\/author\/mv-sport-de\"},\"publisher\":{\"@type\":\"Organization\",\"name\":\"MV-Sport.de - Sportvereine &amp; Sportnachrichten Mecklenburg-Vorpommern\",\"logo\":{\"@type\":\"ImageObject\",\"url\":\"https:\/\/mv-sport.de\/wp-content\/uploads\/2017\/05\/logo-mv-sport-292x60.png\"}}}<\/script><!-- \/ Schema optimized by Schema Pro -->"],"__post_views_count":["955"],"astra_style_timestamp_css":["1757410178"],"_uag_css_file_name":["uag-css-73679.css"],"_uag_page_assets":["a:9:{s:3:\"css\";s:7010:\".uagb-block-88f5875d.wp-block-uagb-image--layout-default figure img{box-shadow: 0px 0px 0 #00000070;}.uagb-block-88f5875d.wp-block-uagb-image .wp-block-uagb-image__figure figcaption{font-style: normal;align-self: center;}.uagb-block-88f5875d.wp-block-uagb-image--layout-overlay figure img{box-shadow: 0px 0px 0 #00000070;}.uagb-block-88f5875d.wp-block-uagb-image--layout-overlay .wp-block-uagb-image--layout-overlay__color-wrapper{opacity: 0.2;}.uagb-block-88f5875d.wp-block-uagb-image--layout-overlay .wp-block-uagb-image--layout-overlay__inner{left: 15px;right: 15px;top: 15px;bottom: 15px;}.uagb-block-88f5875d.wp-block-uagb-image--layout-overlay .wp-block-uagb-image--layout-overlay__inner .uagb-image-heading{font-style: normal;color: #fff;opacity: 1;}.uagb-block-88f5875d.wp-block-uagb-image--layout-overlay .wp-block-uagb-image--layout-overlay__inner .uagb-image-heading a{color: #fff;}.uagb-block-88f5875d.wp-block-uagb-image--layout-overlay .wp-block-uagb-image--layout-overlay__inner .uagb-image-caption{opacity: 0;}.uagb-block-88f5875d.wp-block-uagb-image--layout-overlay .wp-block-uagb-image__figure:hover .wp-block-uagb-image--layout-overlay__color-wrapper{opacity: 1;}.uagb-block-88f5875d.wp-block-uagb-image .wp-block-uagb-image--layout-overlay__inner .uagb-image-separator{width: 30%;border-top-width: 2px;border-top-color: #fff;opacity: 0;}.uagb-block-88f5875d.wp-block-uagb-image .wp-block-uagb-image__figure img{width: 297px;height: auto;}.uagb-block-88f5875d.wp-block-uagb-image .wp-block-uagb-image__figure:hover .wp-block-uagb-image--layout-overlay__inner .uagb-image-caption{opacity: 1;}.uagb-block-88f5875d.wp-block-uagb-image .wp-block-uagb-image__figure:hover .wp-block-uagb-image--layout-overlay__inner .uagb-image-separator{opacity: 1;}.uagb-block-88f5875d.wp-block-uagb-image--layout-default figure:hover img{box-shadow: 0px 0px 0 #00000070;}.uagb-block-88f5875d.wp-block-uagb-image--layout-overlay figure:hover img{box-shadow: 0px 0px 0 #00000070;}@media only screen and (max-width: 976px) {.uagb-block-88f5875d.wp-block-uagb-image .wp-block-uagb-image__figure img{width: 297px;height: auto;}}@media only screen and (max-width: 767px) {.uagb-block-88f5875d.wp-block-uagb-image .wp-block-uagb-image__figure img{width: 297px;height: auto;}}.uagb-block-b6c54374.wp-block-uagb-image{margin-top: 0px;margin-right: 0px;margin-bottom: 0px;margin-left: 0px;}.uagb-block-b6c54374.wp-block-uagb-image--layout-default figure img{box-shadow: 0px 0px 0 #00000070;}.uagb-block-b6c54374.wp-block-uagb-image .wp-block-uagb-image__figure figcaption{font-style: normal;align-self: center;}.uagb-block-b6c54374.wp-block-uagb-image--layout-overlay figure img{box-shadow: 0px 0px 0 #00000070;}.uagb-block-b6c54374.wp-block-uagb-image--layout-overlay .wp-block-uagb-image--layout-overlay__color-wrapper{opacity: 0.2;}.uagb-block-b6c54374.wp-block-uagb-image--layout-overlay .wp-block-uagb-image--layout-overlay__inner{left: 15px;right: 15px;top: 15px;bottom: 15px;}.uagb-block-b6c54374.wp-block-uagb-image--layout-overlay .wp-block-uagb-image--layout-overlay__inner .uagb-image-heading{font-style: normal;color: #fff;opacity: 1;}.uagb-block-b6c54374.wp-block-uagb-image--layout-overlay .wp-block-uagb-image--layout-overlay__inner .uagb-image-heading a{color: #fff;}.uagb-block-b6c54374.wp-block-uagb-image--layout-overlay .wp-block-uagb-image--layout-overlay__inner .uagb-image-caption{opacity: 0;}.uagb-block-b6c54374.wp-block-uagb-image--layout-overlay .wp-block-uagb-image__figure:hover .wp-block-uagb-image--layout-overlay__color-wrapper{opacity: 1;}.uagb-block-b6c54374.wp-block-uagb-image .wp-block-uagb-image--layout-overlay__inner .uagb-image-separator{width: 30%;border-top-width: 2px;border-top-color: #fff;opacity: 0;}.uagb-block-b6c54374.wp-block-uagb-image .wp-block-uagb-image__figure img{width: px;height: auto;}.uagb-block-b6c54374.wp-block-uagb-image .wp-block-uagb-image__figure:hover .wp-block-uagb-image--layout-overlay__inner .uagb-image-caption{opacity: 1;}.uagb-block-b6c54374.wp-block-uagb-image .wp-block-uagb-image__figure:hover .wp-block-uagb-image--layout-overlay__inner .uagb-image-separator{opacity: 1;}.uagb-block-b6c54374.wp-block-uagb-image--layout-default figure:hover img{box-shadow: 0px 0px 0 #00000070;}.uagb-block-b6c54374.wp-block-uagb-image--layout-overlay figure:hover img{box-shadow: 0px 0px 0 #00000070;}@media only screen and (max-width: 976px) {.uagb-block-b6c54374.wp-block-uagb-image .wp-block-uagb-image__figure img{width: px;height: auto;}}@media only screen and (max-width: 767px) {.uagb-block-b6c54374.wp-block-uagb-image .wp-block-uagb-image__figure img{width: px;height: auto;}}.uagb-block-2bdcf70c.wp-block-uagb-image{margin-top: 0px;margin-right: 0px;margin-bottom: 0px;margin-left: 0px;}.uagb-block-2bdcf70c.wp-block-uagb-image--layout-default figure img{box-shadow: 0px 0px 0 #00000070;}.uagb-block-2bdcf70c.wp-block-uagb-image .wp-block-uagb-image__figure figcaption{font-style: normal;align-self: center;}.uagb-block-2bdcf70c.wp-block-uagb-image--layout-overlay figure img{box-shadow: 0px 0px 0 #00000070;}.uagb-block-2bdcf70c.wp-block-uagb-image--layout-overlay .wp-block-uagb-image--layout-overlay__color-wrapper{opacity: 0.2;}.uagb-block-2bdcf70c.wp-block-uagb-image--layout-overlay .wp-block-uagb-image--layout-overlay__inner{left: 15px;right: 15px;top: 15px;bottom: 15px;}.uagb-block-2bdcf70c.wp-block-uagb-image--layout-overlay .wp-block-uagb-image--layout-overlay__inner .uagb-image-heading{font-style: normal;color: #fff;opacity: 1;}.uagb-block-2bdcf70c.wp-block-uagb-image--layout-overlay .wp-block-uagb-image--layout-overlay__inner .uagb-image-heading a{color: #fff;}.uagb-block-2bdcf70c.wp-block-uagb-image--layout-overlay .wp-block-uagb-image--layout-overlay__inner .uagb-image-caption{opacity: 0;}.uagb-block-2bdcf70c.wp-block-uagb-image--layout-overlay .wp-block-uagb-image__figure:hover .wp-block-uagb-image--layout-overlay__color-wrapper{opacity: 1;}.uagb-block-2bdcf70c.wp-block-uagb-image .wp-block-uagb-image--layout-overlay__inner .uagb-image-separator{width: 30%;border-top-width: 2px;border-top-color: #fff;opacity: 0;}.uagb-block-2bdcf70c.wp-block-uagb-image .wp-block-uagb-image__figure img{width: px;height: auto;}.uagb-block-2bdcf70c.wp-block-uagb-image .wp-block-uagb-image__figure:hover .wp-block-uagb-image--layout-overlay__inner .uagb-image-caption{opacity: 1;}.uagb-block-2bdcf70c.wp-block-uagb-image .wp-block-uagb-image__figure:hover .wp-block-uagb-image--layout-overlay__inner .uagb-image-separator{opacity: 1;}.uagb-block-2bdcf70c.wp-block-uagb-image--layout-default figure:hover img{box-shadow: 0px 0px 0 #00000070;}.uagb-block-2bdcf70c.wp-block-uagb-image--layout-overlay figure:hover img{box-shadow: 0px 0px 0 #00000070;}@media only screen and (max-width: 976px) {.uagb-block-2bdcf70c.wp-block-uagb-image .wp-block-uagb-image__figure img{width: px;height: auto;}}@media only screen and (max-width: 767px) {.uagb-block-2bdcf70c.wp-block-uagb-image .wp-block-uagb-image__figure img{width: px;height: auto;}}\";s:2:\"js\";s:0:\"\";s:18:\"current_block_list\";a:28:{i:0;s:10:\"core\/group\";i:2;s:24:\"core\/post-featured-image\";i:3;s:15:\"core\/post-title\";i:5;s:14:\"core\/post-date\";i:6;s:16:\"core\/post-author\";i:7;s:15:\"core\/post-terms\";i:8;s:17:\"core\/post-content\";i:9;s:14:\"core\/separator\";i:10;s:13:\"core\/comments\";i:11;s:19:\"core\/comments-title\";i:12;s:21:\"core\/comment-template\";i:15;s:11:\"core\/avatar\";i:16;s:24:\"core\/comment-author-name\";i:17;s:17:\"core\/comment-date\";i:18;s:20:\"core\/comment-content\";i:19;s:23:\"core\/comment-reply-link\";i:20;s:24:\"core\/comments-pagination\";i:21;s:33:\"core\/comments-pagination-previous\";i:22;s:32:\"core\/comments-pagination-numbers\";i:23;s:29:\"core\/comments-pagination-next\";i:24;s:23:\"core\/post-comments-form\";i:25;s:14:\"core\/tag-cloud\";i:26;s:12:\"core\/heading\";i:27;s:14:\"core\/paragraph\";i:28;s:12:\"core\/buttons\";i:29;s:11:\"core\/button\";i:30;s:10:\"uagb\/image\";i:31;s:10:\"core\/image\";}s:8:\"uag_flag\";b:1;s:11:\"uag_version\";s:10:\"1777294893\";s:6:\"gfonts\";a:0:{}s:10:\"gfonts_url\";s:0:\"\";s:12:\"gfonts_files\";a:0:{}s:14:\"uag_faq_layout\";b:0;}"]},"uagb_featured_image_src":{"full":["https:\/\/mv-sport.de\/c\/wp-content\/uploads\/2021\/05\/mein-baum-fuer-rostock.jpg",1024,752,false],"thumbnail":["https:\/\/mv-sport.de\/c\/wp-content\/uploads\/2021\/05\/mein-baum-fuer-rostock-150x150.jpg",150,150,true],"medium":["https:\/\/mv-sport.de\/c\/wp-content\/uploads\/2021\/05\/mein-baum-fuer-rostock-600x600.jpg",350,350,true],"medium_large":["https:\/\/mv-sport.de\/c\/wp-content\/uploads\/2021\/05\/mein-baum-fuer-rostock.jpg",768,564,false],"large":["https:\/\/mv-sport.de\/c\/wp-content\/uploads\/2021\/05\/mein-baum-fuer-rostock.jpg",1024,752,false],"1536x1536":["https:\/\/mv-sport.de\/c\/wp-content\/uploads\/2021\/05\/mein-baum-fuer-rostock.jpg",1024,752,false],"2048x2048":["https:\/\/mv-sport.de\/c\/wp-content\/uploads\/2021\/05\/mein-baum-fuer-rostock.jpg",1024,752,false],"ultp_layout_landscape_large":["https:\/\/mv-sport.de\/c\/wp-content\/uploads\/2021\/05\/mein-baum-fuer-rostock.jpg",1024,752,false],"ultp_layout_landscape":["https:\/\/mv-sport.de\/c\/wp-content\/uploads\/2021\/05\/mein-baum-fuer-rostock.jpg",776,570,false],"ultp_layout_portrait":["https:\/\/mv-sport.de\/c\/wp-content\/uploads\/2021\/05\/mein-baum-fuer-rostock.jpg",600,441,false],"ultp_layout_square":["https:\/\/mv-sport.de\/c\/wp-content\/uploads\/2021\/05\/mein-baum-fuer-rostock.jpg",600,441,false]},"uagb_author_info":{"display_name":"MV-Sport.de","author_link":"https:\/\/mv-sport.de\/c\/author\/mv-sport-de\/"},"uagb_comment_info":0,"uagb_excerpt":"Obwohl der 29. Rostocker Citylauf vom 16.05. auf den 05.09.2021 verschoben wurde, starten die Organisatoren vom Rostocker Citylauf e.V. und die Agentur PRO EVENT gemeinsam das Projekt \u201eMein Baum f\u00fcr Rostock\u201c. Ziel soll es sein, dass durch L\u00e4uferinnen und L\u00e4ufer in Rostock j\u00e4hrlich mindestens 2025 B\u00e4ume gepflanzt werden. Der Rostocker Citylauf, der bereits seit 2015&hellip;","_links":{"self":[{"href":"https:\/\/mv-sport.de\/c\/wp-json\/wp\/v2\/posts\/73679","targetHints":{"allow":["GET"]}}],"collection":[{"href":"https:\/\/mv-sport.de\/c\/wp-json\/wp\/v2\/posts"}],"about":[{"href":"https:\/\/mv-sport.de\/c\/wp-json\/wp\/v2\/types\/post"}],"author":[{"embeddable":true,"href":"https:\/\/mv-sport.de\/c\/wp-json\/wp\/v2\/users\/2"}],"replies":[{"embeddable":true,"href":"https:\/\/mv-sport.de\/c\/wp-json\/wp\/v2\/comments?post=73679"}],"version-history":[{"count":0,"href":"https:\/\/mv-sport.de\/c\/wp-json\/wp\/v2\/posts\/73679\/revisions"}],"wp:featuredmedia":[{"embeddable":true,"href":"https:\/\/mv-sport.de\/c\/wp-json\/wp\/v2\/media\/73681"}],"wp:attachment":[{"href":"https:\/\/mv-sport.de\/c\/wp-json\/wp\/v2\/media?parent=73679"}],"wp:term":[{"taxonomy":"category","embeddable":true,"href":"https:\/\/mv-sport.de\/c\/wp-json\/wp\/v2\/categories?post=73679"},{"taxonomy":"post_tag","embeddable":true,"href":"https:\/\/mv-sport.de\/c\/wp-json\/wp\/v2\/tags?post=73679"},{"taxonomy":"ort","embeddable":true,"href":"https:\/\/mv-sport.de\/c\/wp-json\/wp\/v2\/ort?post=73679"}],"curies":[{"name":"wp","href":"https:\/\/api.w.org\/{rel}","templated":true}]}}