{"id":77003,"date":"2021-06-21T11:01:11","date_gmt":"2021-06-21T09:01:11","guid":{"rendered":"https:\/\/mv-sport.de\/?p=77003"},"modified":"2021-06-21T11:01:11","modified_gmt":"2021-06-21T09:01:11","slug":"der-14-krakower-mittsommernachtslauf-findet-am-19-juni-2021-nicht-statt-aber-ein-trainingslauf","status":"publish","type":"post","link":"https:\/\/mv-sport.de\/c\/der-14-krakower-mittsommernachtslauf-findet-am-19-juni-2021-nicht-statt-aber-ein-trainingslauf\/","title":{"rendered":"Der 14. Krakower Mittsommernachtslauf findet am 19. Juni 2021 nicht statt! Aber ein Trainingslauf!"},"content":{"rendered":"<p><span style=\"font-size: 14.0pt;font-family: 'Arial',sans-serif\">Diese Schlagzeilen machten mehr als drei\u00dfig Aktive der Laager Laufgruppe neugierig, denn als Start-und Treffpunkt wurde die Wasserm\u00fchle in Kuchelmi\u00df avisiert. Und schon bei der Anreise bekamen alle das Gef\u00fchl, dass sich das Team des SV Krakow am See e.V., um Frank Eilrich, sehr viel M\u00fche gegeben hatte. Neben der \u00a0perfekten Streckenabsicherung sollte es f\u00fcr alle im Ziel Medaillen und f\u00fcr die Besten Sachpreise geben. Aber auch der Zugang zur Fischtreppe der Nebel begeisterte alle. Aufgrund der extrem hohen Temperaturen blieb das Teilnehmerfeld sicherlich \u00fcberschaubar. Trotzdem waren alle Aktiven engagiert bei der Sache und \u00fcberzeugten mit ansprechenden Leistungen. Besonders die Wettkampfstrecke konnte dabei \u00fcberzeugen. Entlang vieler kleiner Wasserl\u00e4ufe, fast ausschlie\u00dflich auf Naturbelassenen Wegen, konnten alle die pure Natur genie\u00dfen und selbst die Schnellsten hatten daf\u00fcr einen Blick und waren voll des Lobes, im Ziel.<\/span><\/p>\n<figure id=\"attachment_77004\" aria-describedby=\"caption-attachment-77004\" style=\"width: 586px\" class=\"wp-caption aligncenter\"><a href=\"https:\/\/mv-sport.de\/wp-content\/uploads\/2021\/06\/krakow-team.jpg\"><img loading=\"lazy\" decoding=\"async\" class=\" wp-image-77004\" src=\"https:\/\/mv-sport.de\/wp-content\/uploads\/2021\/06\/krakow-team-1024x591.jpg\" alt=\"\" width=\"586\" height=\"338\" \/><\/a><figcaption id=\"caption-attachment-77004\" class=\"wp-caption-text\">Das Foto zeigt die Laager Abordnung mit dem Krakower Frank Eilrich (re.) Foto: Christine Boldt<\/figcaption><\/figure>\n<p><span style=\"font-size: 14.0pt;font-family: 'Arial',sans-serif\">Die 5 Kilometer Runde gewann Claudia Schulz vor den beiden Laager Nachwuchsl\u00e4ufern Kenneth Zimmermann und Lennox Raith. Die 10 Kilometer Distanz, bei der die 5 Kilometer Runde zwei Mal absolviert werden musste, gewann der 38-j\u00e4hrige Laager Clubl\u00e4ufer Jens Beu vor seinen Vereinskameraden Marcel Raith und Ronny Behn. Schnellste Frau wurde Sandra Murr, vor Kathleen Schubert und Sophia Heuck. Auch dieses Trio startet f\u00fcr die Laufgruppe des SC Laage. Zusammenfassend gilt den Frauen und M\u00e4nnern des Organisationsteams ein ganz gro\u00dfes Dankesch\u00f6n f\u00fcr das Erlebnis &#8222;Laufen im Trebeltal&#8220;. Und nicht Wenige stellten an diesem Tag auch fest,\u00a0 dass die Kuchelmi\u00dfer Wasserm\u00fchle durchaus einen Besuch wert ist. Die M\u00fchle beheimatet heute ein Museum.\u00a0 Auf dem M\u00fchlengel\u00e4nde k\u00f6nnen Besucher die besagte \u00a0Fischtreppe beobachten, und Wege um den Wasserturm laden auch zum Spazierengehen ein. Ein kleines Kaffee bietet verschiedenste Leckereien an, und f\u00fcr unterschiedlichste \u00a0Anl\u00e4sse wird die restaurierte Scheune auf dem Gel\u00e4nde genutzt. Urspr\u00fcnglich geh\u00f6rte die Wasserm\u00fchle zum Schloss in Kuchelmi\u00df, welches 1863 bis 1866 erbaut und knapp 100 Jahre sp\u00e4ter abgerissen wurde.<\/span><span style=\"font-size: 12.0pt;font-family: 'Times New Roman',serif\"><\/p>\n<p><\/span><span style=\"font-size: 14.0pt;font-family: 'Arial',sans-serif\">SC Laage<\/span><\/p>\n","protected":false},"excerpt":{"rendered":"<p>Diese Schlagzeilen machten mehr als drei\u00dfig Aktive der Laager Laufgruppe neugierig, denn als Start-und Treffpunkt wurde die Wasserm\u00fchle in Kuchelmi\u00df avisiert. Und schon bei der Anreise bekamen alle das Gef\u00fchl, dass sich das Team des SV Krakow am See e.V., um Frank Eilrich, sehr viel M\u00fche gegeben hatte. Neben der \u00a0perfekten Streckenabsicherung sollte es f\u00fcr [&hellip;]<\/p>\n","protected":false},"author":7,"featured_media":77004,"comment_status":"open","ping_status":"open","sticky":false,"template":"","format":"standard","meta":{"_seopress_robots_primary_cat":"none","_seopress_titles_title":"","_seopress_titles_desc":"","_seopress_robots_index":"","_relevanssi_hide_post":"","_relevanssi_hide_content":"","_relevanssi_pin_for_all":"","_relevanssi_pin_keywords":"","_relevanssi_unpin_keywords":"","_relevanssi_related_keywords":"","_relevanssi_related_include_ids":"","_relevanssi_related_exclude_ids":"","_relevanssi_related_no_append":"","_relevanssi_related_not_related":"","_relevanssi_related_posts":"","_relevanssi_noindex_reason":"","_uag_custom_page_level_css":"","footnotes":""},"categories":[47],"tags":[],"ort":[],"class_list":{"0":"post-77003","1":"post","2":"type-post","3":"status-publish","4":"format-standard","5":"has-post-thumbnail","7":"category-laufsport"},"featured_image_urls":{"medium":"https:\/\/mv-sport.de\/c\/wp-content\/uploads\/2021\/06\/krakow-team-600x600.jpg","medium_large":"https:\/\/mv-sport.de\/c\/wp-content\/uploads\/2021\/06\/krakow-team.jpg","large":"https:\/\/mv-sport.de\/c\/wp-content\/uploads\/2021\/06\/krakow-team-1400x808.jpg","full":"https:\/\/mv-sport.de\/c\/wp-content\/uploads\/2021\/06\/krakow-team.jpg","alt":"","caption":"Das Foto zeigt die Laager Abordnung mit dem Krakower Frank Eilrich (re.) Foto: Christine Boldt"},"spectra_custom_meta":{"uab_option":["yes"],"uab_meta_position":["default"],"_extra_rating_average":["0"],"_seopress_analysis_data":["a:19:{s:5:\"title\";s:173:\"Der 14. Krakower Mittsommernachtslauf findet am 19. Juni 2021 nicht statt! Aber ein Trainingslauf! | MV-Sport.de - Sportvereine &amp; Sportnachrichten Mecklenburg-Vorpommern\";s:9:\"meta_desc\";s:321:\"Diese Schlagzeilen machten mehr als drei\u00dfig Aktive der Laager Laufgruppe neugierig, denn als Start-und Treffpunkt wurde die Wasserm\u00fchle in Kuchelmi\u00df avisiert. Und schon bei der Anreise bekamen alle das Gef\u00fchl, dass sich das Team des SV Krakow am See e.V., um Frank Eilrich, sehr viel M\u00fche gegeben hatte. Neben der\u2026\";s:8:\"og_title\";a:2:{s:5:\"count\";i:1;s:6:\"values\";a:1:{i:0;s:173:\"Der 14. Krakower Mittsommernachtslauf findet am 19. Juni 2021 nicht statt! Aber ein Trainingslauf! | MV-Sport.de - Sportvereine &amp; Sportnachrichten Mecklenburg-Vorpommern\";}}s:7:\"og_desc\";a:2:{s:5:\"count\";i:1;s:6:\"values\";a:1:{i:0;s:321:\"Diese Schlagzeilen machten mehr als drei\u00dfig Aktive der Laager Laufgruppe neugierig, denn als Start-und Treffpunkt wurde die Wasserm\u00fchle in Kuchelmi\u00df avisiert. Und schon bei der Anreise bekamen alle das Gef\u00fchl, dass sich das Team des SV Krakow am See e.V., um Frank Eilrich, sehr viel M\u00fche gegeben hatte. Neben der\u2026\";}}s:6:\"og_img\";a:2:{s:5:\"count\";i:1;s:6:\"values\";a:1:{i:0;s:62:\"https:\/\/mv-sport.de\/wp-content\/uploads\/2021\/06\/krakow-team.jpg\";}}s:6:\"og_url\";a:3:{s:5:\"count\";i:1;s:6:\"values\";a:1:{i:0;s:114:\"https:\/\/mv-sport.de\/der-14-krakower-mittsommernachtslauf-findet-am-19-juni-2021-nicht-statt-aber-ein-trainingslauf\";}s:4:\"host\";s:11:\"mv-sport.de\";}s:12:\"og_site_name\";a:2:{s:5:\"count\";i:1;s:6:\"values\";a:1:{i:0;s:72:\"MV-Sport.de - Sportvereine &amp; Sportnachrichten Mecklenburg-Vorpommern\";}}s:8:\"tw_title\";a:2:{s:5:\"count\";i:1;s:6:\"values\";a:1:{i:0;s:173:\"Der 14. Krakower Mittsommernachtslauf findet am 19. Juni 2021 nicht statt! Aber ein Trainingslauf! | MV-Sport.de - Sportvereine &amp; Sportnachrichten Mecklenburg-Vorpommern\";}}s:7:\"tw_desc\";a:2:{s:5:\"count\";i:1;s:6:\"values\";a:1:{i:0;s:321:\"Diese Schlagzeilen machten mehr als drei\u00dfig Aktive der Laager Laufgruppe neugierig, denn als Start-und Treffpunkt wurde die Wasserm\u00fchle in Kuchelmi\u00df avisiert. Und schon bei der Anreise bekamen alle das Gef\u00fchl, dass sich das Team des SV Krakow am See e.V., um Frank Eilrich, sehr viel M\u00fche gegeben hatte. Neben der\u2026\";}}s:6:\"tw_img\";a:2:{s:5:\"count\";i:1;s:6:\"values\";a:1:{i:0;s:71:\"https:\/\/mv-sport.de\/wp-content\/uploads\/2021\/06\/krakow-team-1024x591.jpg\";}}s:9:\"canonical\";s:115:\"https:\/\/mv-sport.de\/der-14-krakower-mittsommernachtslauf-findet-am-19-juni-2021-nicht-statt-aber-ein-trainingslauf\/\";s:13:\"all_canonical\";a:1:{i:0;s:115:\"https:\/\/mv-sport.de\/der-14-krakower-mittsommernachtslauf-findet-am-19-juni-2021-nicht-statt-aber-ein-trainingslauf\/\";}s:2:\"h1\";a:1:{s:9:\"nomatches\";a:1:{s:5:\"count\";i:1;}}s:3:\"img\";a:1:{s:6:\"images\";a:6:{i:0;s:71:\"https:\/\/mv-sport.de\/wp-content\/uploads\/2021\/06\/krakow-team-1024x591.jpg\";i:1;s:59:\"https:\/\/mv-sport.de\/wp-content\/uploads\/2017\/06\/sc_laage.png\";i:2;s:89:\"https:\/\/mv-sport.de\/wp-content\/sabai\/File\/thumbnails\/5f6ca758185f4c96d985b3676bdb61f5.jpg\";i:3;s:89:\"https:\/\/mv-sport.de\/wp-content\/sabai\/File\/thumbnails\/5db624f4d3f908b5e549bb9a5c1efcfa.png\";i:4;s:89:\"https:\/\/mv-sport.de\/wp-content\/sabai\/File\/thumbnails\/10c58582a9c16f85a83266e76d971136.jpg\";i:5;s:61:\"https:\/\/mv-sport.de\/wp-content\/uploads\/2017\/05\/140x70px-3.gif\";}}s:11:\"meta_robots\";a:1:{i:0;a:1:{i:0;s:13:\"index, follow\";}}s:14:\"outbound_links\";a:9:{i:0;a:1:{s:29:\"http:\/\/www.sportclub-laage.de\";s:29:\"http:\/\/www.sportclub-laage.de\";}i:1;a:1:{s:34:\"https:\/\/www.facebook.com\/MVSportde\";s:0:\"\";}i:2;a:1:{s:37:\"https:\/\/www.instagram.com\/mv_sport.de\";s:0:\"\";}i:4;a:1:{s:28:\"http:\/\/www.elegantthemes.com\";s:14:\"Elegant Themes\";}i:5;a:1:{s:24:\"http:\/\/www.wordpress.org\";s:9:\"WordPress\";}i:6;a:1:{s:20:\"http:\/\/www.web-mv.de\";s:9:\"web-mv.de\";}i:7;a:1:{s:33:\"http:\/\/www.webdesign-schwerin.net\";s:0:\"\";}i:8;a:1:{s:34:\"https:\/\/www.facebook.com\/MVSportde\";s:13:\"\n    Like us!\";}i:9;a:1:{s:37:\"https:\/\/www.instagram.com\/mv_sport.de\";s:15:\"\n    Follow us!\";}}s:13:\"words_counter\";i:314;s:20:\"words_counter_unique\";i:223;s:4:\"json\";a:2:{i:0;s:12:\"Organization\";i:1;s:14:\"BreadcrumbList\";}}"],"_edit_lock":["1624265972:7"],"_edit_last":["7"],"_thumbnail_id":["77004"],"xyz_fbap_future_to_publish":["a:3:{s:18:\"post_fb_permission\";i:1;s:18:\"xyz_fbap_po_method\";s:1:\"2\";s:16:\"xyz_fbap_message\";s:17:\"{POST_EXCERPT}...\";}"],"xyz_fbap":["1"],"xyz_fbap_insert_og":["1"],"post_views_count":["247"],"_seopress_titles_title":[""],"_seopress_titles_desc":[""],"_seopress_robots_canonical":[""],"_seopress_robots_primary_cat":["none"],"_seopress_robots_breadcrumbs":[""],"_seopress_social_fb_title":[""],"_seopress_social_fb_desc":[""],"_seopress_social_fb_img":[""],"_seopress_social_twitter_title":[""],"_seopress_social_twitter_desc":[""],"_seopress_social_twitter_img":[""],"_seopress_redirections_type":["301"],"_seopress_redirections_value":[""],"_post_review_box_title":["Rezension"],"_post_review_box_summary":[""],"_post_review_box_summary_title":["Zusammenfassung"],"_post_review_box_breakdowns_score":["0"],"_post_review_box_breakdowns_count":["1"],"_post_review_box_breakdowns":["a:1:{i:0;a:2:{s:5:\"title\";s:0:\"\";s:6:\"rating\";i:0;}}"],"_extra_sidebar_location":[""],"_extra_sidebar":[""],"wp_schema_pro_optimized_structured_data":["<!-- Schema optimized by Schema Pro --><script type=\"application\/ld+json\">{\"@context\":\"https:\/\/schema.org\",\"@type\":\"NewsArticle\",\"mainEntityOfPage\":{\"@type\":\"WebPage\",\"@id\":\"https:\/\/mv-sport.de\/der-14-krakower-mittsommernachtslauf-findet-am-19-juni-2021-nicht-statt-aber-ein-trainingslauf\/\"},\"headline\":\"Der 14. Krakower Mittsommernachtslauf findet am 19. Juni 2021 nicht statt! Aber ein Trainingslauf!\",\"image\":{\"@type\":\"ImageObject\",\"url\":\"https:\/\/mv-sport.de\/wp-content\/uploads\/2021\/06\/krakow-team.jpg\",\"width\":1600,\"height\":923},\"datePublished\":\"2021-06-21T11:01:11\",\"dateModified\":\"2021-06-21T11:01:11\",\"author\":{\"@type\":\"Person\",\"name\":\"Sportclub Laage e.V.\",\"url\":\"https:\/\/mv-sport.de\/author\/sportclub-laage-e-v\"},\"publisher\":{\"@type\":\"Organization\",\"name\":\"MV-Sport.de - Sportvereine &amp; Sportnachrichten Mecklenburg-Vorpommern\",\"logo\":{\"@type\":\"ImageObject\",\"url\":\"https:\/\/mv-sport.de\/wp-content\/uploads\/2017\/05\/logo-mv-sport-292x60.png\"}}}<\/script><!-- \/ Schema optimized by Schema Pro -->"],"__post_views_count":["675"],"astra_style_timestamp_css":["1757249761"],"_uag_css_file_name":["uag-css-77003.css"],"_uag_page_assets":["a:9:{s:3:\"css\";s:7010:\".uagb-block-88f5875d.wp-block-uagb-image--layout-default figure img{box-shadow: 0px 0px 0 #00000070;}.uagb-block-88f5875d.wp-block-uagb-image .wp-block-uagb-image__figure figcaption{font-style: normal;align-self: center;}.uagb-block-88f5875d.wp-block-uagb-image--layout-overlay figure img{box-shadow: 0px 0px 0 #00000070;}.uagb-block-88f5875d.wp-block-uagb-image--layout-overlay .wp-block-uagb-image--layout-overlay__color-wrapper{opacity: 0.2;}.uagb-block-88f5875d.wp-block-uagb-image--layout-overlay .wp-block-uagb-image--layout-overlay__inner{left: 15px;right: 15px;top: 15px;bottom: 15px;}.uagb-block-88f5875d.wp-block-uagb-image--layout-overlay .wp-block-uagb-image--layout-overlay__inner .uagb-image-heading{font-style: normal;color: #fff;opacity: 1;}.uagb-block-88f5875d.wp-block-uagb-image--layout-overlay .wp-block-uagb-image--layout-overlay__inner .uagb-image-heading a{color: #fff;}.uagb-block-88f5875d.wp-block-uagb-image--layout-overlay .wp-block-uagb-image--layout-overlay__inner .uagb-image-caption{opacity: 0;}.uagb-block-88f5875d.wp-block-uagb-image--layout-overlay .wp-block-uagb-image__figure:hover .wp-block-uagb-image--layout-overlay__color-wrapper{opacity: 1;}.uagb-block-88f5875d.wp-block-uagb-image .wp-block-uagb-image--layout-overlay__inner .uagb-image-separator{width: 30%;border-top-width: 2px;border-top-color: #fff;opacity: 0;}.uagb-block-88f5875d.wp-block-uagb-image .wp-block-uagb-image__figure img{width: 297px;height: auto;}.uagb-block-88f5875d.wp-block-uagb-image .wp-block-uagb-image__figure:hover .wp-block-uagb-image--layout-overlay__inner .uagb-image-caption{opacity: 1;}.uagb-block-88f5875d.wp-block-uagb-image .wp-block-uagb-image__figure:hover .wp-block-uagb-image--layout-overlay__inner .uagb-image-separator{opacity: 1;}.uagb-block-88f5875d.wp-block-uagb-image--layout-default figure:hover img{box-shadow: 0px 0px 0 #00000070;}.uagb-block-88f5875d.wp-block-uagb-image--layout-overlay figure:hover img{box-shadow: 0px 0px 0 #00000070;}@media only screen and (max-width: 976px) {.uagb-block-88f5875d.wp-block-uagb-image .wp-block-uagb-image__figure img{width: 297px;height: auto;}}@media only screen and (max-width: 767px) {.uagb-block-88f5875d.wp-block-uagb-image .wp-block-uagb-image__figure img{width: 297px;height: auto;}}.uagb-block-b6c54374.wp-block-uagb-image{margin-top: 0px;margin-right: 0px;margin-bottom: 0px;margin-left: 0px;}.uagb-block-b6c54374.wp-block-uagb-image--layout-default figure img{box-shadow: 0px 0px 0 #00000070;}.uagb-block-b6c54374.wp-block-uagb-image .wp-block-uagb-image__figure figcaption{font-style: normal;align-self: center;}.uagb-block-b6c54374.wp-block-uagb-image--layout-overlay figure img{box-shadow: 0px 0px 0 #00000070;}.uagb-block-b6c54374.wp-block-uagb-image--layout-overlay .wp-block-uagb-image--layout-overlay__color-wrapper{opacity: 0.2;}.uagb-block-b6c54374.wp-block-uagb-image--layout-overlay .wp-block-uagb-image--layout-overlay__inner{left: 15px;right: 15px;top: 15px;bottom: 15px;}.uagb-block-b6c54374.wp-block-uagb-image--layout-overlay .wp-block-uagb-image--layout-overlay__inner .uagb-image-heading{font-style: normal;color: #fff;opacity: 1;}.uagb-block-b6c54374.wp-block-uagb-image--layout-overlay .wp-block-uagb-image--layout-overlay__inner .uagb-image-heading a{color: #fff;}.uagb-block-b6c54374.wp-block-uagb-image--layout-overlay .wp-block-uagb-image--layout-overlay__inner .uagb-image-caption{opacity: 0;}.uagb-block-b6c54374.wp-block-uagb-image--layout-overlay .wp-block-uagb-image__figure:hover .wp-block-uagb-image--layout-overlay__color-wrapper{opacity: 1;}.uagb-block-b6c54374.wp-block-uagb-image .wp-block-uagb-image--layout-overlay__inner .uagb-image-separator{width: 30%;border-top-width: 2px;border-top-color: #fff;opacity: 0;}.uagb-block-b6c54374.wp-block-uagb-image .wp-block-uagb-image__figure img{width: px;height: auto;}.uagb-block-b6c54374.wp-block-uagb-image .wp-block-uagb-image__figure:hover .wp-block-uagb-image--layout-overlay__inner .uagb-image-caption{opacity: 1;}.uagb-block-b6c54374.wp-block-uagb-image .wp-block-uagb-image__figure:hover .wp-block-uagb-image--layout-overlay__inner .uagb-image-separator{opacity: 1;}.uagb-block-b6c54374.wp-block-uagb-image--layout-default figure:hover img{box-shadow: 0px 0px 0 #00000070;}.uagb-block-b6c54374.wp-block-uagb-image--layout-overlay figure:hover img{box-shadow: 0px 0px 0 #00000070;}@media only screen and (max-width: 976px) {.uagb-block-b6c54374.wp-block-uagb-image .wp-block-uagb-image__figure img{width: px;height: auto;}}@media only screen and (max-width: 767px) {.uagb-block-b6c54374.wp-block-uagb-image .wp-block-uagb-image__figure img{width: px;height: auto;}}.uagb-block-2bdcf70c.wp-block-uagb-image{margin-top: 0px;margin-right: 0px;margin-bottom: 0px;margin-left: 0px;}.uagb-block-2bdcf70c.wp-block-uagb-image--layout-default figure img{box-shadow: 0px 0px 0 #00000070;}.uagb-block-2bdcf70c.wp-block-uagb-image .wp-block-uagb-image__figure figcaption{font-style: normal;align-self: center;}.uagb-block-2bdcf70c.wp-block-uagb-image--layout-overlay figure img{box-shadow: 0px 0px 0 #00000070;}.uagb-block-2bdcf70c.wp-block-uagb-image--layout-overlay .wp-block-uagb-image--layout-overlay__color-wrapper{opacity: 0.2;}.uagb-block-2bdcf70c.wp-block-uagb-image--layout-overlay .wp-block-uagb-image--layout-overlay__inner{left: 15px;right: 15px;top: 15px;bottom: 15px;}.uagb-block-2bdcf70c.wp-block-uagb-image--layout-overlay .wp-block-uagb-image--layout-overlay__inner .uagb-image-heading{font-style: normal;color: #fff;opacity: 1;}.uagb-block-2bdcf70c.wp-block-uagb-image--layout-overlay .wp-block-uagb-image--layout-overlay__inner .uagb-image-heading a{color: #fff;}.uagb-block-2bdcf70c.wp-block-uagb-image--layout-overlay .wp-block-uagb-image--layout-overlay__inner .uagb-image-caption{opacity: 0;}.uagb-block-2bdcf70c.wp-block-uagb-image--layout-overlay .wp-block-uagb-image__figure:hover .wp-block-uagb-image--layout-overlay__color-wrapper{opacity: 1;}.uagb-block-2bdcf70c.wp-block-uagb-image .wp-block-uagb-image--layout-overlay__inner .uagb-image-separator{width: 30%;border-top-width: 2px;border-top-color: #fff;opacity: 0;}.uagb-block-2bdcf70c.wp-block-uagb-image .wp-block-uagb-image__figure img{width: px;height: auto;}.uagb-block-2bdcf70c.wp-block-uagb-image .wp-block-uagb-image__figure:hover .wp-block-uagb-image--layout-overlay__inner .uagb-image-caption{opacity: 1;}.uagb-block-2bdcf70c.wp-block-uagb-image .wp-block-uagb-image__figure:hover .wp-block-uagb-image--layout-overlay__inner .uagb-image-separator{opacity: 1;}.uagb-block-2bdcf70c.wp-block-uagb-image--layout-default figure:hover img{box-shadow: 0px 0px 0 #00000070;}.uagb-block-2bdcf70c.wp-block-uagb-image--layout-overlay figure:hover img{box-shadow: 0px 0px 0 #00000070;}@media only screen and (max-width: 976px) {.uagb-block-2bdcf70c.wp-block-uagb-image .wp-block-uagb-image__figure img{width: px;height: auto;}}@media only screen and (max-width: 767px) {.uagb-block-2bdcf70c.wp-block-uagb-image .wp-block-uagb-image__figure img{width: px;height: auto;}}\";s:2:\"js\";s:0:\"\";s:18:\"current_block_list\";a:28:{i:0;s:10:\"core\/group\";i:2;s:24:\"core\/post-featured-image\";i:3;s:15:\"core\/post-title\";i:5;s:14:\"core\/post-date\";i:6;s:16:\"core\/post-author\";i:7;s:15:\"core\/post-terms\";i:8;s:17:\"core\/post-content\";i:9;s:14:\"core\/separator\";i:10;s:13:\"core\/comments\";i:11;s:19:\"core\/comments-title\";i:12;s:21:\"core\/comment-template\";i:15;s:11:\"core\/avatar\";i:16;s:24:\"core\/comment-author-name\";i:17;s:17:\"core\/comment-date\";i:18;s:20:\"core\/comment-content\";i:19;s:23:\"core\/comment-reply-link\";i:20;s:24:\"core\/comments-pagination\";i:21;s:33:\"core\/comments-pagination-previous\";i:22;s:32:\"core\/comments-pagination-numbers\";i:23;s:29:\"core\/comments-pagination-next\";i:24;s:23:\"core\/post-comments-form\";i:25;s:14:\"core\/tag-cloud\";i:26;s:12:\"core\/heading\";i:27;s:14:\"core\/paragraph\";i:28;s:12:\"core\/buttons\";i:29;s:11:\"core\/button\";i:30;s:10:\"uagb\/image\";i:31;s:10:\"core\/image\";}s:8:\"uag_flag\";b:1;s:11:\"uag_version\";s:10:\"1777301525\";s:6:\"gfonts\";a:0:{}s:10:\"gfonts_url\";s:0:\"\";s:12:\"gfonts_files\";a:0:{}s:14:\"uag_faq_layout\";b:0;}"]},"uagb_featured_image_src":{"full":["https:\/\/mv-sport.de\/c\/wp-content\/uploads\/2021\/06\/krakow-team.jpg",1600,923,false],"thumbnail":["https:\/\/mv-sport.de\/c\/wp-content\/uploads\/2021\/06\/krakow-team-150x150.jpg",150,150,true],"medium":["https:\/\/mv-sport.de\/c\/wp-content\/uploads\/2021\/06\/krakow-team-600x600.jpg",350,350,true],"medium_large":["https:\/\/mv-sport.de\/c\/wp-content\/uploads\/2021\/06\/krakow-team.jpg",768,443,false],"large":["https:\/\/mv-sport.de\/c\/wp-content\/uploads\/2021\/06\/krakow-team-1400x808.jpg",1024,591,true],"1536x1536":["https:\/\/mv-sport.de\/c\/wp-content\/uploads\/2021\/06\/krakow-team.jpg",1536,886,false],"2048x2048":["https:\/\/mv-sport.de\/c\/wp-content\/uploads\/2021\/06\/krakow-team.jpg",1600,923,false],"ultp_layout_landscape_large":["https:\/\/mv-sport.de\/c\/wp-content\/uploads\/2021\/06\/krakow-team.jpg",1200,692,false],"ultp_layout_landscape":["https:\/\/mv-sport.de\/c\/wp-content\/uploads\/2021\/06\/krakow-team.jpg",870,502,false],"ultp_layout_portrait":["https:\/\/mv-sport.de\/c\/wp-content\/uploads\/2021\/06\/krakow-team.jpg",600,346,false],"ultp_layout_square":["https:\/\/mv-sport.de\/c\/wp-content\/uploads\/2021\/06\/krakow-team.jpg",600,346,false]},"uagb_author_info":{"display_name":"Sportclub Laage e.V.","author_link":"https:\/\/mv-sport.de\/c\/author\/sportclub-laage-e-v\/"},"uagb_comment_info":0,"uagb_excerpt":"Diese Schlagzeilen machten mehr als drei\u00dfig Aktive der Laager Laufgruppe neugierig, denn als Start-und Treffpunkt wurde die Wasserm\u00fchle in Kuchelmi\u00df avisiert. Und schon bei der Anreise bekamen alle das Gef\u00fchl, dass sich das Team des SV Krakow am See e.V., um Frank Eilrich, sehr viel M\u00fche gegeben hatte. Neben der \u00a0perfekten Streckenabsicherung sollte es f\u00fcr&hellip;","_links":{"self":[{"href":"https:\/\/mv-sport.de\/c\/wp-json\/wp\/v2\/posts\/77003","targetHints":{"allow":["GET"]}}],"collection":[{"href":"https:\/\/mv-sport.de\/c\/wp-json\/wp\/v2\/posts"}],"about":[{"href":"https:\/\/mv-sport.de\/c\/wp-json\/wp\/v2\/types\/post"}],"author":[{"embeddable":true,"href":"https:\/\/mv-sport.de\/c\/wp-json\/wp\/v2\/users\/7"}],"replies":[{"embeddable":true,"href":"https:\/\/mv-sport.de\/c\/wp-json\/wp\/v2\/comments?post=77003"}],"version-history":[{"count":0,"href":"https:\/\/mv-sport.de\/c\/wp-json\/wp\/v2\/posts\/77003\/revisions"}],"wp:featuredmedia":[{"embeddable":true,"href":"https:\/\/mv-sport.de\/c\/wp-json\/wp\/v2\/media\/77004"}],"wp:attachment":[{"href":"https:\/\/mv-sport.de\/c\/wp-json\/wp\/v2\/media?parent=77003"}],"wp:term":[{"taxonomy":"category","embeddable":true,"href":"https:\/\/mv-sport.de\/c\/wp-json\/wp\/v2\/categories?post=77003"},{"taxonomy":"post_tag","embeddable":true,"href":"https:\/\/mv-sport.de\/c\/wp-json\/wp\/v2\/tags?post=77003"},{"taxonomy":"ort","embeddable":true,"href":"https:\/\/mv-sport.de\/c\/wp-json\/wp\/v2\/ort?post=77003"}],"curies":[{"name":"wp","href":"https:\/\/api.w.org\/{rel}","templated":true}]}}