{"id":7796,"date":"2017-12-27T20:15:28","date_gmt":"2017-12-27T19:15:28","guid":{"rendered":"https:\/\/mv-sport.de\/?p=7796"},"modified":"2017-12-27T21:18:27","modified_gmt":"2017-12-27T20:18:27","slug":"die-hallen-hockey-em-2018-in-antwerpen-im-blick","status":"publish","type":"post","link":"https:\/\/mv-sport.de\/c\/die-hallen-hockey-em-2018-in-antwerpen-im-blick\/","title":{"rendered":"Die Hallen-Hockey-EM 2018 in Antwerpen im Blick"},"content":{"rendered":"<p>Herren-Team steht fest\/Bundestrainer Valentin Altenburg hat zehn Perspektivspieler nominiert<\/p>\n<figure id=\"attachment_1406\" aria-describedby=\"caption-attachment-1406\" style=\"width: 300px\" class=\"wp-caption alignright\"><a href=\"https:\/\/mv-sport.de\/wp-content\/uploads\/2017\/05\/feldhockeysport.jpg\"><img loading=\"lazy\" decoding=\"async\" class=\"size-medium wp-image-1406\" src=\"https:\/\/mv-sport.de\/wp-content\/uploads\/2017\/05\/feldhockeysport-300x199.jpg\" alt=\"\" width=\"300\" height=\"199\" \/><\/a><figcaption id=\"caption-attachment-1406\" class=\"wp-caption-text\">Vom Feldhockey im Sommer geht es nun zum Hallen-Hockey (und nat\u00fcrlich auch Eishockey)&#8230; Foto: M.M.<\/figcaption><\/figure>\n<p>Das deutsche Herrenteam f\u00fcr die Hallenhockey-Europameisterschaften vom 12. bis 14.Januar 2018 im belgischen Antwerpen steht fest. Junioren-Bundestrainer Valentin Altenburg,der die Mannschaft in Belgien betreuen wird, hat in Abstimmung mit Herren-Bundestrainer Stefan Kermas bekannt gegeben, welche zehn Perspektivspieler mit den Routiniers Moritz F\u00fcrste und Linus Butt die Titelverteidigung in Angriff nehmen sollen.<\/p>\n<p>Valentin Altenburg: \u201eAusschlaggebend f\u00fcr die 20-k\u00f6pfige Longlist war die Perspektive zuk\u00fcnftig f\u00fcr die HONAMAS zu spielen. Es sind die Top-Talente die schrittweise an die DHB-Herren herangef\u00fchrt werden. Ausschlaggebend f\u00fcr die Hallen-EM-Nominierung waren die aktuellen Leistungen in der Bundesliga-Hinrunde. Linus Butt und Moritz F\u00fcrste werden das talentierte Team mit ihrer Qualit\u00e4t und Erfahrung als verl\u00e4ngerter Arm des Trainerteams anf\u00fchren.\u201c<\/p>\n<p>In Antwerpen trifft das DHB-Team in der Vorrunde auf Tschechien, Polen und D\u00e4nemark. Neben F\u00fcrste und Butt hat nur der UHCer Philip Schmid bereits internationale Erfahrungen im Hallen-Nationalteam. Er gewann 2016 in Prag an der Seite von Butt die EM-Goldmedaille. F\u00fcr die anderen neun Perspektivspieler, von denen vier sogar noch unter 20 Jahren alt sind, ist eine EM absolutes Neuland.<\/p>\n<p>F\u00fcr Stefan Kermas ist das EM-Turnier ein guter Fingerzeig, obwohl dort ein ganz anderesTeam am Start ist, denn auch bei der Hallen-WM vom 7. bis 11. Februar in der Berliner Max-Schmeling-Halle bekommen es die HONAMAS, die dort fast mit der kompletten A-Nationalmannschaft antreten, mit Polen und Tschechien als h\u00e4rteste Konkurrenten in der Vorrunde zu tun.<\/p>\n<p>Die Entscheidung, das EM-Turnier mit einer nahezu kompletten Perspektivmannschaft zu spielen, hatte die sportliche F\u00fchrung des DHB getroffen, weil die Erholungsphase f\u00fcr die A-Nationalspieler nach dem World-League-Turnier in Indien zu kurz gewesen w\u00e4re. Ziel ist es, den jungen Talenten bei einem solchen Top-Turnier die Gelegenheit zu geben, Erfahrungen zu sammeln und sich zu zeigen.<\/p>\n<p>Der Kader f\u00fcr Antwerpen:<\/p>\n<p>Name\/Vorname &#8211; Verein &#8211; Alter<\/p>\n<p>TW Garst, Niklas &#8211; TSV Mannheim &#8211; 22<\/p>\n<p>TW Stadler, Alexander &#8211; TSV Mannheim &#8211; 18<\/p>\n<p>Boeckel, Anton &#8211; Club an der Alster &#8211; 22<\/p>\n<p>Butt, Linus &#8211; Crefelder HTC &#8211; 30<\/p>\n<p>D\u00f6sch, Paul &#8211; TC Blau-Weiss &#8211; 19<\/p>\n<p>F\u00fcrste, Moritz &#8211; UHC Hamburg &#8211; 33<\/p>\n<p>Gr\u00fcnenwald, Nils &#8211; TSV Mannheim &#8211; 22<\/p>\n<p>Hellwig, Malte &#8211; Uhlenhorst M\u00fclheim &#8211; 20<\/p>\n<p>Hinrichs, Teo &#8211; Mannheimer HC &#8211; 18<\/p>\n<p>Kamlade, Jesper &#8211; Club an der Alster &#8211; 20<\/p>\n<p>M\u00fcller, Hannes Wulf &#8211; UHC Hamburg &#8211; 17<\/p>\n<p>Schmid, Philip &#8211; UHC Hamburg &#8211; 22<\/p>\n<p>Pressemitteilung, Christoph Plass, Deutsche Hockey Agentur (dha), Offizielle Medienagentur des Deutschen Hockey-Bundes (DHB)<\/p>\n<p><strong>Anmerkung (M.Michels): EM und WM im Hallen-Hockey<\/strong><\/p>\n<p>Seit 1974 werden Hallen-Hockey-EM f\u00fcr die Herren ausgetragen, wobei Deutschland den EM-Titel 15 x gewann. Nur Russland (2008) und \u00d6sterreich (2010) gelang es bisher, die deutsche Siegesserie zu unterbrechen. Bei den Frauen ist die deutsche Dominanz bei EM \u00e4hnlich. Dort werden EM-Turniere seit 1975 organisiert. Die deutschen Hallen-Hockey-M\u00e4dels triumphierten insgesamt 14 x. Die restlichen vier Titel teilten sich England (1996), die Ukraine (2010) und die Niederlande (2014 und 2016).<\/p>\n<p>Deutschland war bei den Damen f\u00fcnfmal EM-Gastgeber (1981 in Berlin, 1987 in Bad Neuenahr, 1990 in Elmshorn, 2010 in Duisburg bzw. 2012 in Leipzig) und bei den Herren dreimal (1974 in Berlin, 1994 in Bonn bzw. 2012 in Leipzig).<\/p>\n<p>Die WM-Historie im Hallen-Hockey ist indes noch sehr jung. Bislang wurden erst vier Weltmeisterschaften im Hallen-Hockey organisiert, so 2003 in Leipzig, 2007 in Wien, 2011 in Poznan und 2015 in Leipzig. Berlin folgt als WM-Ort 2018.<\/p>\n<p>Die bisherigen WM-Titel im Hallen-Hockey erk\u00e4mpften bei den Damen die Niederlande (2007 bzw. 2015) sowie Deutschland (2003 bzw. 2011) und bei den Herren Deutschland (2003, 2007 sowie 2011) und die Niederlande (2015).<\/p>\n<p>&nbsp;<\/p>\n","protected":false},"excerpt":{"rendered":"<p>Herren-Team steht fest\/Bundestrainer Valentin Altenburg hat zehn Perspektivspieler nominiert Das deutsche Herrenteam f\u00fcr die Hallenhockey-Europameisterschaften vom 12. bis 14.Januar 2018 im belgischen Antwerpen steht fest. Junioren-Bundestrainer Valentin Altenburg,der die Mannschaft in Belgien betreuen wird, hat in Abstimmung mit Herren-Bundestrainer Stefan Kermas bekannt gegeben, welche zehn Perspektivspieler mit den Routiniers Moritz F\u00fcrste und Linus Butt die [&hellip;]<\/p>\n","protected":false},"author":3,"featured_media":1406,"comment_status":"open","ping_status":"open","sticky":false,"template":"","format":"standard","meta":{"_seopress_robots_primary_cat":"","_seopress_titles_title":"","_seopress_titles_desc":"","_seopress_robots_index":"","_relevanssi_hide_post":"","_relevanssi_hide_content":"","_relevanssi_pin_for_all":"","_relevanssi_pin_keywords":"","_relevanssi_unpin_keywords":"","_relevanssi_related_keywords":"","_relevanssi_related_include_ids":"","_relevanssi_related_exclude_ids":"","_relevanssi_related_no_append":"","_relevanssi_related_not_related":"","_relevanssi_related_posts":"","_relevanssi_noindex_reason":"","_uag_custom_page_level_css":"","footnotes":""},"categories":[205],"tags":[],"ort":[],"class_list":{"0":"post-7796","1":"post","2":"type-post","3":"status-publish","4":"format-standard","5":"has-post-thumbnail","7":"category-hockey"},"featured_image_urls":{"medium":"https:\/\/mv-sport.de\/c\/wp-content\/uploads\/2017\/05\/feldhockeysport.jpg","medium_large":"https:\/\/mv-sport.de\/c\/wp-content\/uploads\/2017\/05\/feldhockeysport.jpg","large":"https:\/\/mv-sport.de\/c\/wp-content\/uploads\/2017\/05\/feldhockeysport.jpg","full":"https:\/\/mv-sport.de\/c\/wp-content\/uploads\/2017\/05\/feldhockeysport.jpg","alt":"","caption":"Vom Hallen-Hockey geht es nun zum Feld-Hockey... Foto: M.M."},"spectra_custom_meta":{"uab_option":["yes"],"uab_meta_position":["default"],"xyz_smap_future_to_publish":["a:1:{s:4:\"fb-1\";a:3:{s:14:\"post_permissin\";s:1:\"1\";s:11:\"post_method\";s:1:\"2\";s:7:\"message\";s:62:\"{POST_TITLE}\r\n{POST_EXCERPT} ...\r\nMehr auf https:\/\/MV-Sport.de\";}}"],"_extra_rating_average":["0"],"_edit_lock":["1514405785:3"],"_edit_last":["3"],"_thumbnail_id":["1406"],"xyz_fbap":["1"],"post_views_count":["1172"],"xyz_fbap_insert_og":["1"],"xyz_smap":["1"],"_et_pb_use_builder":[""],"_et_builder_version":["BB|Divi|3.0.92"],"_et_pb_old_content":[""],"_et_pb_custom_css":[""],"_yoast_wpseo_primary_category":["205"],"_post_review_box_title":["Review"],"_post_review_box_summary":[""],"_post_review_box_summary_title":["Summary"],"_post_review_box_breakdowns_score":["0"],"_post_review_box_breakdowns_count":["1"],"_post_review_box_breakdowns":["a:1:{i:0;a:2:{s:5:\"title\";s:0:\"\";s:6:\"rating\";i:0;}}"],"_extra_sidebar_location":[""],"_extra_sidebar":[""],"_post_extra_featured_image_hide_single":["1"],"wp_schema_pro_optimized_structured_data":["<!-- Schema optimized by Schema Pro --><script type=\"application\/ld+json\">{\"@context\":\"https:\/\/schema.org\",\"@type\":\"NewsArticle\",\"mainEntityOfPage\":{\"@type\":\"WebPage\",\"@id\":\"https:\/\/mv-sport.de\/die-hallen-hockey-em-2018-in-antwerpen-im-blick\/\"},\"headline\":\"Die Hallen-Hockey-EM 2018 in Antwerpen im Blick\",\"image\":{\"@type\":\"ImageObject\",\"url\":\"https:\/\/mv-sport.de\/wp-content\/uploads\/2017\/05\/feldhockeysport.jpg\",\"width\":540,\"height\":358},\"datePublished\":\"2017-12-27T20:15:28\",\"dateModified\":\"2017-12-27T21:18:27\",\"author\":{\"@type\":\"Person\",\"name\":\"Marko Michels\",\"url\":\"https:\/\/mv-sport.de\/author\/marko-michels\"},\"publisher\":{\"@type\":\"Organization\",\"name\":\"MV-Sport.de - Sportvereine &amp; Sportnachrichten Mecklenburg-Vorpommern\",\"logo\":{\"@type\":\"ImageObject\",\"url\":\"https:\/\/mv-sport.de\/wp-content\/uploads\/2017\/05\/logo-mv-sport-292x60.png\"}}}<\/script><!-- \/ Schema optimized by Schema Pro -->"],"__post_views_count":["745"],"astra_style_timestamp_css":["1757566235"],"_uag_css_file_name":["uag-css-7796.css"],"_uag_page_assets":["a:9:{s:3:\"css\";s:7010:\".uagb-block-88f5875d.wp-block-uagb-image--layout-default figure img{box-shadow: 0px 0px 0 #00000070;}.uagb-block-88f5875d.wp-block-uagb-image .wp-block-uagb-image__figure figcaption{font-style: normal;align-self: center;}.uagb-block-88f5875d.wp-block-uagb-image--layout-overlay figure img{box-shadow: 0px 0px 0 #00000070;}.uagb-block-88f5875d.wp-block-uagb-image--layout-overlay .wp-block-uagb-image--layout-overlay__color-wrapper{opacity: 0.2;}.uagb-block-88f5875d.wp-block-uagb-image--layout-overlay .wp-block-uagb-image--layout-overlay__inner{left: 15px;right: 15px;top: 15px;bottom: 15px;}.uagb-block-88f5875d.wp-block-uagb-image--layout-overlay .wp-block-uagb-image--layout-overlay__inner .uagb-image-heading{font-style: normal;color: #fff;opacity: 1;}.uagb-block-88f5875d.wp-block-uagb-image--layout-overlay .wp-block-uagb-image--layout-overlay__inner .uagb-image-heading a{color: #fff;}.uagb-block-88f5875d.wp-block-uagb-image--layout-overlay .wp-block-uagb-image--layout-overlay__inner .uagb-image-caption{opacity: 0;}.uagb-block-88f5875d.wp-block-uagb-image--layout-overlay .wp-block-uagb-image__figure:hover .wp-block-uagb-image--layout-overlay__color-wrapper{opacity: 1;}.uagb-block-88f5875d.wp-block-uagb-image .wp-block-uagb-image--layout-overlay__inner .uagb-image-separator{width: 30%;border-top-width: 2px;border-top-color: #fff;opacity: 0;}.uagb-block-88f5875d.wp-block-uagb-image .wp-block-uagb-image__figure img{width: 297px;height: auto;}.uagb-block-88f5875d.wp-block-uagb-image .wp-block-uagb-image__figure:hover .wp-block-uagb-image--layout-overlay__inner .uagb-image-caption{opacity: 1;}.uagb-block-88f5875d.wp-block-uagb-image .wp-block-uagb-image__figure:hover .wp-block-uagb-image--layout-overlay__inner .uagb-image-separator{opacity: 1;}.uagb-block-88f5875d.wp-block-uagb-image--layout-default figure:hover img{box-shadow: 0px 0px 0 #00000070;}.uagb-block-88f5875d.wp-block-uagb-image--layout-overlay figure:hover img{box-shadow: 0px 0px 0 #00000070;}@media only screen and (max-width: 976px) {.uagb-block-88f5875d.wp-block-uagb-image .wp-block-uagb-image__figure img{width: 297px;height: auto;}}@media only screen and (max-width: 767px) {.uagb-block-88f5875d.wp-block-uagb-image .wp-block-uagb-image__figure img{width: 297px;height: auto;}}.uagb-block-b6c54374.wp-block-uagb-image{margin-top: 0px;margin-right: 0px;margin-bottom: 0px;margin-left: 0px;}.uagb-block-b6c54374.wp-block-uagb-image--layout-default figure img{box-shadow: 0px 0px 0 #00000070;}.uagb-block-b6c54374.wp-block-uagb-image .wp-block-uagb-image__figure figcaption{font-style: normal;align-self: center;}.uagb-block-b6c54374.wp-block-uagb-image--layout-overlay figure img{box-shadow: 0px 0px 0 #00000070;}.uagb-block-b6c54374.wp-block-uagb-image--layout-overlay .wp-block-uagb-image--layout-overlay__color-wrapper{opacity: 0.2;}.uagb-block-b6c54374.wp-block-uagb-image--layout-overlay .wp-block-uagb-image--layout-overlay__inner{left: 15px;right: 15px;top: 15px;bottom: 15px;}.uagb-block-b6c54374.wp-block-uagb-image--layout-overlay .wp-block-uagb-image--layout-overlay__inner .uagb-image-heading{font-style: normal;color: #fff;opacity: 1;}.uagb-block-b6c54374.wp-block-uagb-image--layout-overlay .wp-block-uagb-image--layout-overlay__inner .uagb-image-heading a{color: #fff;}.uagb-block-b6c54374.wp-block-uagb-image--layout-overlay .wp-block-uagb-image--layout-overlay__inner .uagb-image-caption{opacity: 0;}.uagb-block-b6c54374.wp-block-uagb-image--layout-overlay .wp-block-uagb-image__figure:hover .wp-block-uagb-image--layout-overlay__color-wrapper{opacity: 1;}.uagb-block-b6c54374.wp-block-uagb-image .wp-block-uagb-image--layout-overlay__inner .uagb-image-separator{width: 30%;border-top-width: 2px;border-top-color: #fff;opacity: 0;}.uagb-block-b6c54374.wp-block-uagb-image .wp-block-uagb-image__figure img{width: px;height: auto;}.uagb-block-b6c54374.wp-block-uagb-image .wp-block-uagb-image__figure:hover .wp-block-uagb-image--layout-overlay__inner .uagb-image-caption{opacity: 1;}.uagb-block-b6c54374.wp-block-uagb-image .wp-block-uagb-image__figure:hover .wp-block-uagb-image--layout-overlay__inner .uagb-image-separator{opacity: 1;}.uagb-block-b6c54374.wp-block-uagb-image--layout-default figure:hover img{box-shadow: 0px 0px 0 #00000070;}.uagb-block-b6c54374.wp-block-uagb-image--layout-overlay figure:hover img{box-shadow: 0px 0px 0 #00000070;}@media only screen and (max-width: 976px) {.uagb-block-b6c54374.wp-block-uagb-image .wp-block-uagb-image__figure img{width: px;height: auto;}}@media only screen and (max-width: 767px) {.uagb-block-b6c54374.wp-block-uagb-image .wp-block-uagb-image__figure img{width: px;height: auto;}}.uagb-block-2bdcf70c.wp-block-uagb-image{margin-top: 0px;margin-right: 0px;margin-bottom: 0px;margin-left: 0px;}.uagb-block-2bdcf70c.wp-block-uagb-image--layout-default figure img{box-shadow: 0px 0px 0 #00000070;}.uagb-block-2bdcf70c.wp-block-uagb-image .wp-block-uagb-image__figure figcaption{font-style: normal;align-self: center;}.uagb-block-2bdcf70c.wp-block-uagb-image--layout-overlay figure img{box-shadow: 0px 0px 0 #00000070;}.uagb-block-2bdcf70c.wp-block-uagb-image--layout-overlay .wp-block-uagb-image--layout-overlay__color-wrapper{opacity: 0.2;}.uagb-block-2bdcf70c.wp-block-uagb-image--layout-overlay .wp-block-uagb-image--layout-overlay__inner{left: 15px;right: 15px;top: 15px;bottom: 15px;}.uagb-block-2bdcf70c.wp-block-uagb-image--layout-overlay .wp-block-uagb-image--layout-overlay__inner .uagb-image-heading{font-style: normal;color: #fff;opacity: 1;}.uagb-block-2bdcf70c.wp-block-uagb-image--layout-overlay .wp-block-uagb-image--layout-overlay__inner .uagb-image-heading a{color: #fff;}.uagb-block-2bdcf70c.wp-block-uagb-image--layout-overlay .wp-block-uagb-image--layout-overlay__inner .uagb-image-caption{opacity: 0;}.uagb-block-2bdcf70c.wp-block-uagb-image--layout-overlay .wp-block-uagb-image__figure:hover .wp-block-uagb-image--layout-overlay__color-wrapper{opacity: 1;}.uagb-block-2bdcf70c.wp-block-uagb-image .wp-block-uagb-image--layout-overlay__inner .uagb-image-separator{width: 30%;border-top-width: 2px;border-top-color: #fff;opacity: 0;}.uagb-block-2bdcf70c.wp-block-uagb-image .wp-block-uagb-image__figure img{width: px;height: auto;}.uagb-block-2bdcf70c.wp-block-uagb-image .wp-block-uagb-image__figure:hover .wp-block-uagb-image--layout-overlay__inner .uagb-image-caption{opacity: 1;}.uagb-block-2bdcf70c.wp-block-uagb-image .wp-block-uagb-image__figure:hover .wp-block-uagb-image--layout-overlay__inner .uagb-image-separator{opacity: 1;}.uagb-block-2bdcf70c.wp-block-uagb-image--layout-default figure:hover img{box-shadow: 0px 0px 0 #00000070;}.uagb-block-2bdcf70c.wp-block-uagb-image--layout-overlay figure:hover img{box-shadow: 0px 0px 0 #00000070;}@media only screen and (max-width: 976px) {.uagb-block-2bdcf70c.wp-block-uagb-image .wp-block-uagb-image__figure img{width: px;height: auto;}}@media only screen and (max-width: 767px) {.uagb-block-2bdcf70c.wp-block-uagb-image .wp-block-uagb-image__figure img{width: px;height: auto;}}\";s:2:\"js\";s:0:\"\";s:18:\"current_block_list\";a:28:{i:0;s:10:\"core\/group\";i:2;s:24:\"core\/post-featured-image\";i:3;s:15:\"core\/post-title\";i:5;s:14:\"core\/post-date\";i:6;s:16:\"core\/post-author\";i:7;s:15:\"core\/post-terms\";i:8;s:17:\"core\/post-content\";i:9;s:14:\"core\/separator\";i:10;s:13:\"core\/comments\";i:11;s:19:\"core\/comments-title\";i:12;s:21:\"core\/comment-template\";i:15;s:11:\"core\/avatar\";i:16;s:24:\"core\/comment-author-name\";i:17;s:17:\"core\/comment-date\";i:18;s:20:\"core\/comment-content\";i:19;s:23:\"core\/comment-reply-link\";i:20;s:24:\"core\/comments-pagination\";i:21;s:33:\"core\/comments-pagination-previous\";i:22;s:32:\"core\/comments-pagination-numbers\";i:23;s:29:\"core\/comments-pagination-next\";i:24;s:23:\"core\/post-comments-form\";i:25;s:14:\"core\/tag-cloud\";i:26;s:12:\"core\/heading\";i:27;s:14:\"core\/paragraph\";i:28;s:12:\"core\/buttons\";i:29;s:11:\"core\/button\";i:30;s:10:\"uagb\/image\";i:31;s:10:\"core\/image\";}s:8:\"uag_flag\";b:1;s:11:\"uag_version\";s:10:\"1777685774\";s:6:\"gfonts\";a:0:{}s:10:\"gfonts_url\";s:0:\"\";s:12:\"gfonts_files\";a:0:{}s:14:\"uag_faq_layout\";b:0;}"]},"uagb_featured_image_src":{"full":["https:\/\/mv-sport.de\/c\/wp-content\/uploads\/2017\/05\/feldhockeysport.jpg",540,358,false],"thumbnail":["https:\/\/mv-sport.de\/c\/wp-content\/uploads\/2017\/05\/feldhockeysport-150x150.jpg",150,150,true],"medium":["https:\/\/mv-sport.de\/c\/wp-content\/uploads\/2017\/05\/feldhockeysport.jpg",350,232,false],"medium_large":["https:\/\/mv-sport.de\/c\/wp-content\/uploads\/2017\/05\/feldhockeysport.jpg",540,358,false],"large":["https:\/\/mv-sport.de\/c\/wp-content\/uploads\/2017\/05\/feldhockeysport.jpg",540,358,false],"1536x1536":["https:\/\/mv-sport.de\/c\/wp-content\/uploads\/2017\/05\/feldhockeysport.jpg",540,358,false],"2048x2048":["https:\/\/mv-sport.de\/c\/wp-content\/uploads\/2017\/05\/feldhockeysport.jpg",540,358,false],"ultp_layout_landscape_large":["https:\/\/mv-sport.de\/c\/wp-content\/uploads\/2017\/05\/feldhockeysport.jpg",540,358,false],"ultp_layout_landscape":["https:\/\/mv-sport.de\/c\/wp-content\/uploads\/2017\/05\/feldhockeysport.jpg",540,358,false],"ultp_layout_portrait":["https:\/\/mv-sport.de\/c\/wp-content\/uploads\/2017\/05\/feldhockeysport.jpg",540,358,false],"ultp_layout_square":["https:\/\/mv-sport.de\/c\/wp-content\/uploads\/2017\/05\/feldhockeysport.jpg",540,358,false]},"uagb_author_info":{"display_name":"Marko Michels","author_link":"https:\/\/mv-sport.de\/c\/author\/marko-michels\/"},"uagb_comment_info":0,"uagb_excerpt":"Herren-Team steht fest\/Bundestrainer Valentin Altenburg hat zehn Perspektivspieler nominiert Das deutsche Herrenteam f\u00fcr die Hallenhockey-Europameisterschaften vom 12. bis 14.Januar 2018 im belgischen Antwerpen steht fest. Junioren-Bundestrainer Valentin Altenburg,der die Mannschaft in Belgien betreuen wird, hat in Abstimmung mit Herren-Bundestrainer Stefan Kermas bekannt gegeben, welche zehn Perspektivspieler mit den Routiniers Moritz F\u00fcrste und Linus Butt die&hellip;","_links":{"self":[{"href":"https:\/\/mv-sport.de\/c\/wp-json\/wp\/v2\/posts\/7796","targetHints":{"allow":["GET"]}}],"collection":[{"href":"https:\/\/mv-sport.de\/c\/wp-json\/wp\/v2\/posts"}],"about":[{"href":"https:\/\/mv-sport.de\/c\/wp-json\/wp\/v2\/types\/post"}],"author":[{"embeddable":true,"href":"https:\/\/mv-sport.de\/c\/wp-json\/wp\/v2\/users\/3"}],"replies":[{"embeddable":true,"href":"https:\/\/mv-sport.de\/c\/wp-json\/wp\/v2\/comments?post=7796"}],"version-history":[{"count":0,"href":"https:\/\/mv-sport.de\/c\/wp-json\/wp\/v2\/posts\/7796\/revisions"}],"wp:featuredmedia":[{"embeddable":true,"href":"https:\/\/mv-sport.de\/c\/wp-json\/wp\/v2\/media\/1406"}],"wp:attachment":[{"href":"https:\/\/mv-sport.de\/c\/wp-json\/wp\/v2\/media?parent=7796"}],"wp:term":[{"taxonomy":"category","embeddable":true,"href":"https:\/\/mv-sport.de\/c\/wp-json\/wp\/v2\/categories?post=7796"},{"taxonomy":"post_tag","embeddable":true,"href":"https:\/\/mv-sport.de\/c\/wp-json\/wp\/v2\/tags?post=7796"},{"taxonomy":"ort","embeddable":true,"href":"https:\/\/mv-sport.de\/c\/wp-json\/wp\/v2\/ort?post=7796"}],"curies":[{"name":"wp","href":"https:\/\/api.w.org\/{rel}","templated":true}]}}