{"id":7876,"date":"2018-01-04T09:53:20","date_gmt":"2018-01-04T08:53:20","guid":{"rendered":"https:\/\/mv-sport.de\/?p=7876"},"modified":"2018-01-04T09:53:20","modified_gmt":"2018-01-04T08:53:20","slug":"haben-in-m-v-eine-breite-turnierlandschaft-entwickelt","status":"publish","type":"post","link":"https:\/\/mv-sport.de\/c\/haben-in-m-v-eine-breite-turnierlandschaft-entwickelt\/","title":{"rendered":"&#8222;Haben in M-V eine breite Turnierlandschaft entwickelt&#8230;&#8220;"},"content":{"rendered":"<p>Letzter Blick auf das reitsportliche 2017 und Ausblick auf die pferdesportlichen Herausforderungen 2018<\/p>\n<figure id=\"attachment_7287\" aria-describedby=\"caption-attachment-7287\" style=\"width: 300px\" class=\"wp-caption alignleft\"><a href=\"https:\/\/mv-sport.de\/wp-content\/uploads\/2017\/11\/symbolbild_reiten_pferdesport.jpg\"><img loading=\"lazy\" decoding=\"async\" class=\"size-medium wp-image-7287\" src=\"https:\/\/mv-sport.de\/wp-content\/uploads\/2017\/11\/symbolbild_reiten_pferdesport-300x200.jpg\" alt=\"\" width=\"300\" height=\"200\" \/><\/a><figcaption id=\"caption-attachment-7287\" class=\"wp-caption-text\">Symbolbild &#8211; Reiten<br \/>Auch 2018 steht der Reitsport im Fokus.<\/figcaption><\/figure>\n<p>\u201eIm Galopp\u201c ging das pferdesportliche Jahr 2017 zu Ende. &#8222;Im Galopp&#8220; startet 2018 ebenfalls. Standen 2017 die EM in der Dressur bzw. im Springreiten in G\u00f6teborg sowie die EM im Vielseitigkeitsreiten in Strzegom im Fokus, so sind es 2018 die Weltreiterspiele 2018 in Tryon.<\/p>\n<p>Was ist aber hierzulande, in M-V, reitsportlich 2018 los?<\/p>\n<p>Nachgefragt bei Hans-Joachim Begall, Gesch\u00e4ftsf\u00fchrer des Reitsportverbandes M-V<\/p>\n<p><strong>Hans-Joachim Begall \u00fcber das zur\u00fcckliegende Reitsport-Jahr 2017, die kommenden Herausforderungen 2018, die Turnier-H\u00f6hepunkte in M-V, die reitsportlichen M-V-Talente und die Weltreiterspiele in Tryon<\/strong><\/p>\n<p><strong><em>&#8222;Haben in M-V eine breite Turnierlandschaft entwickelt&#8230;&#8220;<\/em><\/strong><\/p>\n<p><strong>Frage:<\/strong> Das Reitsport-Jahr 2017 ist &#8222;abgehakt&#8220;. Wie lautet Ihr pers\u00f6nliches Res\u00fcmee aus regionalem, nationalem und internationalem Blickwinkel?<\/p>\n<p><strong>Hans-Joachim Begall:<\/strong> In Mecklenburg-Vorpommern haben wir eine breite Turnierlandschaft in den vergangenen Jahren entwickelt. Einige neue Veranstalter sind hinzugekommen. Im Springsport sind aufgrund ihrer Leistungen Andr\u00e9 Thieme (Plau am See) und Holger Wulschner (Passin) nach wir vor im Bundes-Perspektivkader.<\/p>\n<p>Mit der erfolgreichen Vielseitigkeitsreiterin Flora Reemtsma (einst RSV Zierow) haben wir durch Wegzug leider einen kleinen Verlust im Land.<\/p>\n<p>International haben die deutschen Reiter besonders in der Dressur und in der Vielseitigkeit ihre konstanten guten Leistungen der vergangenen Jahre wiederholt und behaupten sich in der Weltspitze. Im Springsport ist die Weltspitze nach wie vor breit aufgestellt und damit schwer immer eine Medaille bei Championaten zu holen.<\/p>\n<p><strong>Frage:<\/strong> Was werden die reitsportlichen H\u00f6hepunkte 2018 in M-V sein?<\/p>\n<p><strong>Hans-Joachim Begall:<\/strong> Das werden das Pferdefestival Redefin Anfang Mai, die internationale DKB-Pferdewoche Rostock in Gro\u00df Viegeln Mitte Juni, das Landesturnier im Landgest\u00fct Redefin Anfang Juli sowie die Landesmeisterschaften in der Vielseitigkeit und im Gespannfahren sein.<\/p>\n<p><strong>Frage:<\/strong> In Tryon werden im September 2018 die Weltreiterspiele ausgetragen. Was erwarten Sie von diesen Titelk\u00e4mpfen? Sie selbst waren ja schon bei Weltreiterspielen&#8230;<\/p>\n<p><strong>Hans-Joachim Begall:<\/strong> Der logistische Aufwand, an einer WM in den USA teilzunehmen, ist f\u00fcr die Europ\u00e4er hoch. Besonders die Fahrer haben eine gro\u00dfe Ausr\u00fcstung, die dorthin gebracht werden muss.<\/p>\n<p>Da das Gel\u00e4nde und das n\u00f6tige Drumherum in Tryon sehr weitl\u00e4ufig sein soll, hoffe ich, dass der Veranstalter alles packt. Die Weltreiterspiele vor acht Jahren in Lexington (USA) waren mit vielen Problemen verbunden.<\/p>\n<p>Sportlich erhoffe ich mir von den deutschen Teilnehmern nat\u00fcrlich Medaillen in allen Disziplinen und vielleicht schafft es dieses Mal ein Mecklenburger, zur Springreiter-Equipe dazu zu geh\u00f6ren.<\/p>\n<p><strong>Letzte Frage: <\/strong>Wie ist es eigentlich um den reitsportlichen Nachwuchs in M-V bestellt? Wie viele aktive Reitsportlerinnen und Reitsportler gibt es in M-V?<\/p>\n<figure id=\"attachment_7309\" aria-describedby=\"caption-attachment-7309\" style=\"width: 300px\" class=\"wp-caption alignright\"><a href=\"https:\/\/mv-sport.de\/wp-content\/uploads\/2017\/11\/symbolbild_voltigieren.jpg\"><img loading=\"lazy\" decoding=\"async\" class=\"size-medium wp-image-7309\" src=\"https:\/\/mv-sport.de\/wp-content\/uploads\/2017\/11\/symbolbild_voltigieren-300x200.jpg\" alt=\"\" width=\"300\" height=\"200\" \/><\/a><figcaption id=\"caption-attachment-7309\" class=\"wp-caption-text\">Symbolbild-Reitsport\/Voltigieren<\/figcaption><\/figure>\n<p><strong>Hans-Joachim Begall:<\/strong> Wir haben auf dem Landes-Jugendtag in Rostock Ende des Jahres 20 Nachwuchs-Pferdesportler in den Landeskader 2018 berufen.<\/p>\n<p>Die jungen Springreiter haben im Januar ihre ersten Bew\u00e4hrungsproben bei den internationalen Turnieren in Neustadt\/Dosse und Leipzig. Einige wie Christoph Maack (Kirch-Mummendorf) m\u00fcssen sich in einer h\u00f6heren Altersklasse bew\u00e4hren.<\/p>\n<p>Im Voltigieren hoffen wir, dass Alina Ro\u00df (SG Gro\u00df Quassow), die zum Nachwuchs-Bundeskader geh\u00f6rt, auch eine Teilnahme-Chance f\u00fcr eine internationale Meisterschaft erh\u00e4lt.<\/p>\n<p>Zur Anzahl der Mitglieder: Unser Landesverband hat gegenw\u00e4rtig etwas \u00fcber 9000 Mitglieder, davon haben 17 Prozent eine Jahres-Turnierlizenz, nehmen also regelm\u00e4\u00dfig am Wettkampfgeschehen teil.<\/p>\n<p>Vielen Dank, dann weiterhin bestes Engagement f\u00fcr den Pferdesport und ein gutes 2018!<\/p>\n<p>M.Michels<\/p>\n<p>.<\/p>\n<p>&nbsp;<\/p>\n","protected":false},"excerpt":{"rendered":"<p>Letzter Blick auf das reitsportliche 2017 und Ausblick auf die pferdesportlichen Herausforderungen 2018 \u201eIm Galopp\u201c ging das pferdesportliche Jahr 2017 zu Ende. &#8222;Im Galopp&#8220; startet 2018 ebenfalls. Standen 2017 die EM in der Dressur bzw. im Springreiten in G\u00f6teborg sowie die EM im Vielseitigkeitsreiten in Strzegom im Fokus, so sind es 2018 die Weltreiterspiele 2018 [&hellip;]<\/p>\n","protected":false},"author":3,"featured_media":7309,"comment_status":"open","ping_status":"open","sticky":false,"template":"","format":"standard","meta":{"_seopress_robots_primary_cat":"","_seopress_titles_title":"","_seopress_titles_desc":"","_seopress_robots_index":"","_relevanssi_hide_post":"","_relevanssi_hide_content":"","_relevanssi_pin_for_all":"","_relevanssi_pin_keywords":"","_relevanssi_unpin_keywords":"","_relevanssi_related_keywords":"","_relevanssi_related_include_ids":"","_relevanssi_related_exclude_ids":"","_relevanssi_related_no_append":"","_relevanssi_related_not_related":"","_relevanssi_related_posts":"","_relevanssi_noindex_reason":"","_uag_custom_page_level_css":"","footnotes":""},"categories":[39,224,235],"tags":[],"ort":[],"class_list":{"0":"post-7876","1":"post","2":"type-post","3":"status-publish","4":"format-standard","5":"has-post-thumbnail","7":"category-pferdesport","8":"category-reiten","9":"category-voltigieren"},"featured_image_urls":{"medium":"https:\/\/mv-sport.de\/c\/wp-content\/uploads\/2017\/11\/symbolbild_voltigieren-600x600.jpg","medium_large":"https:\/\/mv-sport.de\/c\/wp-content\/uploads\/2017\/11\/symbolbild_voltigieren.jpg","large":"https:\/\/mv-sport.de\/c\/wp-content\/uploads\/2017\/11\/symbolbild_voltigieren.jpg","full":"https:\/\/mv-sport.de\/c\/wp-content\/uploads\/2017\/11\/symbolbild_voltigieren.jpg","alt":"Junge Reiterin auf braunem Pferd im Wald","caption":"Symbolbild"},"spectra_custom_meta":{"uab_option":["yes"],"uab_meta_position":["default"],"xyz_smap_future_to_publish":["a:1:{s:4:\"fb-1\";a:3:{s:14:\"post_permissin\";s:1:\"1\";s:11:\"post_method\";s:1:\"2\";s:7:\"message\";s:62:\"{POST_TITLE}\r\n{POST_EXCERPT} ...\r\nMehr auf https:\/\/MV-Sport.de\";}}"],"_extra_rating_average":["0"],"_edit_lock":["1515056017:3"],"_edit_last":["3"],"_thumbnail_id":["7309"],"xyz_fbap":["1"],"post_views_count":["816"],"xyz_fbap_insert_og":["0"],"xyz_smap":["1"],"_et_pb_use_builder":[""],"_et_builder_version":["BB|Divi|3.0.92"],"_et_pb_old_content":[""],"_et_pb_custom_css":[""],"_yoast_wpseo_primary_category":["224"],"_post_review_box_title":["Review"],"_post_review_box_summary":[""],"_post_review_box_summary_title":["Summary"],"_post_review_box_breakdowns_score":["0"],"_post_review_box_breakdowns_count":["1"],"_post_review_box_breakdowns":["a:1:{i:0;a:2:{s:5:\"title\";s:0:\"\";s:6:\"rating\";i:0;}}"],"_extra_sidebar_location":[""],"_extra_sidebar":[""],"_post_extra_featured_image_hide_single":["1"],"wp_schema_pro_optimized_structured_data":["<!-- Schema optimized by Schema Pro --><script type=\"application\/ld+json\">{\"@context\":\"https:\/\/schema.org\",\"@type\":\"NewsArticle\",\"mainEntityOfPage\":{\"@type\":\"WebPage\",\"@id\":\"https:\/\/mv-sport.de\/haben-in-m-v-eine-breite-turnierlandschaft-entwickelt\/\"},\"headline\":\"\\\"Haben in M-V eine breite Turnierlandschaft entwickelt...\\\"\",\"image\":{\"@type\":\"ImageObject\",\"url\":\"https:\/\/mv-sport.de\/wp-content\/uploads\/2017\/11\/symbolbild_voltigieren.jpg\",\"width\":1200,\"height\":800},\"datePublished\":\"2018-01-04T09:53:20\",\"dateModified\":\"2018-01-04T09:53:20\",\"author\":{\"@type\":\"Person\",\"name\":\"Marko Michels\",\"url\":\"https:\/\/mv-sport.de\/author\/marko-michels\"},\"publisher\":{\"@type\":\"Organization\",\"name\":\"MV-Sport.de - Sportvereine &amp; Sportnachrichten Mecklenburg-Vorpommern\",\"logo\":{\"@type\":\"ImageObject\",\"url\":\"https:\/\/mv-sport.de\/wp-content\/uploads\/2017\/05\/logo-mv-sport-292x60.png\"}}}<\/script><!-- \/ Schema optimized by Schema Pro -->"],"__post_views_count":["721"],"astra_style_timestamp_css":["1757179328"],"_uag_css_file_name":["uag-css-7876.css"],"_uag_page_assets":["a:9:{s:3:\"css\";s:7010:\".uagb-block-88f5875d.wp-block-uagb-image--layout-default figure img{box-shadow: 0px 0px 0 #00000070;}.uagb-block-88f5875d.wp-block-uagb-image .wp-block-uagb-image__figure figcaption{font-style: normal;align-self: center;}.uagb-block-88f5875d.wp-block-uagb-image--layout-overlay figure img{box-shadow: 0px 0px 0 #00000070;}.uagb-block-88f5875d.wp-block-uagb-image--layout-overlay .wp-block-uagb-image--layout-overlay__color-wrapper{opacity: 0.2;}.uagb-block-88f5875d.wp-block-uagb-image--layout-overlay .wp-block-uagb-image--layout-overlay__inner{left: 15px;right: 15px;top: 15px;bottom: 15px;}.uagb-block-88f5875d.wp-block-uagb-image--layout-overlay .wp-block-uagb-image--layout-overlay__inner .uagb-image-heading{font-style: normal;color: #fff;opacity: 1;}.uagb-block-88f5875d.wp-block-uagb-image--layout-overlay .wp-block-uagb-image--layout-overlay__inner .uagb-image-heading a{color: #fff;}.uagb-block-88f5875d.wp-block-uagb-image--layout-overlay .wp-block-uagb-image--layout-overlay__inner .uagb-image-caption{opacity: 0;}.uagb-block-88f5875d.wp-block-uagb-image--layout-overlay .wp-block-uagb-image__figure:hover .wp-block-uagb-image--layout-overlay__color-wrapper{opacity: 1;}.uagb-block-88f5875d.wp-block-uagb-image .wp-block-uagb-image--layout-overlay__inner .uagb-image-separator{width: 30%;border-top-width: 2px;border-top-color: #fff;opacity: 0;}.uagb-block-88f5875d.wp-block-uagb-image .wp-block-uagb-image__figure img{width: 297px;height: auto;}.uagb-block-88f5875d.wp-block-uagb-image .wp-block-uagb-image__figure:hover .wp-block-uagb-image--layout-overlay__inner .uagb-image-caption{opacity: 1;}.uagb-block-88f5875d.wp-block-uagb-image .wp-block-uagb-image__figure:hover .wp-block-uagb-image--layout-overlay__inner .uagb-image-separator{opacity: 1;}.uagb-block-88f5875d.wp-block-uagb-image--layout-default figure:hover img{box-shadow: 0px 0px 0 #00000070;}.uagb-block-88f5875d.wp-block-uagb-image--layout-overlay figure:hover img{box-shadow: 0px 0px 0 #00000070;}@media only screen and (max-width: 976px) {.uagb-block-88f5875d.wp-block-uagb-image .wp-block-uagb-image__figure img{width: 297px;height: auto;}}@media only screen and (max-width: 767px) {.uagb-block-88f5875d.wp-block-uagb-image .wp-block-uagb-image__figure img{width: 297px;height: auto;}}.uagb-block-b6c54374.wp-block-uagb-image{margin-top: 0px;margin-right: 0px;margin-bottom: 0px;margin-left: 0px;}.uagb-block-b6c54374.wp-block-uagb-image--layout-default figure img{box-shadow: 0px 0px 0 #00000070;}.uagb-block-b6c54374.wp-block-uagb-image .wp-block-uagb-image__figure figcaption{font-style: normal;align-self: center;}.uagb-block-b6c54374.wp-block-uagb-image--layout-overlay figure img{box-shadow: 0px 0px 0 #00000070;}.uagb-block-b6c54374.wp-block-uagb-image--layout-overlay .wp-block-uagb-image--layout-overlay__color-wrapper{opacity: 0.2;}.uagb-block-b6c54374.wp-block-uagb-image--layout-overlay .wp-block-uagb-image--layout-overlay__inner{left: 15px;right: 15px;top: 15px;bottom: 15px;}.uagb-block-b6c54374.wp-block-uagb-image--layout-overlay .wp-block-uagb-image--layout-overlay__inner .uagb-image-heading{font-style: normal;color: #fff;opacity: 1;}.uagb-block-b6c54374.wp-block-uagb-image--layout-overlay .wp-block-uagb-image--layout-overlay__inner .uagb-image-heading a{color: #fff;}.uagb-block-b6c54374.wp-block-uagb-image--layout-overlay .wp-block-uagb-image--layout-overlay__inner .uagb-image-caption{opacity: 0;}.uagb-block-b6c54374.wp-block-uagb-image--layout-overlay .wp-block-uagb-image__figure:hover .wp-block-uagb-image--layout-overlay__color-wrapper{opacity: 1;}.uagb-block-b6c54374.wp-block-uagb-image .wp-block-uagb-image--layout-overlay__inner .uagb-image-separator{width: 30%;border-top-width: 2px;border-top-color: #fff;opacity: 0;}.uagb-block-b6c54374.wp-block-uagb-image .wp-block-uagb-image__figure img{width: px;height: auto;}.uagb-block-b6c54374.wp-block-uagb-image .wp-block-uagb-image__figure:hover .wp-block-uagb-image--layout-overlay__inner .uagb-image-caption{opacity: 1;}.uagb-block-b6c54374.wp-block-uagb-image .wp-block-uagb-image__figure:hover .wp-block-uagb-image--layout-overlay__inner .uagb-image-separator{opacity: 1;}.uagb-block-b6c54374.wp-block-uagb-image--layout-default figure:hover img{box-shadow: 0px 0px 0 #00000070;}.uagb-block-b6c54374.wp-block-uagb-image--layout-overlay figure:hover img{box-shadow: 0px 0px 0 #00000070;}@media only screen and (max-width: 976px) {.uagb-block-b6c54374.wp-block-uagb-image .wp-block-uagb-image__figure img{width: px;height: auto;}}@media only screen and (max-width: 767px) {.uagb-block-b6c54374.wp-block-uagb-image .wp-block-uagb-image__figure img{width: px;height: auto;}}.uagb-block-2bdcf70c.wp-block-uagb-image{margin-top: 0px;margin-right: 0px;margin-bottom: 0px;margin-left: 0px;}.uagb-block-2bdcf70c.wp-block-uagb-image--layout-default figure img{box-shadow: 0px 0px 0 #00000070;}.uagb-block-2bdcf70c.wp-block-uagb-image .wp-block-uagb-image__figure figcaption{font-style: normal;align-self: center;}.uagb-block-2bdcf70c.wp-block-uagb-image--layout-overlay figure img{box-shadow: 0px 0px 0 #00000070;}.uagb-block-2bdcf70c.wp-block-uagb-image--layout-overlay .wp-block-uagb-image--layout-overlay__color-wrapper{opacity: 0.2;}.uagb-block-2bdcf70c.wp-block-uagb-image--layout-overlay .wp-block-uagb-image--layout-overlay__inner{left: 15px;right: 15px;top: 15px;bottom: 15px;}.uagb-block-2bdcf70c.wp-block-uagb-image--layout-overlay .wp-block-uagb-image--layout-overlay__inner .uagb-image-heading{font-style: normal;color: #fff;opacity: 1;}.uagb-block-2bdcf70c.wp-block-uagb-image--layout-overlay .wp-block-uagb-image--layout-overlay__inner .uagb-image-heading a{color: #fff;}.uagb-block-2bdcf70c.wp-block-uagb-image--layout-overlay .wp-block-uagb-image--layout-overlay__inner .uagb-image-caption{opacity: 0;}.uagb-block-2bdcf70c.wp-block-uagb-image--layout-overlay .wp-block-uagb-image__figure:hover .wp-block-uagb-image--layout-overlay__color-wrapper{opacity: 1;}.uagb-block-2bdcf70c.wp-block-uagb-image .wp-block-uagb-image--layout-overlay__inner .uagb-image-separator{width: 30%;border-top-width: 2px;border-top-color: #fff;opacity: 0;}.uagb-block-2bdcf70c.wp-block-uagb-image .wp-block-uagb-image__figure img{width: px;height: auto;}.uagb-block-2bdcf70c.wp-block-uagb-image .wp-block-uagb-image__figure:hover .wp-block-uagb-image--layout-overlay__inner .uagb-image-caption{opacity: 1;}.uagb-block-2bdcf70c.wp-block-uagb-image .wp-block-uagb-image__figure:hover .wp-block-uagb-image--layout-overlay__inner .uagb-image-separator{opacity: 1;}.uagb-block-2bdcf70c.wp-block-uagb-image--layout-default figure:hover img{box-shadow: 0px 0px 0 #00000070;}.uagb-block-2bdcf70c.wp-block-uagb-image--layout-overlay figure:hover img{box-shadow: 0px 0px 0 #00000070;}@media only screen and (max-width: 976px) {.uagb-block-2bdcf70c.wp-block-uagb-image .wp-block-uagb-image__figure img{width: px;height: auto;}}@media only screen and (max-width: 767px) {.uagb-block-2bdcf70c.wp-block-uagb-image .wp-block-uagb-image__figure img{width: px;height: auto;}}\";s:2:\"js\";s:0:\"\";s:18:\"current_block_list\";a:28:{i:0;s:10:\"core\/group\";i:2;s:24:\"core\/post-featured-image\";i:3;s:15:\"core\/post-title\";i:5;s:14:\"core\/post-date\";i:6;s:16:\"core\/post-author\";i:7;s:15:\"core\/post-terms\";i:8;s:17:\"core\/post-content\";i:9;s:14:\"core\/separator\";i:10;s:13:\"core\/comments\";i:11;s:19:\"core\/comments-title\";i:12;s:21:\"core\/comment-template\";i:15;s:11:\"core\/avatar\";i:16;s:24:\"core\/comment-author-name\";i:17;s:17:\"core\/comment-date\";i:18;s:20:\"core\/comment-content\";i:19;s:23:\"core\/comment-reply-link\";i:20;s:24:\"core\/comments-pagination\";i:21;s:33:\"core\/comments-pagination-previous\";i:22;s:32:\"core\/comments-pagination-numbers\";i:23;s:29:\"core\/comments-pagination-next\";i:24;s:23:\"core\/post-comments-form\";i:25;s:14:\"core\/tag-cloud\";i:26;s:12:\"core\/heading\";i:27;s:14:\"core\/paragraph\";i:28;s:12:\"core\/buttons\";i:29;s:11:\"core\/button\";i:30;s:10:\"uagb\/image\";i:31;s:10:\"core\/image\";}s:8:\"uag_flag\";b:1;s:11:\"uag_version\";s:10:\"1777290507\";s:6:\"gfonts\";a:0:{}s:10:\"gfonts_url\";s:0:\"\";s:12:\"gfonts_files\";a:0:{}s:14:\"uag_faq_layout\";b:0;}"]},"uagb_featured_image_src":{"full":["https:\/\/mv-sport.de\/c\/wp-content\/uploads\/2017\/11\/symbolbild_voltigieren.jpg",1200,800,false],"thumbnail":["https:\/\/mv-sport.de\/c\/wp-content\/uploads\/2017\/11\/symbolbild_voltigieren-150x150.jpg",150,150,true],"medium":["https:\/\/mv-sport.de\/c\/wp-content\/uploads\/2017\/11\/symbolbild_voltigieren-600x600.jpg",350,350,true],"medium_large":["https:\/\/mv-sport.de\/c\/wp-content\/uploads\/2017\/11\/symbolbild_voltigieren.jpg",768,512,false],"large":["https:\/\/mv-sport.de\/c\/wp-content\/uploads\/2017\/11\/symbolbild_voltigieren.jpg",1024,683,false],"1536x1536":["https:\/\/mv-sport.de\/c\/wp-content\/uploads\/2017\/11\/symbolbild_voltigieren.jpg",1200,800,false],"2048x2048":["https:\/\/mv-sport.de\/c\/wp-content\/uploads\/2017\/11\/symbolbild_voltigieren.jpg",1200,800,false],"ultp_layout_landscape_large":["https:\/\/mv-sport.de\/c\/wp-content\/uploads\/2017\/11\/symbolbild_voltigieren.jpg",1200,800,false],"ultp_layout_landscape":["https:\/\/mv-sport.de\/c\/wp-content\/uploads\/2017\/11\/symbolbild_voltigieren.jpg",855,570,false],"ultp_layout_portrait":["https:\/\/mv-sport.de\/c\/wp-content\/uploads\/2017\/11\/symbolbild_voltigieren.jpg",600,400,false],"ultp_layout_square":["https:\/\/mv-sport.de\/c\/wp-content\/uploads\/2017\/11\/symbolbild_voltigieren.jpg",600,400,false]},"uagb_author_info":{"display_name":"Marko Michels","author_link":"https:\/\/mv-sport.de\/c\/author\/marko-michels\/"},"uagb_comment_info":0,"uagb_excerpt":"Letzter Blick auf das reitsportliche 2017 und Ausblick auf die pferdesportlichen Herausforderungen 2018 \u201eIm Galopp\u201c ging das pferdesportliche Jahr 2017 zu Ende. &#8222;Im Galopp&#8220; startet 2018 ebenfalls. Standen 2017 die EM in der Dressur bzw. im Springreiten in G\u00f6teborg sowie die EM im Vielseitigkeitsreiten in Strzegom im Fokus, so sind es 2018 die Weltreiterspiele 2018&hellip;","_links":{"self":[{"href":"https:\/\/mv-sport.de\/c\/wp-json\/wp\/v2\/posts\/7876","targetHints":{"allow":["GET"]}}],"collection":[{"href":"https:\/\/mv-sport.de\/c\/wp-json\/wp\/v2\/posts"}],"about":[{"href":"https:\/\/mv-sport.de\/c\/wp-json\/wp\/v2\/types\/post"}],"author":[{"embeddable":true,"href":"https:\/\/mv-sport.de\/c\/wp-json\/wp\/v2\/users\/3"}],"replies":[{"embeddable":true,"href":"https:\/\/mv-sport.de\/c\/wp-json\/wp\/v2\/comments?post=7876"}],"version-history":[{"count":0,"href":"https:\/\/mv-sport.de\/c\/wp-json\/wp\/v2\/posts\/7876\/revisions"}],"wp:featuredmedia":[{"embeddable":true,"href":"https:\/\/mv-sport.de\/c\/wp-json\/wp\/v2\/media\/7309"}],"wp:attachment":[{"href":"https:\/\/mv-sport.de\/c\/wp-json\/wp\/v2\/media?parent=7876"}],"wp:term":[{"taxonomy":"category","embeddable":true,"href":"https:\/\/mv-sport.de\/c\/wp-json\/wp\/v2\/categories?post=7876"},{"taxonomy":"post_tag","embeddable":true,"href":"https:\/\/mv-sport.de\/c\/wp-json\/wp\/v2\/tags?post=7876"},{"taxonomy":"ort","embeddable":true,"href":"https:\/\/mv-sport.de\/c\/wp-json\/wp\/v2\/ort?post=7876"}],"curies":[{"name":"wp","href":"https:\/\/api.w.org\/{rel}","templated":true}]}}