{"id":81952,"date":"2021-08-25T13:44:12","date_gmt":"2021-08-25T11:44:12","guid":{"rendered":"https:\/\/mv-sport.de\/?p=81952"},"modified":"2021-08-25T13:44:12","modified_gmt":"2021-08-25T11:44:12","slug":"goalballhochburg-rostock-landeskader-und-talenteteam-mv-aufgestockt","status":"publish","type":"post","link":"https:\/\/mv-sport.de\/c\/goalballhochburg-rostock-landeskader-und-talenteteam-mv-aufgestockt\/","title":{"rendered":"Goalballhochburg Rostock &#8211; Landeskader und TalenteTeam MV aufgestockt"},"content":{"rendered":"<h3>Das Sportangebot Goalball in MV soll auf zehn Standorte ausgebaut werden<\/h3>\n<p><strong>Rostock \u2013 Am Freitagnachmittag wurden in Rostock zehn junge Sportlerinnen und Sportler in den Landeskader und ins TalenteTeam des Verbandes f\u00fcr Behinderten- und Rehabilitationssport MV e.V. (VBRS) f\u00fcr das Landesleistungszentrum Goalball berufen.<\/strong><\/p>\n<figure id=\"attachment_81954\" aria-describedby=\"caption-attachment-81954\" style=\"width: 1024px\" class=\"wp-caption alignnone\"><img loading=\"lazy\" decoding=\"async\" class=\"size-full wp-image-81954\" src=\"https:\/\/mv-sport.de\/wp-content\/uploads\/2021\/08\/goalball-talente_foto_02_joachim_kloock.jpg\" alt=\"\" width=\"1024\" height=\"693\" \/><figcaption id=\"caption-attachment-81954\" class=\"wp-caption-text\">Landeskader und TalenteTeam MV | <span style=\"color: #999999;\">Foto: Joachim Kloock<\/span><\/figcaption><\/figure>\n<p>Die Berufung in den Landeskader attestiert den Athleten ein leistungssportliches Potenzial. Das TalenteTeam MV gilt als Vorstufe zum Landeskader und soll als Motivation f\u00fcr die weitere sportliche Entwicklung dienen. Die Landeskader werden von Landestrainer Mario Turloff und die Talente von Nachwuchstrainer Heiko Prinz betreut.<\/p>\n<p>\u201eWas der VBRS in den vergangenen Jahren in der bei Menschen mit einer Sehbehinderung beliebtesten Ballsportart Goalball in MV aufgebaut hat, ist eine einzigartige Erfolgsgeschichte\u201c, betonte die Rostocker AOK-Niederlassungsleiterin Constanze Dopp. \u201eWir sehen mit gro\u00dfer Freude, mit welchem gro\u00dfen Engagement in die Nachwuchsarbeit und neue Trainingsstandorte investiert wird. Mit dem amtierenden Herren-Europameister und den drittplatzierten Frauen bei der Euromeisterschaft 2019 in Rostock gibt es echte Vorbilder hier vor Ort. Gemeinsam dr\u00fccken wir jetzt dem Team um Reno Tiede und Felix Rogge die Daumen f\u00fcr die n\u00e4chste Woche beginnenden Paralympics in Tokio.\u201c Die AOK Nordost ist Gesundheitspartner des Verbandes f\u00fcr Behinderten- und Rehabilitationssport M-V e.V. und F\u00f6rderer des Goalball-Landesleistungszentrums MV.<\/p>\n<h3>Goalball ist die inklusivste Ballsportart<\/h3>\n<p>\u201eAufgrund der Corona-Pandemie mussten wir die offizielle Berufung zum Landeskader und die Nominierung der Athleten in das TalenteTeam MV verschieben\u201c, sagte Nachwuchstrainer Heiko Prinz, der urspr\u00fcnglich aus dem Volleyball kommt. \u201eAcht der neu berufenen Goalballerinnen und Goalballer kommen vom Rostocker Goalballclub Hansa e.V. und zwei vom neu gegr\u00fcndeten GC Sporting Franzburg im Landkreis Vorpommern-R\u00fcgen.\u201c Alle Sportler im Landeskader m\u00fcssen laut Leistungssportkonzept des VBRS \u00fcber einen entsprechenden Trainingsumfang verf\u00fcgen, gesundheitlich fit sein, einen Eignungstest ablegen und auch regelm\u00e4\u00dfig an Schulungen teilnehmen, unter anderem zur Dopingpr\u00e4vention.<\/p>\n<figure id=\"attachment_81955\" aria-describedby=\"caption-attachment-81955\" style=\"width: 1024px\" class=\"wp-caption alignnone\"><img loading=\"lazy\" decoding=\"async\" class=\"size-full wp-image-81955\" src=\"https:\/\/mv-sport.de\/wp-content\/uploads\/2021\/08\/goalball-talente_foto_01_joachim_kloock.jpg\" alt=\"\" width=\"1024\" height=\"703\" \/><figcaption id=\"caption-attachment-81955\" class=\"wp-caption-text\">Foto: \u00a9 Joachim Kloock<\/figcaption><\/figure>\n<p>Die Berufung gilt r\u00fcckwirkend zum 1. Januar 2021. Aktuell sind insgesamt acht Athleten im Landeskader und zw\u00f6lf im TalenteTeam. Der Verband ist mit einer Mannschaft in der 1. Bundesliga und vier Mannschaften in der 2. Bundesliga vertreten und stellt mehrere Nationalspielerinnen und Nationalspieler.<\/p>\n<p>\u201eWir wollen die sportliche Infrastruktur weiter ausbauen, um jungen Menschen im ganzen Land die M\u00f6glichkeit zu geben, diese spannende Sportart zu betreiben. Dabei sind wir auch offen f\u00fcr Sportler ohne Sehbehinderung. Goalball ist eine Ballsportart, die Inklusion wirklich vorlebt. Wir haben viele Spielerinnen und Spieler ohne Handicap, die den Liga- und Clubbetrieb aktiv mit bestreiten. Lediglich in Nationalspielbereich d\u00fcrfen nur klassifizierte Athleten mit Sehbehinderung gegeneinander antreten\u201c, erl\u00e4uterte der Nachwuchscoach.<\/p>\n<p>Aktuell gibt es in MV mit Rostock (Rostocker Goalballclub Hansa e.V.), Neukloster (VfL BlauWei\u00df Neukloster e.V.), Schwerin (Mecklenburger Stiere e.V.), Greifswald (GSG 01 e.V. &#8211; Greifswalder Hechte) und Franzburg (GC Sporting Franzburg e.V.) f\u00fcnf Goalballstandorte in Mecklenburg-Vorpommern. \u201eGemeinsam mit unseren Partnern wollen wir in den kommenden Jahren mindestens f\u00fcnf weitere Trainingsorte etablieren\u201c, unterstrich Heiko Prinz die Ambitionen des VBRS.<\/p>\n<p>\u201eEine fl\u00e4chendeckende effektive Nachwuchsarbeit ist die beste Voraussetzung, m\u00f6glichst vielen Sportlern mit und ohne Handicap Breiten- und Vereinssport anbieten zu k\u00f6nnen. Diese breite Basis soll der besseren Talentsichtung und -f\u00f6rderung dienen, so dass unsere Chancen, Talente f\u00fcr das Landesleistungszentrum zu finden, steigen und wir an die bisherigen Erfolge im Goalball ankn\u00fcpfen zu k\u00f6nnen\u201c, so der Gesch\u00e4ftsf\u00fchrer des Verbandes f\u00fcr Behinderten- und Rehabilitationssport in MV, Lars Pickardt. Der freut sich, mit Mario Turloff und Heiko Prinz gleich zwei hauptamtliche Trainer im Verband zu haben.<\/p>\n<p>\u201eZudem sind wir auf starke und engagierte Partner angewiesen, wie wir sie als gutes Beispiel mit der AOK Nordost an unserer Seite haben. Denn neben der Talentsichtung haben wir, wie die AOK Nordost, das Ziel, Freude und Spa\u00df am Sport zu vermitteln und setzen auf die positiven Effekte, die der Sport f\u00fcr die pers\u00f6nliche Entwicklung, das Wohlbefinden und die Gesundheit der Athleten bewirken kann\u201c, so Pickardt abschlie\u00dfend.<\/p>\n<h3>Berufung in den Landeskader Goalball<br \/>\n<span style=\"color: #999999;\"><em>(alles Athleten des RGC)<\/em><\/span><\/h3>\n<p>Kilian Kollrep (U16)<br \/>\nJohn Turloff (U19)<br \/>\nSerhji Zholudev (U19)<br \/>\nMichelle Tiede (U23)<br \/>\nCeleste Troost (U23)<br \/>\nKonrad Andrzejuk (\u00dc23)<\/p>\n<h3>Berufung ins TalenteTeam MV<br \/>\n<span style=\"color: #999999;\"><em>(2 Athleten RGC\/ 2 Athleten GC Sporting Franzburg)<\/em><\/span><\/h3>\n<p>Grietje Gau (U16)<br \/>\nK\u00e4the Glasenapp (U16)<br \/>\nChristoph Drews (U19)<br \/>\nDomenik Rasch (U19)<\/p>\n","protected":false},"excerpt":{"rendered":"<p>Das Sportangebot Goalball in MV soll auf zehn Standorte ausgebaut werden Rostock \u2013 Am Freitagnachmittag wurden in Rostock zehn junge Sportlerinnen und Sportler in den Landeskader und ins TalenteTeam des Verbandes f\u00fcr Behinderten- und Rehabilitationssport MV e.V. (VBRS) f\u00fcr das Landesleistungszentrum Goalball berufen. Die Berufung in den Landeskader attestiert den Athleten ein leistungssportliches Potenzial. Das [&hellip;]<\/p>\n","protected":false},"author":2,"featured_media":81956,"comment_status":"open","ping_status":"open","sticky":false,"template":"","format":"standard","meta":{"_seopress_robots_primary_cat":"none","_seopress_titles_title":"Goalballhochburg Rostock - Landeskader und TalenteTeam MV aufgestockt","_seopress_titles_desc":"Zehn junge Sportlerinnen und Sportler wurden in den Landeskader und ins TalenteTeam des Verbandes f\u00fcr Behinderten- und Rehabilitationssport MV e.V. (VBRS) f\u00fcr das Landesleistungszentrum Goalball berufen.","_seopress_robots_index":"","_relevanssi_hide_post":"","_relevanssi_hide_content":"","_relevanssi_pin_for_all":"","_relevanssi_pin_keywords":"","_relevanssi_unpin_keywords":"","_relevanssi_related_keywords":"","_relevanssi_related_include_ids":"","_relevanssi_related_exclude_ids":"","_relevanssi_related_no_append":"","_relevanssi_related_not_related":"","_relevanssi_related_posts":"","_relevanssi_noindex_reason":"","_uag_custom_page_level_css":"","footnotes":""},"categories":[202],"tags":[],"ort":[],"class_list":{"0":"post-81952","1":"post","2":"type-post","3":"status-publish","4":"format-standard","5":"has-post-thumbnail","7":"category-goalball"},"featured_image_urls":{"medium":"https:\/\/mv-sport.de\/c\/wp-content\/uploads\/2021\/08\/goalball-talente_foto_03_joachim_kloock-600x600.jpg","medium_large":"https:\/\/mv-sport.de\/c\/wp-content\/uploads\/2021\/08\/goalball-talente_foto_03_joachim_kloock.jpg","large":"https:\/\/mv-sport.de\/c\/wp-content\/uploads\/2021\/08\/goalball-talente_foto_03_joachim_kloock.jpg","full":"https:\/\/mv-sport.de\/c\/wp-content\/uploads\/2021\/08\/goalball-talente_foto_03_joachim_kloock.jpg","alt":"","caption":"Landeskader und TalenteTeam MV | Foto: Joachim Kloock"},"spectra_custom_meta":{"uab_option":["yes"],"uab_meta_position":["default"],"_extra_rating_average":["0"],"_seopress_analysis_data":["a:20:{s:5:\"title\";s:69:\"Goalballhochburg Rostock - Landeskader und TalenteTeam MV aufgestockt\";s:9:\"meta_desc\";s:205:\"Zehn junge Sportlerinnen und Sportler wurden in den Landeskader und ins TalenteTeam des Verbandes f\u00fcr Behinderten- und Rehabilitationssport MV e.V. (VBRS) f\u00fcr das Landesleistungszentrum Goalball berufen.\";s:8:\"og_title\";a:2:{s:5:\"count\";i:1;s:6:\"values\";a:1:{i:0;s:69:\"Goalballhochburg Rostock - Landeskader und TalenteTeam MV aufgestockt\";}}s:7:\"og_desc\";a:2:{s:5:\"count\";i:1;s:6:\"values\";a:1:{i:0;s:205:\"Zehn junge Sportlerinnen und Sportler wurden in den Landeskader und ins TalenteTeam des Verbandes f\u00fcr Behinderten- und Rehabilitationssport MV e.V. (VBRS) f\u00fcr das Landesleistungszentrum Goalball berufen.\";}}s:6:\"og_img\";a:2:{s:5:\"count\";i:1;s:6:\"values\";a:1:{i:0;s:90:\"https:\/\/mv-sport.de\/wp-content\/uploads\/2021\/08\/goalball-talente_foto_03_joachim_kloock.jpg\";}}s:6:\"og_url\";a:3:{s:5:\"count\";i:1;s:6:\"values\";a:1:{i:0;s:87:\"https:\/\/mv-sport.de\/goalballhochburg-rostock-landeskader-und-talenteteam-mv-aufgestockt\";}s:4:\"host\";s:11:\"mv-sport.de\";}s:12:\"og_site_name\";a:2:{s:5:\"count\";i:1;s:6:\"values\";a:1:{i:0;s:72:\"MV-Sport.de - Sportvereine &amp; Sportnachrichten Mecklenburg-Vorpommern\";}}s:8:\"tw_title\";a:2:{s:5:\"count\";i:1;s:6:\"values\";a:1:{i:0;s:69:\"Goalballhochburg Rostock - Landeskader und TalenteTeam MV aufgestockt\";}}s:7:\"tw_desc\";a:2:{s:5:\"count\";i:1;s:6:\"values\";a:1:{i:0;s:205:\"Zehn junge Sportlerinnen und Sportler wurden in den Landeskader und ins TalenteTeam des Verbandes f\u00fcr Behinderten- und Rehabilitationssport MV e.V. (VBRS) f\u00fcr das Landesleistungszentrum Goalball berufen.\";}}s:6:\"tw_img\";a:2:{s:5:\"count\";i:1;s:6:\"values\";a:1:{i:0;s:90:\"https:\/\/mv-sport.de\/wp-content\/uploads\/2021\/08\/goalball-talente_foto_03_joachim_kloock.jpg\";}}s:9:\"canonical\";s:88:\"https:\/\/mv-sport.de\/goalballhochburg-rostock-landeskader-und-talenteteam-mv-aufgestockt\/\";s:13:\"all_canonical\";a:1:{i:0;s:88:\"https:\/\/mv-sport.de\/goalballhochburg-rostock-landeskader-und-talenteteam-mv-aufgestockt\/\";}s:2:\"h1\";a:1:{s:9:\"nomatches\";a:1:{s:5:\"count\";i:1;}}s:3:\"img\";a:1:{s:6:\"images\";a:7:{i:0;s:90:\"https:\/\/mv-sport.de\/wp-content\/uploads\/2021\/08\/goalball-talente_foto_02_joachim_kloock.jpg\";i:1;s:90:\"https:\/\/mv-sport.de\/wp-content\/uploads\/2021\/08\/goalball-talente_foto_01_joachim_kloock.jpg\";i:2;s:68:\"https:\/\/mv-sport.de\/wp-content\/uploads\/2017\/06\/logo_autor_profil.png\";i:3;s:89:\"https:\/\/mv-sport.de\/wp-content\/sabai\/File\/thumbnails\/342990ec58b6d5d9957f744088c00c1e.jpg\";i:4;s:89:\"https:\/\/mv-sport.de\/wp-content\/sabai\/File\/thumbnails\/f1ccd12611e5508edf4f1521de3d6be3.jpg\";i:5;s:89:\"https:\/\/mv-sport.de\/wp-content\/sabai\/File\/thumbnails\/963831b8d232a58cd781cbfe24105bf9.jpg\";i:6;s:61:\"https:\/\/mv-sport.de\/wp-content\/uploads\/2017\/05\/140x70px-3.gif\";}}s:11:\"meta_robots\";a:1:{i:0;a:1:{i:0;s:13:\"index, follow\";}}s:14:\"outbound_links\";a:8:{i:0;a:1:{s:34:\"https:\/\/www.facebook.com\/MVSportde\";s:0:\"\";}i:1;a:1:{s:37:\"https:\/\/www.instagram.com\/mv_sport.de\";s:0:\"\";}i:3;a:1:{s:28:\"http:\/\/www.elegantthemes.com\";s:14:\"Elegant Themes\";}i:4;a:1:{s:24:\"http:\/\/www.wordpress.org\";s:9:\"WordPress\";}i:5;a:1:{s:20:\"http:\/\/www.web-mv.de\";s:9:\"web-mv.de\";}i:6;a:1:{s:33:\"http:\/\/www.webdesign-schwerin.net\";s:0:\"\";}i:7;a:1:{s:34:\"https:\/\/www.facebook.com\/MVSportde\";s:13:\"\n    Like us!\";}i:8;a:1:{s:37:\"https:\/\/www.instagram.com\/mv_sport.de\";s:15:\"\n    Follow us!\";}}s:13:\"words_counter\";i:665;s:20:\"words_counter_unique\";i:346;s:4:\"json\";a:2:{i:0;s:12:\"Organization\";i:1;s:14:\"BreadcrumbList\";}s:5:\"score\";b:0;}"],"_edit_lock":["1629892310:2"],"_edit_last":["2"],"_thumbnail_id":["81956"],"xyz_fbap_future_to_publish":["a:3:{s:18:\"post_fb_permission\";i:1;s:18:\"xyz_fbap_po_method\";s:1:\"2\";s:16:\"xyz_fbap_message\";s:17:\"{POST_EXCERPT}...\";}"],"xyz_fbap":["1"],"xyz_fbap_insert_og":["1"],"post_views_count":["318"],"_seopress_pro_schemas_manual":["a:1:{i:0;a:1:{s:32:\"_seopress_pro_rich_snippets_type\";s:4:\"none\";}}"],"_seopress_titles_title":["Goalballhochburg Rostock - Landeskader und TalenteTeam MV aufgestockt"],"_seopress_titles_desc":["Zehn junge Sportlerinnen und Sportler wurden in den Landeskader und ins TalenteTeam des Verbandes f\u00fcr Behinderten- und Rehabilitationssport MV e.V. (VBRS) f\u00fcr das Landesleistungszentrum Goalball berufen."],"_seopress_robots_canonical":[""],"_seopress_robots_primary_cat":["none"],"_seopress_robots_breadcrumbs":[""],"_seopress_social_fb_title":[""],"_seopress_social_fb_desc":[""],"_seopress_social_fb_img":[""],"_seopress_social_twitter_title":[""],"_seopress_social_twitter_desc":[""],"_seopress_social_twitter_img":[""],"_seopress_redirections_type":["301"],"_seopress_redirections_value":[""],"_post_review_box_title":["Rezension"],"_post_review_box_summary":[""],"_post_review_box_summary_title":["Zusammenfassung"],"_post_review_box_breakdowns_score":["0"],"_post_review_box_breakdowns_count":["1"],"_post_review_box_breakdowns":["a:1:{i:0;a:2:{s:5:\"title\";s:0:\"\";s:6:\"rating\";i:0;}}"],"_extra_sidebar_location":[""],"_extra_sidebar":[""],"_seopress_analysis_target_kw":[""],"wp_schema_pro_optimized_structured_data":["<!-- Schema optimized by Schema Pro --><script type=\"application\/ld+json\">{\"@context\":\"https:\/\/schema.org\",\"@type\":\"NewsArticle\",\"mainEntityOfPage\":{\"@type\":\"WebPage\",\"@id\":\"https:\/\/mv-sport.de\/goalballhochburg-rostock-landeskader-und-talenteteam-mv-aufgestockt\/\"},\"headline\":\"Goalballhochburg Rostock - Landeskader und TalenteTeam MV aufgestockt\",\"image\":{\"@type\":\"ImageObject\",\"url\":\"https:\/\/mv-sport.de\/wp-content\/uploads\/2021\/08\/goalball-talente_foto_03_joachim_kloock.jpg\",\"width\":1024,\"height\":684},\"datePublished\":\"2021-08-25T13:44:12\",\"dateModified\":\"2021-08-25T13:44:12\",\"author\":{\"@type\":\"Person\",\"name\":\"MV-Sport.de\",\"url\":\"https:\/\/mv-sport.de\/author\/mv-sport-de\"},\"publisher\":{\"@type\":\"Organization\",\"name\":\"MV-Sport.de - Sportvereine &amp; Sportnachrichten Mecklenburg-Vorpommern\",\"logo\":{\"@type\":\"ImageObject\",\"url\":\"https:\/\/mv-sport.de\/wp-content\/uploads\/2017\/05\/logo-mv-sport-292x60.png\"}}}<\/script><!-- \/ Schema optimized by Schema Pro -->"],"__post_views_count":["943"],"astra_style_timestamp_css":["1757578282"],"_uag_css_file_name":["uag-css-81952.css"],"_uag_page_assets":["a:9:{s:3:\"css\";s:7010:\".uagb-block-88f5875d.wp-block-uagb-image--layout-default figure img{box-shadow: 0px 0px 0 #00000070;}.uagb-block-88f5875d.wp-block-uagb-image .wp-block-uagb-image__figure figcaption{font-style: normal;align-self: center;}.uagb-block-88f5875d.wp-block-uagb-image--layout-overlay figure img{box-shadow: 0px 0px 0 #00000070;}.uagb-block-88f5875d.wp-block-uagb-image--layout-overlay .wp-block-uagb-image--layout-overlay__color-wrapper{opacity: 0.2;}.uagb-block-88f5875d.wp-block-uagb-image--layout-overlay .wp-block-uagb-image--layout-overlay__inner{left: 15px;right: 15px;top: 15px;bottom: 15px;}.uagb-block-88f5875d.wp-block-uagb-image--layout-overlay .wp-block-uagb-image--layout-overlay__inner .uagb-image-heading{font-style: normal;color: #fff;opacity: 1;}.uagb-block-88f5875d.wp-block-uagb-image--layout-overlay .wp-block-uagb-image--layout-overlay__inner .uagb-image-heading a{color: #fff;}.uagb-block-88f5875d.wp-block-uagb-image--layout-overlay .wp-block-uagb-image--layout-overlay__inner .uagb-image-caption{opacity: 0;}.uagb-block-88f5875d.wp-block-uagb-image--layout-overlay .wp-block-uagb-image__figure:hover .wp-block-uagb-image--layout-overlay__color-wrapper{opacity: 1;}.uagb-block-88f5875d.wp-block-uagb-image .wp-block-uagb-image--layout-overlay__inner .uagb-image-separator{width: 30%;border-top-width: 2px;border-top-color: #fff;opacity: 0;}.uagb-block-88f5875d.wp-block-uagb-image .wp-block-uagb-image__figure img{width: 297px;height: auto;}.uagb-block-88f5875d.wp-block-uagb-image .wp-block-uagb-image__figure:hover .wp-block-uagb-image--layout-overlay__inner .uagb-image-caption{opacity: 1;}.uagb-block-88f5875d.wp-block-uagb-image .wp-block-uagb-image__figure:hover .wp-block-uagb-image--layout-overlay__inner .uagb-image-separator{opacity: 1;}.uagb-block-88f5875d.wp-block-uagb-image--layout-default figure:hover img{box-shadow: 0px 0px 0 #00000070;}.uagb-block-88f5875d.wp-block-uagb-image--layout-overlay figure:hover img{box-shadow: 0px 0px 0 #00000070;}@media only screen and (max-width: 976px) {.uagb-block-88f5875d.wp-block-uagb-image .wp-block-uagb-image__figure img{width: 297px;height: auto;}}@media only screen and (max-width: 767px) {.uagb-block-88f5875d.wp-block-uagb-image .wp-block-uagb-image__figure img{width: 297px;height: auto;}}.uagb-block-b6c54374.wp-block-uagb-image{margin-top: 0px;margin-right: 0px;margin-bottom: 0px;margin-left: 0px;}.uagb-block-b6c54374.wp-block-uagb-image--layout-default figure img{box-shadow: 0px 0px 0 #00000070;}.uagb-block-b6c54374.wp-block-uagb-image .wp-block-uagb-image__figure figcaption{font-style: normal;align-self: center;}.uagb-block-b6c54374.wp-block-uagb-image--layout-overlay figure img{box-shadow: 0px 0px 0 #00000070;}.uagb-block-b6c54374.wp-block-uagb-image--layout-overlay .wp-block-uagb-image--layout-overlay__color-wrapper{opacity: 0.2;}.uagb-block-b6c54374.wp-block-uagb-image--layout-overlay .wp-block-uagb-image--layout-overlay__inner{left: 15px;right: 15px;top: 15px;bottom: 15px;}.uagb-block-b6c54374.wp-block-uagb-image--layout-overlay .wp-block-uagb-image--layout-overlay__inner .uagb-image-heading{font-style: normal;color: #fff;opacity: 1;}.uagb-block-b6c54374.wp-block-uagb-image--layout-overlay .wp-block-uagb-image--layout-overlay__inner .uagb-image-heading a{color: #fff;}.uagb-block-b6c54374.wp-block-uagb-image--layout-overlay .wp-block-uagb-image--layout-overlay__inner .uagb-image-caption{opacity: 0;}.uagb-block-b6c54374.wp-block-uagb-image--layout-overlay .wp-block-uagb-image__figure:hover .wp-block-uagb-image--layout-overlay__color-wrapper{opacity: 1;}.uagb-block-b6c54374.wp-block-uagb-image .wp-block-uagb-image--layout-overlay__inner .uagb-image-separator{width: 30%;border-top-width: 2px;border-top-color: #fff;opacity: 0;}.uagb-block-b6c54374.wp-block-uagb-image .wp-block-uagb-image__figure img{width: px;height: auto;}.uagb-block-b6c54374.wp-block-uagb-image .wp-block-uagb-image__figure:hover .wp-block-uagb-image--layout-overlay__inner .uagb-image-caption{opacity: 1;}.uagb-block-b6c54374.wp-block-uagb-image .wp-block-uagb-image__figure:hover .wp-block-uagb-image--layout-overlay__inner .uagb-image-separator{opacity: 1;}.uagb-block-b6c54374.wp-block-uagb-image--layout-default figure:hover img{box-shadow: 0px 0px 0 #00000070;}.uagb-block-b6c54374.wp-block-uagb-image--layout-overlay figure:hover img{box-shadow: 0px 0px 0 #00000070;}@media only screen and (max-width: 976px) {.uagb-block-b6c54374.wp-block-uagb-image .wp-block-uagb-image__figure img{width: px;height: auto;}}@media only screen and (max-width: 767px) {.uagb-block-b6c54374.wp-block-uagb-image .wp-block-uagb-image__figure img{width: px;height: auto;}}.uagb-block-2bdcf70c.wp-block-uagb-image{margin-top: 0px;margin-right: 0px;margin-bottom: 0px;margin-left: 0px;}.uagb-block-2bdcf70c.wp-block-uagb-image--layout-default figure img{box-shadow: 0px 0px 0 #00000070;}.uagb-block-2bdcf70c.wp-block-uagb-image .wp-block-uagb-image__figure figcaption{font-style: normal;align-self: center;}.uagb-block-2bdcf70c.wp-block-uagb-image--layout-overlay figure img{box-shadow: 0px 0px 0 #00000070;}.uagb-block-2bdcf70c.wp-block-uagb-image--layout-overlay .wp-block-uagb-image--layout-overlay__color-wrapper{opacity: 0.2;}.uagb-block-2bdcf70c.wp-block-uagb-image--layout-overlay .wp-block-uagb-image--layout-overlay__inner{left: 15px;right: 15px;top: 15px;bottom: 15px;}.uagb-block-2bdcf70c.wp-block-uagb-image--layout-overlay .wp-block-uagb-image--layout-overlay__inner .uagb-image-heading{font-style: normal;color: #fff;opacity: 1;}.uagb-block-2bdcf70c.wp-block-uagb-image--layout-overlay .wp-block-uagb-image--layout-overlay__inner .uagb-image-heading a{color: #fff;}.uagb-block-2bdcf70c.wp-block-uagb-image--layout-overlay .wp-block-uagb-image--layout-overlay__inner .uagb-image-caption{opacity: 0;}.uagb-block-2bdcf70c.wp-block-uagb-image--layout-overlay .wp-block-uagb-image__figure:hover .wp-block-uagb-image--layout-overlay__color-wrapper{opacity: 1;}.uagb-block-2bdcf70c.wp-block-uagb-image .wp-block-uagb-image--layout-overlay__inner .uagb-image-separator{width: 30%;border-top-width: 2px;border-top-color: #fff;opacity: 0;}.uagb-block-2bdcf70c.wp-block-uagb-image .wp-block-uagb-image__figure img{width: px;height: auto;}.uagb-block-2bdcf70c.wp-block-uagb-image .wp-block-uagb-image__figure:hover .wp-block-uagb-image--layout-overlay__inner .uagb-image-caption{opacity: 1;}.uagb-block-2bdcf70c.wp-block-uagb-image .wp-block-uagb-image__figure:hover .wp-block-uagb-image--layout-overlay__inner .uagb-image-separator{opacity: 1;}.uagb-block-2bdcf70c.wp-block-uagb-image--layout-default figure:hover img{box-shadow: 0px 0px 0 #00000070;}.uagb-block-2bdcf70c.wp-block-uagb-image--layout-overlay figure:hover img{box-shadow: 0px 0px 0 #00000070;}@media only screen and (max-width: 976px) {.uagb-block-2bdcf70c.wp-block-uagb-image .wp-block-uagb-image__figure img{width: px;height: auto;}}@media only screen and (max-width: 767px) {.uagb-block-2bdcf70c.wp-block-uagb-image .wp-block-uagb-image__figure img{width: px;height: auto;}}\";s:2:\"js\";s:0:\"\";s:18:\"current_block_list\";a:28:{i:0;s:10:\"core\/group\";i:2;s:24:\"core\/post-featured-image\";i:3;s:15:\"core\/post-title\";i:5;s:14:\"core\/post-date\";i:6;s:16:\"core\/post-author\";i:7;s:15:\"core\/post-terms\";i:8;s:17:\"core\/post-content\";i:9;s:14:\"core\/separator\";i:10;s:13:\"core\/comments\";i:11;s:19:\"core\/comments-title\";i:12;s:21:\"core\/comment-template\";i:15;s:11:\"core\/avatar\";i:16;s:24:\"core\/comment-author-name\";i:17;s:17:\"core\/comment-date\";i:18;s:20:\"core\/comment-content\";i:19;s:23:\"core\/comment-reply-link\";i:20;s:24:\"core\/comments-pagination\";i:21;s:33:\"core\/comments-pagination-previous\";i:22;s:32:\"core\/comments-pagination-numbers\";i:23;s:29:\"core\/comments-pagination-next\";i:24;s:23:\"core\/post-comments-form\";i:25;s:14:\"core\/tag-cloud\";i:26;s:12:\"core\/heading\";i:27;s:14:\"core\/paragraph\";i:28;s:12:\"core\/buttons\";i:29;s:11:\"core\/button\";i:30;s:10:\"uagb\/image\";i:31;s:10:\"core\/image\";}s:8:\"uag_flag\";b:1;s:11:\"uag_version\";s:10:\"1777459523\";s:6:\"gfonts\";a:0:{}s:10:\"gfonts_url\";s:0:\"\";s:12:\"gfonts_files\";a:0:{}s:14:\"uag_faq_layout\";b:0;}"]},"uagb_featured_image_src":{"full":["https:\/\/mv-sport.de\/c\/wp-content\/uploads\/2021\/08\/goalball-talente_foto_03_joachim_kloock.jpg",1024,684,false],"thumbnail":["https:\/\/mv-sport.de\/c\/wp-content\/uploads\/2021\/08\/goalball-talente_foto_03_joachim_kloock-150x150.jpg",150,150,true],"medium":["https:\/\/mv-sport.de\/c\/wp-content\/uploads\/2021\/08\/goalball-talente_foto_03_joachim_kloock-600x600.jpg",350,350,true],"medium_large":["https:\/\/mv-sport.de\/c\/wp-content\/uploads\/2021\/08\/goalball-talente_foto_03_joachim_kloock.jpg",768,513,false],"large":["https:\/\/mv-sport.de\/c\/wp-content\/uploads\/2021\/08\/goalball-talente_foto_03_joachim_kloock.jpg",1024,684,false],"1536x1536":["https:\/\/mv-sport.de\/c\/wp-content\/uploads\/2021\/08\/goalball-talente_foto_03_joachim_kloock.jpg",1024,684,false],"2048x2048":["https:\/\/mv-sport.de\/c\/wp-content\/uploads\/2021\/08\/goalball-talente_foto_03_joachim_kloock.jpg",1024,684,false],"ultp_layout_landscape_large":["https:\/\/mv-sport.de\/c\/wp-content\/uploads\/2021\/08\/goalball-talente_foto_03_joachim_kloock.jpg",1024,684,false],"ultp_layout_landscape":["https:\/\/mv-sport.de\/c\/wp-content\/uploads\/2021\/08\/goalball-talente_foto_03_joachim_kloock.jpg",853,570,false],"ultp_layout_portrait":["https:\/\/mv-sport.de\/c\/wp-content\/uploads\/2021\/08\/goalball-talente_foto_03_joachim_kloock.jpg",600,401,false],"ultp_layout_square":["https:\/\/mv-sport.de\/c\/wp-content\/uploads\/2021\/08\/goalball-talente_foto_03_joachim_kloock.jpg",600,401,false]},"uagb_author_info":{"display_name":"MV-Sport.de","author_link":"https:\/\/mv-sport.de\/c\/author\/mv-sport-de\/"},"uagb_comment_info":0,"uagb_excerpt":"Das Sportangebot Goalball in MV soll auf zehn Standorte ausgebaut werden Rostock \u2013 Am Freitagnachmittag wurden in Rostock zehn junge Sportlerinnen und Sportler in den Landeskader und ins TalenteTeam des Verbandes f\u00fcr Behinderten- und Rehabilitationssport MV e.V. (VBRS) f\u00fcr das Landesleistungszentrum Goalball berufen. Die Berufung in den Landeskader attestiert den Athleten ein leistungssportliches Potenzial. Das&hellip;","_links":{"self":[{"href":"https:\/\/mv-sport.de\/c\/wp-json\/wp\/v2\/posts\/81952","targetHints":{"allow":["GET"]}}],"collection":[{"href":"https:\/\/mv-sport.de\/c\/wp-json\/wp\/v2\/posts"}],"about":[{"href":"https:\/\/mv-sport.de\/c\/wp-json\/wp\/v2\/types\/post"}],"author":[{"embeddable":true,"href":"https:\/\/mv-sport.de\/c\/wp-json\/wp\/v2\/users\/2"}],"replies":[{"embeddable":true,"href":"https:\/\/mv-sport.de\/c\/wp-json\/wp\/v2\/comments?post=81952"}],"version-history":[{"count":0,"href":"https:\/\/mv-sport.de\/c\/wp-json\/wp\/v2\/posts\/81952\/revisions"}],"wp:featuredmedia":[{"embeddable":true,"href":"https:\/\/mv-sport.de\/c\/wp-json\/wp\/v2\/media\/81956"}],"wp:attachment":[{"href":"https:\/\/mv-sport.de\/c\/wp-json\/wp\/v2\/media?parent=81952"}],"wp:term":[{"taxonomy":"category","embeddable":true,"href":"https:\/\/mv-sport.de\/c\/wp-json\/wp\/v2\/categories?post=81952"},{"taxonomy":"post_tag","embeddable":true,"href":"https:\/\/mv-sport.de\/c\/wp-json\/wp\/v2\/tags?post=81952"},{"taxonomy":"ort","embeddable":true,"href":"https:\/\/mv-sport.de\/c\/wp-json\/wp\/v2\/ort?post=81952"}],"curies":[{"name":"wp","href":"https:\/\/api.w.org\/{rel}","templated":true}]}}