{"id":8305,"date":"2018-01-18T16:17:36","date_gmt":"2018-01-18T15:17:36","guid":{"rendered":"https:\/\/mv-sport.de\/?p=8305"},"modified":"2018-01-18T16:38:36","modified_gmt":"2018-01-18T15:38:36","slug":"rund-elf-millionen-euro-werden-2018-in-rostocks-sportstaetten-investiert","status":"publish","type":"post","link":"https:\/\/mv-sport.de\/c\/rund-elf-millionen-euro-werden-2018-in-rostocks-sportstaetten-investiert\/","title":{"rendered":"Rund elf Millionen Euro werden 2018 in Rostocks Sportst\u00e4tten investiert"},"content":{"rendered":"<p><strong>XXII. Sportlerehrung der Hanse- und Universit\u00e4tsstadt Rostock<\/strong><\/p>\n<figure id=\"attachment_8306\" aria-describedby=\"caption-attachment-8306\" style=\"width: 300px\" class=\"wp-caption alignleft\"><a href=\"https:\/\/mv-sport.de\/wp-content\/uploads\/2018\/01\/segler-geehrt.jpg\"><img loading=\"lazy\" decoding=\"async\" class=\"size-medium wp-image-8306\" src=\"https:\/\/mv-sport.de\/wp-content\/uploads\/2018\/01\/segler-geehrt-300x200.jpg\" alt=\"\" width=\"300\" height=\"200\" \/><\/a><figcaption id=\"caption-attachment-8306\" class=\"wp-caption-text\">F\u00fcr den Rostocker Sport sind die Segel 2018 l\u00e4ngst gesetzt. Auch zahlreiche Seglerinnen und Segler wurden f\u00fcr ihre Leistungen 2017 geehrt. Foto: Wolfgang Gross<\/figcaption><\/figure>\n<p>Verdienstvolle Rostocker Sportlerinnen und Sportler, Trainerinnen und Trainer sowie Sportfunktion\u00e4re der Hanse- und Universit\u00e4tsstadt Rostock wurden heute anl\u00e4sslich der XXII. Sportlerehrung der Hanse- und Universit\u00e4tsstadt Rostock in der StadtHalle gew\u00fcrdigt. Der Senator f\u00fcr Jugend und Soziales, Gesundheit, Schule und Sport Steffen Bockhahn dankte allen sportlich Engagierten f\u00fcr ihren Einsatz und verwies auf den steten Zuwachs an Mitgliedern in Rostocker Sportvereinen. \u201eDer Stadtsportbund z\u00e4hlt jetzt bereits 51.338 Mitglieder und 202 Sportvereine in seinen Reihen\u201c, bilanzierte der \u00a0Senator das erfolgreiche Sportjahr 2017.<\/p>\n<figure id=\"attachment_4203\" aria-describedby=\"caption-attachment-4203\" style=\"width: 200px\" class=\"wp-caption alignright\"><a href=\"https:\/\/mv-sport.de\/wp-content\/uploads\/2017\/07\/maxlauschuswgross.jpg\"><img loading=\"lazy\" decoding=\"async\" class=\"size-medium wp-image-4203\" src=\"https:\/\/mv-sport.de\/wp-content\/uploads\/2017\/07\/maxlauschuswgross-200x300.jpg\" alt=\"\" width=\"200\" height=\"300\" \/><\/a><figcaption id=\"caption-attachment-4203\" class=\"wp-caption-text\">Max Lauschus war auch 2017 im Flossenschwimmen wieder sehr erfolgreich. Foto: Wolfgang Gross<\/figcaption><\/figure>\n<p>Zu den besonders erfolgreichen Rostockerinnen und Rostockern z\u00e4hlten im vergangenen Jahr Max Lauschuss vom TSC Rostock mit seinen Silber- und Bronzemedaillen bei den World Games im Tauchen, Emma Lucke vom Kampfkunstverein \u201eGoldener Drache\u201c mit ihren Silber- und Bronzemedaillen bei den Weltmeisterschaften im Kung Fu, die Crew der \u201eRostocker Seeb\u00e4ren\u201c der Kanufreunde Rostocker Greif, auch mit Silber und Bronze bei den Club-Weltmeisterschaften im Drachenboot und Rateb Hatahet vom PSV Rostock mit seinem Weltmeistertitel im Thaiboxen.<\/p>\n<p>&#8222;Unsere Hanse- und Universit\u00e4tsstadt pr\u00e4sentierte sich 2017 als herzliche Gastgeberin hochkar\u00e4tiger Events, darunter der 23. FINA Diving Grand Prix im Wasserspringen, der wiederholt als bester Grand Prix der Weltserie ausgezeichnet wurde. In Rostock fand der 10. EURO CUP im Elektro-Rollstuhl-Hockey und die Premiere des Rostocker OSPA Triathlon im IGA- Park statt. Zudem wurden sportliche Jubil\u00e4en wie 60 Jahre TSC Rostock 1957 und 25 Jahre PSV Rostock gefeiert. Die Abteilung Boxen des 25-j\u00e4hrigen Jubilars wurde mit dem Gr\u00fcnen Band der Commerzbank ausgezeichnet und die Rostock Griffins starteten im DKB- Wettbewerb f\u00fcr Jugendarbeit mit ihrem Projekt, \u201eGriffins gegen Gewalt\u201c und gewannen ein Preisgeld von 36.000 Euro\u201c, unterstrich Steffen Bockhahn.<\/p>\n<figure id=\"attachment_8051\" aria-describedby=\"caption-attachment-8051\" style=\"width: 200px\" class=\"wp-caption alignleft\"><a href=\"https:\/\/mv-sport.de\/wp-content\/uploads\/2018\/01\/wsp2gross.jpg\"><img loading=\"lazy\" decoding=\"async\" class=\"size-medium wp-image-8051\" src=\"https:\/\/mv-sport.de\/wp-content\/uploads\/2018\/01\/wsp2gross-200x300.jpg\" alt=\"\" width=\"200\" height=\"300\" \/><\/a><figcaption id=\"caption-attachment-8051\" class=\"wp-caption-text\">Elegante Spr\u00fcnge wird es auch wieder beim 63.Internationalen Springertag in Rostock geben. Foto: Wolfgang Gross<\/figcaption><\/figure>\n<p>Der Senator w\u00fcrdigte das ehrenamtliche b\u00fcrgerschaftliche Engagement im Sport. Unter Leitung der Vereinsvorst\u00e4nde haben sich \u00fcber 1.200 \u00dcbungsleiterinnen und \u00dcbungsleiter mit Motivation und Herzblut dem Sport verschrieben. \u201eAn unseren beiden Eliteschulen des Sports, dem CJD Rostock sowie der Regionalen Schule \u201eHeinrich Sch\u00fctz\u201c erhalten die sportlichen Talente aus derzeit 17 Verb\u00e4nden exzellente M\u00f6glichkeiten, schulische Bildung und sportliche Ausbildung zu verbinden\u201c, so der Senator.<\/p>\n<p>Dynamisch entwickeln sich seit Jahren die Sportst\u00e4tten. \u201eIm Nordosten beginnt im Fr\u00fchjahr die Sanierung der Sporthallen in der Walter-Butzek-Stra\u00dfe 1 und 2 und den FSV NordOst wird es besonders freuen, weil endlich mit dem Neubau eines Fu\u00dfball-Gro\u00dfspielfeldes begonnen wird. Im Nordwesten entsteht derzeit ein Sporthallenersatzneubau in der M\u00f6llner Stra\u00dfe\u201c, berichtete Steffen Bockhahn. Dar\u00fcber hinaus wird die Sporthalle im Ger\u00fcstbauerring saniert und eine Zwei-Feld-Halle inklusive Kleinspielfeld entsteht An der J\u00e4gerb\u00e4k. Im Sportforum wird die Komplexhalle umgebaut und im Hallenschwimmbad Neptun die untere Turnhalle saniert. &#8222;Die Gesamtinvestitionen, auch f\u00fcr weitere Bauma\u00dfnahmen, belaufen sich damit auf rund elf Millionen Euro in diesem Jahr. Und im Herbst beginnt die Sanierung des Sportboothafens in Warnem\u00fcnde f\u00fcr rund zehn Millionen Euro\u201c, unterstreicht Steffen Bockhahn.<\/p>\n<figure id=\"attachment_2065\" aria-describedby=\"caption-attachment-2065\" style=\"width: 300px\" class=\"wp-caption alignright\"><a href=\"https:\/\/mv-sport.de\/wp-content\/uploads\/2017\/05\/schwimmsportmm.jpg\"><img loading=\"lazy\" decoding=\"async\" class=\"wp-image-2065 size-medium\" src=\"https:\/\/mv-sport.de\/wp-content\/uploads\/2017\/05\/schwimmsportmm-300x225.jpg\" alt=\"\" width=\"300\" height=\"225\" \/><\/a><figcaption id=\"caption-attachment-2065\" class=\"wp-caption-text\">In Rostock stehen 2018 auch wieder zahlreiche Schwimmwettk\u00e4mpfe auf dem Programm. Foto: M.M.<\/figcaption><\/figure>\n<p>\u00dcber 1,4 Millionen Euro hat die Hanse- und Universit\u00e4tsstadt Rostock im vergangenen Jahr in die Sportf\u00f6rderung der Vereine investiert. Von \u00fcber 700.000 Euro in der allgemeinen Sportarbeit entfallen rund 222.000 Euro auf die F\u00f6rderzusch\u00fcsse von 41 hauptamtlichen Stellen und 73.000 Euro auf Betriebskostenzusch\u00fcsse. Die Stadt f\u00f6rdert auch die sieben Stadttrainer und gew\u00e4hrt Zusch\u00fcsse an lizenzierte \u00dcbungsleiterinnen und \u00dcbungsleiter. Senator Steffen Bockhahn dankte auch allen Sponsoren, die ein sicherer Garant f\u00fcr den Sport auch als starker Wirtschaftsfaktor sind. \u00dcber 200 Sportlerinnen und Sportler, Trainerinnen und Trainer, Vereinsvorsitzende und Sponsoren waren stellvertretend f\u00fcr die vielf\u00e4ltig sportlich Engagierten in der Hanse- und Universit\u00e4tsstadt zur Sportlerehrung eingeladen.<\/p>\n<p>&nbsp;<\/p>\n<h3><strong>St\u00e4dtische Auszeichnungen anl\u00e4sslich der XXII. Sportlerehrung der Hanse- und Universit\u00e4tsstadt Rostock:<\/strong><\/h3>\n<ul>\n<li>\n<figure id=\"attachment_7254\" aria-describedby=\"caption-attachment-7254\" style=\"width: 300px\" class=\"wp-caption alignright\"><a href=\"https:\/\/mv-sport.de\/wp-content\/uploads\/2017\/11\/denise-grahl.jpg\"><img loading=\"lazy\" decoding=\"async\" class=\"wp-image-7254 size-medium\" src=\"https:\/\/mv-sport.de\/wp-content\/uploads\/2017\/11\/denise-grahl-300x200.jpg\" alt=\"\" width=\"300\" height=\"200\" \/><\/a><figcaption id=\"caption-attachment-7254\" class=\"wp-caption-text\">F\u00fcr ihre Leistungen 2017 geehrt: Para-Schwimmerin Denise Grahl. Foto: Wolfgang Gross<\/figcaption><\/figure>\n<p>Hannah Anderssohn, Warnem\u00fcnder Segelclub 1925 e.V., Sportlerin Segeln<\/li>\n<li>Lisa Dethloff, Tauchsportclub Rostock 1957 e.V., Sportlerin<\/li>\n<li>Flossenschwimmen\/Tauchen<\/li>\n<li>Denise Grahl, Hanse SV Rostock e.V., Sportlerin Para Schwimmen<\/li>\n<li>Kerstin Kriehn, Wasserspringerclub Rostock e.V., Sportlerin Wasserspringen<\/li>\n<li>Christiane Schmalbruch, HSG Universit\u00e4t Rostock e.V., Sportlerin Leichtathletik<\/li>\n<li>Leon M\u00fcnch, Olympischer Ruderclub von 1956 e.V., Sportler Rudern<\/li>\n<li>Mark Perelmann, TuS Makkabi-Rostock e.V., Sportler Fechten<\/li>\n<li>Michael Raelert, TG triZack Rostock e.V. Sportler Triathlon<\/li>\n<li>Lutz Stengel, Rostocker Yachtclub e.V. Sportler Segeln<\/li>\n<li>Frank Feller, Rostocker Yachtclub e.V., Sportler Segeln<\/li>\n<li>Reno Tiede, Rostocker Goalballclub Hansa e.V., Sportler Goalball<\/li>\n<li>G\u00fcnther Wachs, ESV Turbine Rostock e.V., Sportler Powerlifting<\/li>\n<li>Dr. Matthias Weippert, Triathlonclub FIKO Rostock e.V., Sportler Leichtathletik<\/li>\n<li>Uwe Kr\u00fcmmling, HSG Universit\u00e4t Rostock e.V., Sportler\/Ehrenamt Hockey<\/li>\n<li>Franziska Goltz, Schweriner Segler Verein von 1894 e.V., Trainerin Segeln<\/li>\n<li>Christian Ciupka, 1. Inline Hockey Club Rostocker Nasenb\u00e4ren e.V., Ehrenamt<\/li>\n<li>Dora Kramer, SG FIKO Rostock e.V., Ehrenamt<\/li>\n<li>Siegfried Kr\u00fcger, SV Warnem\u00fcnde e.V., Ehrenamt<\/li>\n<li>Michael Schmidt, Integrativer Treff e.V., Ehrenamt<\/li>\n<li>Birgit Seebe, Sportgemeinschaft &#8222;Empor&#8220; Rostock e.V., Ehrenamt<\/li>\n<\/ul>\n<p>&nbsp;<\/p>\n<h3><strong>Auszeichnung des Elitesch\u00fclers des Sports 2017<\/strong><\/h3>\n<ul>\n<li>Julien Pockrandt, Rostocker Yachtclub e.V., Sportler Windsurfen<\/li>\n<\/ul>\n<p>&nbsp;<\/p>\n<h3><strong>Auszeichnungen mit der \u201eEhrennadel des Stadtsportbundes\u201c<\/strong><\/h3>\n<ul>\n<li>Hans-J\u00fcrgen Bohn, Warnem\u00fcnder Segelclub 1925 e.V., Ehrenamt<\/li>\n<li>Horst Dinkel, Tauchsportclub Warnem\u00fcnde e.V., Ehrenamt<\/li>\n<li>Roman Klawun, Rostocker Citylauf e.V., Ehrenamt<\/li>\n<li>Lasse Leitert, JC Uni Rostock e.V., Ehrenamt<\/li>\n<li>Dietrich Vietinghoff, Tauchsportclub Rostock 1957 e.V., Ehrenamt<\/li>\n<li>Karola Wiegratz, SV Warnem\u00fcnde e.V., Ehrenamt<\/li>\n<\/ul>\n<p>&nbsp;<\/p>\n<h3><strong>Auszeichnungen der Sportjugend (stellvertretend f\u00fcr die Erfolge der Sportjugend in <\/strong><strong>diesen Sportarten)<\/strong><\/h3>\n<ul>\n<li>Julia Ulbricht, 1. Leichtathletikverein Rostock e.V., Sportlerin Leichtathletik (Speerwurf)<\/li>\n<li>Josefine Purschke, Sportverein Warnem\u00fcnde e.V., Sportlerin Ringen<\/li>\n<li>Laura Kienapfel, Sportverein \u201eOlympia\u201c Rostock e.V., Sportlerin Schwimmen<\/li>\n<li>Annika W\u00fcrfel, VfK &#8222;Bau&#8220; Rostock 94 e.V., Sportlerin Judo<\/li>\n<li>Carl Krause, Rostocker Segelverein Citybootshafen e.V., Sportler Segeln<\/li>\n<li>Nele Labudda, Hanse Schwimmverein Rostock e.V., Sportlerin Para Schwimmen<\/li>\n<li>Samuel Bondar, Polizeisportverein Rostock e.V., Sportler Fechten<\/li>\n<li>Tori Schwerin, Olympischer Ruderclub Rostock v. 1956 e.V., Sportler Rudern<\/li>\n<li>Anne Eisenberg, Tauchsportclub Rostock 1957 e.V., Sportlerin Tauchen<\/li>\n<li>Jette M\u00fcller, Wasserspringerclub Rostock e.V., Sportlerin Wasserspringen<\/li>\n<\/ul>\n<p>&nbsp;<\/p>\n<p><em>Pressemitteilung der Hanse- und Universit\u00e4tsstadt Rostock<\/em><\/p>\n<p>&nbsp;<\/p>\n","protected":false},"excerpt":{"rendered":"<p>XXII. Sportlerehrung der Hanse- und Universit\u00e4tsstadt Rostock Verdienstvolle Rostocker Sportlerinnen und Sportler, Trainerinnen und Trainer sowie Sportfunktion\u00e4re der Hanse- und Universit\u00e4tsstadt Rostock wurden heute anl\u00e4sslich der XXII. Sportlerehrung der Hanse- und Universit\u00e4tsstadt Rostock in der StadtHalle gew\u00fcrdigt. Der Senator f\u00fcr Jugend und Soziales, Gesundheit, Schule und Sport Steffen Bockhahn dankte allen sportlich Engagierten f\u00fcr ihren [&hellip;]<\/p>\n","protected":false},"author":3,"featured_media":8306,"comment_status":"open","ping_status":"open","sticky":false,"template":"","format":"standard","meta":{"_seopress_robots_primary_cat":"","_seopress_titles_title":"","_seopress_titles_desc":"","_seopress_robots_index":"","_relevanssi_hide_post":"","_relevanssi_hide_content":"","_relevanssi_pin_for_all":"","_relevanssi_pin_keywords":"","_relevanssi_unpin_keywords":"","_relevanssi_related_keywords":"","_relevanssi_related_include_ids":"","_relevanssi_related_exclude_ids":"","_relevanssi_related_no_append":"","_relevanssi_related_not_related":"","_relevanssi_related_posts":"","_relevanssi_noindex_reason":"","_uag_custom_page_level_css":"","footnotes":""},"categories":[24],"tags":[],"ort":[],"class_list":{"0":"post-8305","1":"post","2":"type-post","3":"status-publish","4":"format-standard","5":"has-post-thumbnail","7":"category-sport-allgemein"},"featured_image_urls":{"medium":"https:\/\/mv-sport.de\/c\/wp-content\/uploads\/2018\/01\/segler-geehrt-600x409.jpg","medium_large":"https:\/\/mv-sport.de\/c\/wp-content\/uploads\/2018\/01\/segler-geehrt.jpg","large":"https:\/\/mv-sport.de\/c\/wp-content\/uploads\/2018\/01\/segler-geehrt.jpg","full":"https:\/\/mv-sport.de\/c\/wp-content\/uploads\/2018\/01\/segler-geehrt.jpg","alt":"","caption":"F\u00fcr den Rostocker Sport sind die Segel 2018 l\u00e4ngst gesetzt. Auch zahlreiche Seglerinnen und Segler wurden f\u00fcr ihre Leistungen 2017 geehrt. Foto: Wolfgang Gross"},"spectra_custom_meta":{"uab_option":["yes"],"uab_meta_position":["default"],"xyz_smap_future_to_publish":["a:1:{s:4:\"fb-1\";a:3:{s:14:\"post_permissin\";s:1:\"0\";s:11:\"post_method\";s:1:\"2\";s:7:\"message\";s:62:\"{POST_TITLE}\r\n{POST_EXCERPT} ...\r\nMehr auf https:\/\/MV-Sport.de\";}}"],"_extra_rating_average":["0"],"_edit_lock":["1516289918:2"],"_edit_last":["2"],"_thumbnail_id":["8306"],"_et_pb_use_builder":[""],"_et_builder_version":["BB|Divi|3.0.96"],"_et_pb_old_content":[""],"_et_pb_custom_css":[""],"_yoast_wpseo_primary_category":["24"],"_post_review_box_title":["Review"],"_post_review_box_summary":[""],"_post_review_box_summary_title":["Summary"],"_post_review_box_breakdowns_score":["0"],"_post_review_box_breakdowns_count":["1"],"_post_review_box_breakdowns":["a:1:{i:0;a:2:{s:5:\"title\";s:0:\"\";s:6:\"rating\";i:0;}}"],"_extra_sidebar_location":[""],"_extra_sidebar":[""],"_post_extra_featured_image_hide_single":["1"],"post_views_count":["982"],"xyz_fbap":["1"],"xyz_fbap_insert_og":["0"],"xyz_smap":["1"],"_et_pb_ab_stats_refresh_interval":["hourly"],"_et_pb_enable_shortcode_tracking":[""],"wp_schema_pro_optimized_structured_data":["<!-- Schema optimized by Schema Pro --><script type=\"application\/ld+json\">{\"@context\":\"https:\/\/schema.org\",\"@type\":\"NewsArticle\",\"mainEntityOfPage\":{\"@type\":\"WebPage\",\"@id\":\"https:\/\/mv-sport.de\/rund-elf-millionen-euro-werden-2018-in-rostocks-sportstaetten-investiert\/\"},\"headline\":\"Rund elf Millionen Euro werden 2018 in Rostocks Sportst\u00e4tten investiert\",\"image\":{\"@type\":\"ImageObject\",\"url\":\"https:\/\/mv-sport.de\/wp-content\/uploads\/2018\/01\/segler-geehrt.jpg\",\"width\":614,\"height\":409},\"datePublished\":\"2018-01-18T16:17:36\",\"dateModified\":\"2018-01-18T16:38:36\",\"author\":{\"@type\":\"Person\",\"name\":\"Marko Michels\",\"url\":\"https:\/\/mv-sport.de\/author\/marko-michels\"},\"publisher\":{\"@type\":\"Organization\",\"name\":\"MV-Sport.de - Sportvereine &amp; Sportnachrichten Mecklenburg-Vorpommern\",\"logo\":{\"@type\":\"ImageObject\",\"url\":\"https:\/\/mv-sport.de\/wp-content\/uploads\/2017\/05\/logo-mv-sport-292x60.png\"}}}<\/script><!-- \/ Schema optimized by Schema Pro -->"],"__post_views_count":["3965"],"astra_style_timestamp_css":["1757542348"],"_uag_css_file_name":["uag-css-8305.css"],"_uag_page_assets":["a:9:{s:3:\"css\";s:7010:\".uagb-block-88f5875d.wp-block-uagb-image--layout-default figure img{box-shadow: 0px 0px 0 #00000070;}.uagb-block-88f5875d.wp-block-uagb-image .wp-block-uagb-image__figure figcaption{font-style: normal;align-self: center;}.uagb-block-88f5875d.wp-block-uagb-image--layout-overlay figure img{box-shadow: 0px 0px 0 #00000070;}.uagb-block-88f5875d.wp-block-uagb-image--layout-overlay .wp-block-uagb-image--layout-overlay__color-wrapper{opacity: 0.2;}.uagb-block-88f5875d.wp-block-uagb-image--layout-overlay .wp-block-uagb-image--layout-overlay__inner{left: 15px;right: 15px;top: 15px;bottom: 15px;}.uagb-block-88f5875d.wp-block-uagb-image--layout-overlay .wp-block-uagb-image--layout-overlay__inner .uagb-image-heading{font-style: normal;color: #fff;opacity: 1;}.uagb-block-88f5875d.wp-block-uagb-image--layout-overlay .wp-block-uagb-image--layout-overlay__inner .uagb-image-heading a{color: #fff;}.uagb-block-88f5875d.wp-block-uagb-image--layout-overlay .wp-block-uagb-image--layout-overlay__inner .uagb-image-caption{opacity: 0;}.uagb-block-88f5875d.wp-block-uagb-image--layout-overlay .wp-block-uagb-image__figure:hover .wp-block-uagb-image--layout-overlay__color-wrapper{opacity: 1;}.uagb-block-88f5875d.wp-block-uagb-image .wp-block-uagb-image--layout-overlay__inner .uagb-image-separator{width: 30%;border-top-width: 2px;border-top-color: #fff;opacity: 0;}.uagb-block-88f5875d.wp-block-uagb-image .wp-block-uagb-image__figure img{width: 297px;height: auto;}.uagb-block-88f5875d.wp-block-uagb-image .wp-block-uagb-image__figure:hover .wp-block-uagb-image--layout-overlay__inner .uagb-image-caption{opacity: 1;}.uagb-block-88f5875d.wp-block-uagb-image .wp-block-uagb-image__figure:hover .wp-block-uagb-image--layout-overlay__inner .uagb-image-separator{opacity: 1;}.uagb-block-88f5875d.wp-block-uagb-image--layout-default figure:hover img{box-shadow: 0px 0px 0 #00000070;}.uagb-block-88f5875d.wp-block-uagb-image--layout-overlay figure:hover img{box-shadow: 0px 0px 0 #00000070;}@media only screen and (max-width: 976px) {.uagb-block-88f5875d.wp-block-uagb-image .wp-block-uagb-image__figure img{width: 297px;height: auto;}}@media only screen and (max-width: 767px) {.uagb-block-88f5875d.wp-block-uagb-image .wp-block-uagb-image__figure img{width: 297px;height: auto;}}.uagb-block-b6c54374.wp-block-uagb-image{margin-top: 0px;margin-right: 0px;margin-bottom: 0px;margin-left: 0px;}.uagb-block-b6c54374.wp-block-uagb-image--layout-default figure img{box-shadow: 0px 0px 0 #00000070;}.uagb-block-b6c54374.wp-block-uagb-image .wp-block-uagb-image__figure figcaption{font-style: normal;align-self: center;}.uagb-block-b6c54374.wp-block-uagb-image--layout-overlay figure img{box-shadow: 0px 0px 0 #00000070;}.uagb-block-b6c54374.wp-block-uagb-image--layout-overlay .wp-block-uagb-image--layout-overlay__color-wrapper{opacity: 0.2;}.uagb-block-b6c54374.wp-block-uagb-image--layout-overlay .wp-block-uagb-image--layout-overlay__inner{left: 15px;right: 15px;top: 15px;bottom: 15px;}.uagb-block-b6c54374.wp-block-uagb-image--layout-overlay .wp-block-uagb-image--layout-overlay__inner .uagb-image-heading{font-style: normal;color: #fff;opacity: 1;}.uagb-block-b6c54374.wp-block-uagb-image--layout-overlay .wp-block-uagb-image--layout-overlay__inner .uagb-image-heading a{color: #fff;}.uagb-block-b6c54374.wp-block-uagb-image--layout-overlay .wp-block-uagb-image--layout-overlay__inner .uagb-image-caption{opacity: 0;}.uagb-block-b6c54374.wp-block-uagb-image--layout-overlay .wp-block-uagb-image__figure:hover .wp-block-uagb-image--layout-overlay__color-wrapper{opacity: 1;}.uagb-block-b6c54374.wp-block-uagb-image .wp-block-uagb-image--layout-overlay__inner .uagb-image-separator{width: 30%;border-top-width: 2px;border-top-color: #fff;opacity: 0;}.uagb-block-b6c54374.wp-block-uagb-image .wp-block-uagb-image__figure img{width: px;height: auto;}.uagb-block-b6c54374.wp-block-uagb-image .wp-block-uagb-image__figure:hover .wp-block-uagb-image--layout-overlay__inner .uagb-image-caption{opacity: 1;}.uagb-block-b6c54374.wp-block-uagb-image .wp-block-uagb-image__figure:hover .wp-block-uagb-image--layout-overlay__inner .uagb-image-separator{opacity: 1;}.uagb-block-b6c54374.wp-block-uagb-image--layout-default figure:hover img{box-shadow: 0px 0px 0 #00000070;}.uagb-block-b6c54374.wp-block-uagb-image--layout-overlay figure:hover img{box-shadow: 0px 0px 0 #00000070;}@media only screen and (max-width: 976px) {.uagb-block-b6c54374.wp-block-uagb-image .wp-block-uagb-image__figure img{width: px;height: auto;}}@media only screen and (max-width: 767px) {.uagb-block-b6c54374.wp-block-uagb-image .wp-block-uagb-image__figure img{width: px;height: auto;}}.uagb-block-2bdcf70c.wp-block-uagb-image{margin-top: 0px;margin-right: 0px;margin-bottom: 0px;margin-left: 0px;}.uagb-block-2bdcf70c.wp-block-uagb-image--layout-default figure img{box-shadow: 0px 0px 0 #00000070;}.uagb-block-2bdcf70c.wp-block-uagb-image .wp-block-uagb-image__figure figcaption{font-style: normal;align-self: center;}.uagb-block-2bdcf70c.wp-block-uagb-image--layout-overlay figure img{box-shadow: 0px 0px 0 #00000070;}.uagb-block-2bdcf70c.wp-block-uagb-image--layout-overlay .wp-block-uagb-image--layout-overlay__color-wrapper{opacity: 0.2;}.uagb-block-2bdcf70c.wp-block-uagb-image--layout-overlay .wp-block-uagb-image--layout-overlay__inner{left: 15px;right: 15px;top: 15px;bottom: 15px;}.uagb-block-2bdcf70c.wp-block-uagb-image--layout-overlay .wp-block-uagb-image--layout-overlay__inner .uagb-image-heading{font-style: normal;color: #fff;opacity: 1;}.uagb-block-2bdcf70c.wp-block-uagb-image--layout-overlay .wp-block-uagb-image--layout-overlay__inner .uagb-image-heading a{color: #fff;}.uagb-block-2bdcf70c.wp-block-uagb-image--layout-overlay .wp-block-uagb-image--layout-overlay__inner .uagb-image-caption{opacity: 0;}.uagb-block-2bdcf70c.wp-block-uagb-image--layout-overlay .wp-block-uagb-image__figure:hover .wp-block-uagb-image--layout-overlay__color-wrapper{opacity: 1;}.uagb-block-2bdcf70c.wp-block-uagb-image .wp-block-uagb-image--layout-overlay__inner .uagb-image-separator{width: 30%;border-top-width: 2px;border-top-color: #fff;opacity: 0;}.uagb-block-2bdcf70c.wp-block-uagb-image .wp-block-uagb-image__figure img{width: px;height: auto;}.uagb-block-2bdcf70c.wp-block-uagb-image .wp-block-uagb-image__figure:hover .wp-block-uagb-image--layout-overlay__inner .uagb-image-caption{opacity: 1;}.uagb-block-2bdcf70c.wp-block-uagb-image .wp-block-uagb-image__figure:hover .wp-block-uagb-image--layout-overlay__inner .uagb-image-separator{opacity: 1;}.uagb-block-2bdcf70c.wp-block-uagb-image--layout-default figure:hover img{box-shadow: 0px 0px 0 #00000070;}.uagb-block-2bdcf70c.wp-block-uagb-image--layout-overlay figure:hover img{box-shadow: 0px 0px 0 #00000070;}@media only screen and (max-width: 976px) {.uagb-block-2bdcf70c.wp-block-uagb-image .wp-block-uagb-image__figure img{width: px;height: auto;}}@media only screen and (max-width: 767px) {.uagb-block-2bdcf70c.wp-block-uagb-image .wp-block-uagb-image__figure img{width: px;height: auto;}}\";s:2:\"js\";s:0:\"\";s:18:\"current_block_list\";a:28:{i:0;s:10:\"core\/group\";i:2;s:24:\"core\/post-featured-image\";i:3;s:15:\"core\/post-title\";i:5;s:14:\"core\/post-date\";i:6;s:16:\"core\/post-author\";i:7;s:15:\"core\/post-terms\";i:8;s:17:\"core\/post-content\";i:9;s:14:\"core\/separator\";i:10;s:13:\"core\/comments\";i:11;s:19:\"core\/comments-title\";i:12;s:21:\"core\/comment-template\";i:15;s:11:\"core\/avatar\";i:16;s:24:\"core\/comment-author-name\";i:17;s:17:\"core\/comment-date\";i:18;s:20:\"core\/comment-content\";i:19;s:23:\"core\/comment-reply-link\";i:20;s:24:\"core\/comments-pagination\";i:21;s:33:\"core\/comments-pagination-previous\";i:22;s:32:\"core\/comments-pagination-numbers\";i:23;s:29:\"core\/comments-pagination-next\";i:24;s:23:\"core\/post-comments-form\";i:25;s:14:\"core\/tag-cloud\";i:26;s:12:\"core\/heading\";i:27;s:14:\"core\/paragraph\";i:28;s:12:\"core\/buttons\";i:29;s:11:\"core\/button\";i:30;s:10:\"uagb\/image\";i:31;s:10:\"core\/image\";}s:8:\"uag_flag\";b:1;s:11:\"uag_version\";s:10:\"1777020433\";s:6:\"gfonts\";a:0:{}s:10:\"gfonts_url\";s:0:\"\";s:12:\"gfonts_files\";a:0:{}s:14:\"uag_faq_layout\";b:0;}"]},"uagb_featured_image_src":{"full":["https:\/\/mv-sport.de\/c\/wp-content\/uploads\/2018\/01\/segler-geehrt.jpg",614,409,false],"thumbnail":["https:\/\/mv-sport.de\/c\/wp-content\/uploads\/2018\/01\/segler-geehrt-150x150.jpg",150,150,true],"medium":["https:\/\/mv-sport.de\/c\/wp-content\/uploads\/2018\/01\/segler-geehrt-600x409.jpg",350,239,true],"medium_large":["https:\/\/mv-sport.de\/c\/wp-content\/uploads\/2018\/01\/segler-geehrt.jpg",614,409,false],"large":["https:\/\/mv-sport.de\/c\/wp-content\/uploads\/2018\/01\/segler-geehrt.jpg",614,409,false],"1536x1536":["https:\/\/mv-sport.de\/c\/wp-content\/uploads\/2018\/01\/segler-geehrt.jpg",614,409,false],"2048x2048":["https:\/\/mv-sport.de\/c\/wp-content\/uploads\/2018\/01\/segler-geehrt.jpg",614,409,false],"ultp_layout_landscape_large":["https:\/\/mv-sport.de\/c\/wp-content\/uploads\/2018\/01\/segler-geehrt.jpg",614,409,false],"ultp_layout_landscape":["https:\/\/mv-sport.de\/c\/wp-content\/uploads\/2018\/01\/segler-geehrt.jpg",614,409,false],"ultp_layout_portrait":["https:\/\/mv-sport.de\/c\/wp-content\/uploads\/2018\/01\/segler-geehrt.jpg",600,400,false],"ultp_layout_square":["https:\/\/mv-sport.de\/c\/wp-content\/uploads\/2018\/01\/segler-geehrt.jpg",600,400,false]},"uagb_author_info":{"display_name":"Marko Michels","author_link":"https:\/\/mv-sport.de\/c\/author\/marko-michels\/"},"uagb_comment_info":0,"uagb_excerpt":"XXII. Sportlerehrung der Hanse- und Universit\u00e4tsstadt Rostock Verdienstvolle Rostocker Sportlerinnen und Sportler, Trainerinnen und Trainer sowie Sportfunktion\u00e4re der Hanse- und Universit\u00e4tsstadt Rostock wurden heute anl\u00e4sslich der XXII. Sportlerehrung der Hanse- und Universit\u00e4tsstadt Rostock in der StadtHalle gew\u00fcrdigt. Der Senator f\u00fcr Jugend und Soziales, Gesundheit, Schule und Sport Steffen Bockhahn dankte allen sportlich Engagierten f\u00fcr ihren&hellip;","_links":{"self":[{"href":"https:\/\/mv-sport.de\/c\/wp-json\/wp\/v2\/posts\/8305","targetHints":{"allow":["GET"]}}],"collection":[{"href":"https:\/\/mv-sport.de\/c\/wp-json\/wp\/v2\/posts"}],"about":[{"href":"https:\/\/mv-sport.de\/c\/wp-json\/wp\/v2\/types\/post"}],"author":[{"embeddable":true,"href":"https:\/\/mv-sport.de\/c\/wp-json\/wp\/v2\/users\/3"}],"replies":[{"embeddable":true,"href":"https:\/\/mv-sport.de\/c\/wp-json\/wp\/v2\/comments?post=8305"}],"version-history":[{"count":0,"href":"https:\/\/mv-sport.de\/c\/wp-json\/wp\/v2\/posts\/8305\/revisions"}],"wp:featuredmedia":[{"embeddable":true,"href":"https:\/\/mv-sport.de\/c\/wp-json\/wp\/v2\/media\/8306"}],"wp:attachment":[{"href":"https:\/\/mv-sport.de\/c\/wp-json\/wp\/v2\/media?parent=8305"}],"wp:term":[{"taxonomy":"category","embeddable":true,"href":"https:\/\/mv-sport.de\/c\/wp-json\/wp\/v2\/categories?post=8305"},{"taxonomy":"post_tag","embeddable":true,"href":"https:\/\/mv-sport.de\/c\/wp-json\/wp\/v2\/tags?post=8305"},{"taxonomy":"ort","embeddable":true,"href":"https:\/\/mv-sport.de\/c\/wp-json\/wp\/v2\/ort?post=8305"}],"curies":[{"name":"wp","href":"https:\/\/api.w.org\/{rel}","templated":true}]}}