{"id":89875,"date":"2021-11-08T11:14:43","date_gmt":"2021-11-08T10:14:43","guid":{"rendered":"https:\/\/mv-sport.de\/?p=89875"},"modified":"2021-11-10T13:25:01","modified_gmt":"2021-11-10T12:25:01","slug":"crosslauf-landesmeisterschaften-beenden-die-laufcup-saison-in-mv","status":"publish","type":"post","link":"https:\/\/mv-sport.de\/c\/crosslauf-landesmeisterschaften-beenden-die-laufcup-saison-in-mv\/","title":{"rendered":"Crosslauf Landesmeisterschaften beenden die Laufcup-Saison in MV"},"content":{"rendered":"<p>Zufrieden und platt trafen sich die Helfer und Organisatoren der diesj\u00e4hrigen Cross-Landesmeisterschaften am fr\u00fchen Samstagabend, um die Veranstaltung auszuwerten. Alle durften stolz und zufrieden sein, denn mit diesem Event hatten die Laager Clubsportler eine ganz neue Qualit\u00e4t als Ma\u00dfstab aufgelegt. Es hat einfach alles gepasst und sogar das Wetter hat bis in den sp\u00e4ten Nachmittag durchgehalten.<\/p>\n<p>Immerhin hatten die Frauen und M\u00e4nner fast 400 Ausdauersportlerinnen und Sportler auf die Wettkampfstrecke geschickt und damit in 33 Altersklassen die Meisterinnen und Meister im Crosslauf gesucht und gefunden. Die Wettkampfstrecke im Stadtwald der kleinen Recknitzstadt war dabei in einem hervorragenden Zustand und zus\u00e4tzlich eingebaute Hindernisse l\u00f6sen bei den Meisten Begeisterung und Respekt aus. In den Hauptl\u00e4ufen ging es f\u00fcr die schnellen Frauen \u00fcber die Distanz von\u00a0 4,8 km und bei den M\u00e4nnern \u00fcber 7,2 Kilometer. Die schnellste Frau kam aus Rostock vom TC Fiko &#8211; Carolyn Tessa Roos (W20) siegte in 18:41 Minuten vor der erfahrenen Madlen Nehring vom HSV\u00a0 aus Neubrandenburg (W45, 20:09) und Clara Kirchhoff vom TC Fiko (W20, 20:28). Bei den M\u00e4nnern holte sich Nikita Rode(M20)\u00a0 vom PSV Wismar\u00a0 in 24:29 den Crosslauf-Titel, gefolgt vom Rostocker Matthias Weippert (M45, 25:04) und Erik Schoob vom 1. LAV Rostock (M20, 25:07), der allerdings nicht in der Landesmeisterschaftswertung startete. Trotz des gewaltigen Engagements konnten f\u00fcr den Sportclub Laage Sandra Murr (W35) und die 18-j\u00e4hrige Joelina Raith Landesmeistertitel erk\u00e4mpfen, und weitere Silber- und Bronzemedaillen l\u00f6sten gro\u00dfe Freude im Verein aus.<\/p>\n<figure id=\"attachment_89876\" aria-describedby=\"caption-attachment-89876\" style=\"width: 1024px\" class=\"wp-caption alignnone\"><img loading=\"lazy\" decoding=\"async\" class=\"wp-image-89876 size-large\" src=\"https:\/\/mv-sport.de\/wp-content\/uploads\/2021\/11\/kaufi-23410-1024x683.jpg\" alt=\"\" width=\"1024\" height=\"683\" \/><figcaption id=\"caption-attachment-89876\" class=\"wp-caption-text\">Das Foto zeigt Johann Kaufmann beim \u00fcberwinden eines Hindernisses. <span style=\"color: #999999;\">Foto: Ralf Sawacki<\/span><\/figcaption><\/figure>\n<p style=\"margin-bottom: 9.75pt;\"><span style=\"font-size: 14.0pt; font-family: 'Arial',sans-serif;\"><br \/>\n<\/span>Der Vizepr\u00e4sident Leistungssport und\u00a0 Leitende Landestrainer, Ralf Ploen, zeigte sich sehr zufrieden und bewertete die Meisterschaft sehr positiv. Ein echter Farbtupfer war die Abordnung vom Landesruderverband Mecklenburg-Vorpommern. Unter den Augen ihres Trainers, Axel Stelter, konnten die Kaderathleten durchaus \u00fcberzeugen. Abschlie\u00dfend gilt den vielen flei\u00dfigen H\u00e4nden, die zum Gelingen der Meisterschaft beigetragen haben ein besonderer Dank. Ein gro\u00dfer Dank gilt auch der Stadt Laage f\u00fcr die Unterst\u00fctzung. Der B\u00fcrgermeister der Stadt, Holger Anders, begleitete die sportliche Aktion \u00fcber viele Stunden und zollte den Aktiven und Organisatoren seinen Respekt.<\/p>\n<p><em><span style=\"color: #999999;\">ast<\/span><\/em><\/p>\n","protected":false},"excerpt":{"rendered":"<p>Zufrieden und platt trafen sich die Helfer und Organisatoren der diesj\u00e4hrigen Cross-Landesmeisterschaften am fr\u00fchen Samstagabend, um die Veranstaltung auszuwerten. Alle durften stolz und zufrieden sein, denn mit diesem Event hatten die Laager Clubsportler eine ganz neue Qualit\u00e4t als Ma\u00dfstab aufgelegt. Es hat einfach alles gepasst und sogar das Wetter hat bis in den sp\u00e4ten Nachmittag [&hellip;]<\/p>\n","protected":false},"author":7,"featured_media":89876,"comment_status":"open","ping_status":"open","sticky":false,"template":"","format":"standard","meta":{"_seopress_robots_primary_cat":"none","_seopress_titles_title":"","_seopress_titles_desc":"","_seopress_robots_index":"","_relevanssi_hide_post":"","_relevanssi_hide_content":"","_relevanssi_pin_for_all":"","_relevanssi_pin_keywords":"","_relevanssi_unpin_keywords":"","_relevanssi_related_keywords":"","_relevanssi_related_include_ids":"","_relevanssi_related_exclude_ids":"","_relevanssi_related_no_append":"","_relevanssi_related_not_related":"","_relevanssi_related_posts":"","_relevanssi_noindex_reason":"","_uag_custom_page_level_css":"","footnotes":""},"categories":[47],"tags":[],"ort":[],"class_list":{"0":"post-89875","1":"post","2":"type-post","3":"status-publish","4":"format-standard","5":"has-post-thumbnail","7":"category-laufsport"},"featured_image_urls":{"medium":"https:\/\/mv-sport.de\/c\/wp-content\/uploads\/2021\/11\/kaufi-23410-600x600.jpg","medium_large":"https:\/\/mv-sport.de\/c\/wp-content\/uploads\/2021\/11\/kaufi-23410.jpg","large":"https:\/\/mv-sport.de\/c\/wp-content\/uploads\/2021\/11\/kaufi-23410-1400x934.jpg","full":"https:\/\/mv-sport.de\/c\/wp-content\/uploads\/2021\/11\/kaufi-23410.jpg","alt":"","caption":"Das Foto zeigt Johann Kaufmann beim \u00fcberwinden eines Hindernisses. Foto: Ralf Sawacki"},"spectra_custom_meta":{"uab_option":["yes"],"uab_meta_position":["default"],"_extra_rating_average":["0"],"_seopress_analysis_data":["a:19:{s:5:\"title\";s:139:\"Crosslauf Landesmeisterschaften beenden die Laufcup-Saison in MV | MV-Sport.de - Sportvereine &amp; Sportnachrichten Mecklenburg-Vorpommern\";s:9:\"meta_desc\";s:363:\"Zufrieden und platt trafen sich die Helfer und Organisatoren der diesj\u00e4hrigen Cross-Landesmeisterschaften am fr\u00fchen Samstagabend, um die Veranstaltung auszuwerten. Alle durften stolz und zufrieden sein, denn mit diesem Event hatten die Laager Clubsportler eine ganz neue Qualit\u00e4t als Ma\u00dfstab aufgelegt. Es hat einfach alles gepasst und sogar das Wetter hat\u2026\";s:8:\"og_title\";a:2:{s:5:\"count\";i:1;s:6:\"values\";a:1:{i:0;s:139:\"Crosslauf Landesmeisterschaften beenden die Laufcup-Saison in MV | MV-Sport.de - Sportvereine &amp; Sportnachrichten Mecklenburg-Vorpommern\";}}s:7:\"og_desc\";a:2:{s:5:\"count\";i:1;s:6:\"values\";a:1:{i:0;s:363:\"Zufrieden und platt trafen sich die Helfer und Organisatoren der diesj\u00e4hrigen Cross-Landesmeisterschaften am fr\u00fchen Samstagabend, um die Veranstaltung auszuwerten. Alle durften stolz und zufrieden sein, denn mit diesem Event hatten die Laager Clubsportler eine ganz neue Qualit\u00e4t als Ma\u00dfstab aufgelegt. Es hat einfach alles gepasst und sogar das Wetter hat\u2026\";}}s:6:\"og_img\";a:2:{s:5:\"count\";i:1;s:6:\"values\";a:1:{i:0;s:62:\"https:\/\/mv-sport.de\/wp-content\/uploads\/2021\/11\/kaufi-23410.jpg\";}}s:6:\"og_url\";a:3:{s:5:\"count\";i:1;s:6:\"values\";a:1:{i:0;s:84:\"https:\/\/mv-sport.de\/crosslauf-landesmeisterschaften-beenden-die-laufcup-saison-in-mv\";}s:4:\"host\";s:11:\"mv-sport.de\";}s:12:\"og_site_name\";a:2:{s:5:\"count\";i:1;s:6:\"values\";a:1:{i:0;s:72:\"MV-Sport.de - Sportvereine &amp; Sportnachrichten Mecklenburg-Vorpommern\";}}s:8:\"tw_title\";a:2:{s:5:\"count\";i:1;s:6:\"values\";a:1:{i:0;s:139:\"Crosslauf Landesmeisterschaften beenden die Laufcup-Saison in MV | MV-Sport.de - Sportvereine &amp; Sportnachrichten Mecklenburg-Vorpommern\";}}s:7:\"tw_desc\";a:2:{s:5:\"count\";i:1;s:6:\"values\";a:1:{i:0;s:363:\"Zufrieden und platt trafen sich die Helfer und Organisatoren der diesj\u00e4hrigen Cross-Landesmeisterschaften am fr\u00fchen Samstagabend, um die Veranstaltung auszuwerten. Alle durften stolz und zufrieden sein, denn mit diesem Event hatten die Laager Clubsportler eine ganz neue Qualit\u00e4t als Ma\u00dfstab aufgelegt. Es hat einfach alles gepasst und sogar das Wetter hat\u2026\";}}s:6:\"tw_img\";a:2:{s:5:\"count\";i:1;s:6:\"values\";a:1:{i:0;s:71:\"https:\/\/mv-sport.de\/wp-content\/uploads\/2021\/11\/kaufi-23410-1024x683.jpg\";}}s:9:\"canonical\";s:85:\"https:\/\/mv-sport.de\/crosslauf-landesmeisterschaften-beenden-die-laufcup-saison-in-mv\/\";s:13:\"all_canonical\";a:1:{i:0;s:85:\"https:\/\/mv-sport.de\/crosslauf-landesmeisterschaften-beenden-die-laufcup-saison-in-mv\/\";}s:2:\"h1\";a:1:{s:9:\"nomatches\";a:1:{s:5:\"count\";i:1;}}s:3:\"img\";a:1:{s:6:\"images\";a:6:{i:0;s:71:\"https:\/\/mv-sport.de\/wp-content\/uploads\/2021\/11\/kaufi-23410-1024x683.jpg\";i:1;s:59:\"https:\/\/mv-sport.de\/wp-content\/uploads\/2017\/06\/sc_laage.png\";i:2;s:77:\"https:\/\/mv-sport.de\/wp-content\/plugins\/sabai\/assets\/images\/no_image_small.png\";i:3;s:89:\"https:\/\/mv-sport.de\/wp-content\/sabai\/File\/thumbnails\/582946b331c59da0bbdcd87de5aa49fd.jpg\";i:4;s:89:\"https:\/\/mv-sport.de\/wp-content\/sabai\/File\/thumbnails\/acb29cd43e3f9c66065116adb4dae496.jpg\";i:5;s:61:\"https:\/\/mv-sport.de\/wp-content\/uploads\/2017\/05\/140x70px-3.gif\";}}s:11:\"meta_robots\";a:1:{i:0;a:1:{i:0;s:13:\"index, follow\";}}s:14:\"outbound_links\";a:9:{i:0;a:1:{s:29:\"http:\/\/www.sportclub-laage.de\";s:29:\"http:\/\/www.sportclub-laage.de\";}i:1;a:1:{s:34:\"https:\/\/www.facebook.com\/MVSportde\";s:0:\"\";}i:2;a:1:{s:37:\"https:\/\/www.instagram.com\/mv_sport.de\";s:0:\"\";}i:4;a:1:{s:28:\"http:\/\/www.elegantthemes.com\";s:14:\"Elegant Themes\";}i:5;a:1:{s:24:\"http:\/\/www.wordpress.org\";s:9:\"WordPress\";}i:6;a:1:{s:20:\"http:\/\/www.web-mv.de\";s:9:\"web-mv.de\";}i:7;a:1:{s:33:\"http:\/\/www.webdesign-schwerin.net\";s:0:\"\";}i:8;a:1:{s:34:\"https:\/\/www.facebook.com\/MVSportde\";s:13:\"\n    Like us!\";}i:9;a:1:{s:37:\"https:\/\/www.instagram.com\/mv_sport.de\";s:15:\"\n    Follow us!\";}}s:13:\"words_counter\";i:325;s:20:\"words_counter_unique\";i:223;s:4:\"json\";a:2:{i:0;s:12:\"Organization\";i:1;s:14:\"BreadcrumbList\";}}"],"_edit_lock":["1636733090:7"],"_edit_last":["2"],"_thumbnail_id":["89876"],"xyz_fbap_future_to_publish":["a:3:{s:18:\"post_fb_permission\";i:0;s:18:\"xyz_fbap_po_method\";s:1:\"2\";s:16:\"xyz_fbap_message\";s:17:\"{POST_EXCERPT}...\";}"],"xyz_fbap":["1"],"xyz_fbap_insert_og":["1"],"_seopress_titles_title":[""],"_seopress_titles_desc":[""],"_seopress_robots_canonical":[""],"_seopress_robots_primary_cat":["none"],"_seopress_robots_breadcrumbs":[""],"_seopress_social_fb_title":[""],"_seopress_social_fb_desc":[""],"_seopress_social_fb_img":[""],"_seopress_social_fb_img_attachment_id":[""],"_seopress_social_fb_img_width":[""],"_seopress_social_fb_img_height":[""],"_seopress_social_twitter_title":[""],"_seopress_social_twitter_desc":[""],"_seopress_social_twitter_img":[""],"_seopress_social_twitter_img_attachment_id":[""],"_seopress_social_twitter_img_width":[""],"_seopress_social_twitter_img_height":[""],"_seopress_redirections_type":["301"],"_seopress_redirections_value":[""],"_post_review_box_title":["Rezension"],"_post_review_box_summary":[""],"_post_review_box_summary_title":["Zusammenfassung"],"_post_review_box_breakdowns_score":["0"],"_post_review_box_breakdowns_count":["1"],"_post_review_box_breakdowns":["a:1:{i:0;a:2:{s:5:\"title\";s:0:\"\";s:6:\"rating\";i:0;}}"],"_extra_sidebar_location":[""],"_extra_sidebar":[""],"post_views_count":["235"],"_seopress_pro_schemas_manual":["a:1:{i:0;a:1:{s:32:\"_seopress_pro_rich_snippets_type\";s:4:\"none\";}}"],"_seopress_analysis_target_kw":[""],"wp_schema_pro_optimized_structured_data":["<!-- Schema optimized by Schema Pro --><script type=\"application\/ld+json\">{\"@context\":\"https:\/\/schema.org\",\"@type\":\"NewsArticle\",\"mainEntityOfPage\":{\"@type\":\"WebPage\",\"@id\":\"https:\/\/mv-sport.de\/crosslauf-landesmeisterschaften-beenden-die-laufcup-saison-in-mv\/\"},\"headline\":\"Crosslauf Landesmeisterschaften beenden die Laufcup-Saison in MV\",\"image\":{\"@type\":\"ImageObject\",\"url\":\"https:\/\/mv-sport.de\/wp-content\/uploads\/2021\/11\/kaufi-23410.jpg\",\"width\":1600,\"height\":1067},\"datePublished\":\"2021-11-08T11:14:43\",\"dateModified\":\"2021-11-10T13:25:01\",\"author\":{\"@type\":\"Person\",\"name\":\"Sportclub Laage e.V.\",\"url\":\"https:\/\/mv-sport.de\/author\/sportclub-laage-e-v\"},\"publisher\":{\"@type\":\"Organization\",\"name\":\"MV-Sport.de - Sportvereine &amp; Sportnachrichten Mecklenburg-Vorpommern\",\"logo\":{\"@type\":\"ImageObject\",\"url\":\"https:\/\/mv-sport.de\/wp-content\/uploads\/2017\/05\/logo-mv-sport-292x60.png\"}}}<\/script><!-- \/ Schema optimized by Schema Pro -->"],"__post_views_count":["662"],"astra_style_timestamp_css":["1757494076"],"_uag_css_file_name":["uag-css-89875.css"],"_uag_page_assets":["a:9:{s:3:\"css\";s:7010:\".uagb-block-88f5875d.wp-block-uagb-image--layout-default figure img{box-shadow: 0px 0px 0 #00000070;}.uagb-block-88f5875d.wp-block-uagb-image .wp-block-uagb-image__figure figcaption{font-style: normal;align-self: center;}.uagb-block-88f5875d.wp-block-uagb-image--layout-overlay figure img{box-shadow: 0px 0px 0 #00000070;}.uagb-block-88f5875d.wp-block-uagb-image--layout-overlay .wp-block-uagb-image--layout-overlay__color-wrapper{opacity: 0.2;}.uagb-block-88f5875d.wp-block-uagb-image--layout-overlay .wp-block-uagb-image--layout-overlay__inner{left: 15px;right: 15px;top: 15px;bottom: 15px;}.uagb-block-88f5875d.wp-block-uagb-image--layout-overlay .wp-block-uagb-image--layout-overlay__inner .uagb-image-heading{font-style: normal;color: #fff;opacity: 1;}.uagb-block-88f5875d.wp-block-uagb-image--layout-overlay .wp-block-uagb-image--layout-overlay__inner .uagb-image-heading a{color: #fff;}.uagb-block-88f5875d.wp-block-uagb-image--layout-overlay .wp-block-uagb-image--layout-overlay__inner .uagb-image-caption{opacity: 0;}.uagb-block-88f5875d.wp-block-uagb-image--layout-overlay .wp-block-uagb-image__figure:hover .wp-block-uagb-image--layout-overlay__color-wrapper{opacity: 1;}.uagb-block-88f5875d.wp-block-uagb-image .wp-block-uagb-image--layout-overlay__inner .uagb-image-separator{width: 30%;border-top-width: 2px;border-top-color: #fff;opacity: 0;}.uagb-block-88f5875d.wp-block-uagb-image .wp-block-uagb-image__figure img{width: 297px;height: auto;}.uagb-block-88f5875d.wp-block-uagb-image .wp-block-uagb-image__figure:hover .wp-block-uagb-image--layout-overlay__inner .uagb-image-caption{opacity: 1;}.uagb-block-88f5875d.wp-block-uagb-image .wp-block-uagb-image__figure:hover .wp-block-uagb-image--layout-overlay__inner .uagb-image-separator{opacity: 1;}.uagb-block-88f5875d.wp-block-uagb-image--layout-default figure:hover img{box-shadow: 0px 0px 0 #00000070;}.uagb-block-88f5875d.wp-block-uagb-image--layout-overlay figure:hover img{box-shadow: 0px 0px 0 #00000070;}@media only screen and (max-width: 976px) {.uagb-block-88f5875d.wp-block-uagb-image .wp-block-uagb-image__figure img{width: 297px;height: auto;}}@media only screen and (max-width: 767px) {.uagb-block-88f5875d.wp-block-uagb-image .wp-block-uagb-image__figure img{width: 297px;height: auto;}}.uagb-block-b6c54374.wp-block-uagb-image{margin-top: 0px;margin-right: 0px;margin-bottom: 0px;margin-left: 0px;}.uagb-block-b6c54374.wp-block-uagb-image--layout-default figure img{box-shadow: 0px 0px 0 #00000070;}.uagb-block-b6c54374.wp-block-uagb-image .wp-block-uagb-image__figure figcaption{font-style: normal;align-self: center;}.uagb-block-b6c54374.wp-block-uagb-image--layout-overlay figure img{box-shadow: 0px 0px 0 #00000070;}.uagb-block-b6c54374.wp-block-uagb-image--layout-overlay .wp-block-uagb-image--layout-overlay__color-wrapper{opacity: 0.2;}.uagb-block-b6c54374.wp-block-uagb-image--layout-overlay .wp-block-uagb-image--layout-overlay__inner{left: 15px;right: 15px;top: 15px;bottom: 15px;}.uagb-block-b6c54374.wp-block-uagb-image--layout-overlay .wp-block-uagb-image--layout-overlay__inner .uagb-image-heading{font-style: normal;color: #fff;opacity: 1;}.uagb-block-b6c54374.wp-block-uagb-image--layout-overlay .wp-block-uagb-image--layout-overlay__inner .uagb-image-heading a{color: #fff;}.uagb-block-b6c54374.wp-block-uagb-image--layout-overlay .wp-block-uagb-image--layout-overlay__inner .uagb-image-caption{opacity: 0;}.uagb-block-b6c54374.wp-block-uagb-image--layout-overlay .wp-block-uagb-image__figure:hover .wp-block-uagb-image--layout-overlay__color-wrapper{opacity: 1;}.uagb-block-b6c54374.wp-block-uagb-image .wp-block-uagb-image--layout-overlay__inner .uagb-image-separator{width: 30%;border-top-width: 2px;border-top-color: #fff;opacity: 0;}.uagb-block-b6c54374.wp-block-uagb-image .wp-block-uagb-image__figure img{width: px;height: auto;}.uagb-block-b6c54374.wp-block-uagb-image .wp-block-uagb-image__figure:hover .wp-block-uagb-image--layout-overlay__inner .uagb-image-caption{opacity: 1;}.uagb-block-b6c54374.wp-block-uagb-image .wp-block-uagb-image__figure:hover .wp-block-uagb-image--layout-overlay__inner .uagb-image-separator{opacity: 1;}.uagb-block-b6c54374.wp-block-uagb-image--layout-default figure:hover img{box-shadow: 0px 0px 0 #00000070;}.uagb-block-b6c54374.wp-block-uagb-image--layout-overlay figure:hover img{box-shadow: 0px 0px 0 #00000070;}@media only screen and (max-width: 976px) {.uagb-block-b6c54374.wp-block-uagb-image .wp-block-uagb-image__figure img{width: px;height: auto;}}@media only screen and (max-width: 767px) {.uagb-block-b6c54374.wp-block-uagb-image .wp-block-uagb-image__figure img{width: px;height: auto;}}.uagb-block-2bdcf70c.wp-block-uagb-image{margin-top: 0px;margin-right: 0px;margin-bottom: 0px;margin-left: 0px;}.uagb-block-2bdcf70c.wp-block-uagb-image--layout-default figure img{box-shadow: 0px 0px 0 #00000070;}.uagb-block-2bdcf70c.wp-block-uagb-image .wp-block-uagb-image__figure figcaption{font-style: normal;align-self: center;}.uagb-block-2bdcf70c.wp-block-uagb-image--layout-overlay figure img{box-shadow: 0px 0px 0 #00000070;}.uagb-block-2bdcf70c.wp-block-uagb-image--layout-overlay .wp-block-uagb-image--layout-overlay__color-wrapper{opacity: 0.2;}.uagb-block-2bdcf70c.wp-block-uagb-image--layout-overlay .wp-block-uagb-image--layout-overlay__inner{left: 15px;right: 15px;top: 15px;bottom: 15px;}.uagb-block-2bdcf70c.wp-block-uagb-image--layout-overlay .wp-block-uagb-image--layout-overlay__inner .uagb-image-heading{font-style: normal;color: #fff;opacity: 1;}.uagb-block-2bdcf70c.wp-block-uagb-image--layout-overlay .wp-block-uagb-image--layout-overlay__inner .uagb-image-heading a{color: #fff;}.uagb-block-2bdcf70c.wp-block-uagb-image--layout-overlay .wp-block-uagb-image--layout-overlay__inner .uagb-image-caption{opacity: 0;}.uagb-block-2bdcf70c.wp-block-uagb-image--layout-overlay .wp-block-uagb-image__figure:hover .wp-block-uagb-image--layout-overlay__color-wrapper{opacity: 1;}.uagb-block-2bdcf70c.wp-block-uagb-image .wp-block-uagb-image--layout-overlay__inner .uagb-image-separator{width: 30%;border-top-width: 2px;border-top-color: #fff;opacity: 0;}.uagb-block-2bdcf70c.wp-block-uagb-image .wp-block-uagb-image__figure img{width: px;height: auto;}.uagb-block-2bdcf70c.wp-block-uagb-image .wp-block-uagb-image__figure:hover .wp-block-uagb-image--layout-overlay__inner .uagb-image-caption{opacity: 1;}.uagb-block-2bdcf70c.wp-block-uagb-image .wp-block-uagb-image__figure:hover .wp-block-uagb-image--layout-overlay__inner .uagb-image-separator{opacity: 1;}.uagb-block-2bdcf70c.wp-block-uagb-image--layout-default figure:hover img{box-shadow: 0px 0px 0 #00000070;}.uagb-block-2bdcf70c.wp-block-uagb-image--layout-overlay figure:hover img{box-shadow: 0px 0px 0 #00000070;}@media only screen and (max-width: 976px) {.uagb-block-2bdcf70c.wp-block-uagb-image .wp-block-uagb-image__figure img{width: px;height: auto;}}@media only screen and (max-width: 767px) {.uagb-block-2bdcf70c.wp-block-uagb-image .wp-block-uagb-image__figure img{width: px;height: auto;}}\";s:2:\"js\";s:0:\"\";s:18:\"current_block_list\";a:28:{i:0;s:10:\"core\/group\";i:2;s:24:\"core\/post-featured-image\";i:3;s:15:\"core\/post-title\";i:5;s:14:\"core\/post-date\";i:6;s:16:\"core\/post-author\";i:7;s:15:\"core\/post-terms\";i:8;s:17:\"core\/post-content\";i:9;s:14:\"core\/separator\";i:10;s:13:\"core\/comments\";i:11;s:19:\"core\/comments-title\";i:12;s:21:\"core\/comment-template\";i:15;s:11:\"core\/avatar\";i:16;s:24:\"core\/comment-author-name\";i:17;s:17:\"core\/comment-date\";i:18;s:20:\"core\/comment-content\";i:19;s:23:\"core\/comment-reply-link\";i:20;s:24:\"core\/comments-pagination\";i:21;s:33:\"core\/comments-pagination-previous\";i:22;s:32:\"core\/comments-pagination-numbers\";i:23;s:29:\"core\/comments-pagination-next\";i:24;s:23:\"core\/post-comments-form\";i:25;s:14:\"core\/tag-cloud\";i:26;s:12:\"core\/heading\";i:27;s:14:\"core\/paragraph\";i:28;s:12:\"core\/buttons\";i:29;s:11:\"core\/button\";i:30;s:10:\"uagb\/image\";i:31;s:10:\"core\/image\";}s:8:\"uag_flag\";b:1;s:11:\"uag_version\";s:10:\"1777310951\";s:6:\"gfonts\";a:0:{}s:10:\"gfonts_url\";s:0:\"\";s:12:\"gfonts_files\";a:0:{}s:14:\"uag_faq_layout\";b:0;}"]},"uagb_featured_image_src":{"full":["https:\/\/mv-sport.de\/c\/wp-content\/uploads\/2021\/11\/kaufi-23410.jpg",1600,1067,false],"thumbnail":["https:\/\/mv-sport.de\/c\/wp-content\/uploads\/2021\/11\/kaufi-23410-150x150.jpg",150,150,true],"medium":["https:\/\/mv-sport.de\/c\/wp-content\/uploads\/2021\/11\/kaufi-23410-600x600.jpg",350,350,true],"medium_large":["https:\/\/mv-sport.de\/c\/wp-content\/uploads\/2021\/11\/kaufi-23410.jpg",768,512,false],"large":["https:\/\/mv-sport.de\/c\/wp-content\/uploads\/2021\/11\/kaufi-23410-1400x934.jpg",1024,683,true],"1536x1536":["https:\/\/mv-sport.de\/c\/wp-content\/uploads\/2021\/11\/kaufi-23410.jpg",1536,1024,false],"2048x2048":["https:\/\/mv-sport.de\/c\/wp-content\/uploads\/2021\/11\/kaufi-23410.jpg",1600,1067,false],"ultp_layout_landscape_large":["https:\/\/mv-sport.de\/c\/wp-content\/uploads\/2021\/11\/kaufi-23410.jpg",1200,800,false],"ultp_layout_landscape":["https:\/\/mv-sport.de\/c\/wp-content\/uploads\/2021\/11\/kaufi-23410.jpg",855,570,false],"ultp_layout_portrait":["https:\/\/mv-sport.de\/c\/wp-content\/uploads\/2021\/11\/kaufi-23410.jpg",600,400,false],"ultp_layout_square":["https:\/\/mv-sport.de\/c\/wp-content\/uploads\/2021\/11\/kaufi-23410.jpg",600,400,false]},"uagb_author_info":{"display_name":"Sportclub Laage e.V.","author_link":"https:\/\/mv-sport.de\/c\/author\/sportclub-laage-e-v\/"},"uagb_comment_info":0,"uagb_excerpt":"Zufrieden und platt trafen sich die Helfer und Organisatoren der diesj\u00e4hrigen Cross-Landesmeisterschaften am fr\u00fchen Samstagabend, um die Veranstaltung auszuwerten. Alle durften stolz und zufrieden sein, denn mit diesem Event hatten die Laager Clubsportler eine ganz neue Qualit\u00e4t als Ma\u00dfstab aufgelegt. Es hat einfach alles gepasst und sogar das Wetter hat bis in den sp\u00e4ten Nachmittag&hellip;","_links":{"self":[{"href":"https:\/\/mv-sport.de\/c\/wp-json\/wp\/v2\/posts\/89875","targetHints":{"allow":["GET"]}}],"collection":[{"href":"https:\/\/mv-sport.de\/c\/wp-json\/wp\/v2\/posts"}],"about":[{"href":"https:\/\/mv-sport.de\/c\/wp-json\/wp\/v2\/types\/post"}],"author":[{"embeddable":true,"href":"https:\/\/mv-sport.de\/c\/wp-json\/wp\/v2\/users\/7"}],"replies":[{"embeddable":true,"href":"https:\/\/mv-sport.de\/c\/wp-json\/wp\/v2\/comments?post=89875"}],"version-history":[{"count":0,"href":"https:\/\/mv-sport.de\/c\/wp-json\/wp\/v2\/posts\/89875\/revisions"}],"wp:featuredmedia":[{"embeddable":true,"href":"https:\/\/mv-sport.de\/c\/wp-json\/wp\/v2\/media\/89876"}],"wp:attachment":[{"href":"https:\/\/mv-sport.de\/c\/wp-json\/wp\/v2\/media?parent=89875"}],"wp:term":[{"taxonomy":"category","embeddable":true,"href":"https:\/\/mv-sport.de\/c\/wp-json\/wp\/v2\/categories?post=89875"},{"taxonomy":"post_tag","embeddable":true,"href":"https:\/\/mv-sport.de\/c\/wp-json\/wp\/v2\/tags?post=89875"},{"taxonomy":"ort","embeddable":true,"href":"https:\/\/mv-sport.de\/c\/wp-json\/wp\/v2\/ort?post=89875"}],"curies":[{"name":"wp","href":"https:\/\/api.w.org\/{rel}","templated":true}]}}