{"id":98357,"date":"2022-02-03T15:35:36","date_gmt":"2022-02-03T14:35:36","guid":{"rendered":"https:\/\/mv-sport.de\/?p=98357"},"modified":"2022-02-03T15:38:36","modified_gmt":"2022-02-03T14:38:36","slug":"sportler-und-sportlerinnen-2021-stehen-fest-ehrung-folgt-im-mai","status":"publish","type":"post","link":"https:\/\/mv-sport.de\/c\/sportler-und-sportlerinnen-2021-stehen-fest-ehrung-folgt-im-mai\/","title":{"rendered":"Sportler und Sportlerinnen 2021 stehen fest &#8211; Ehrung folgt im Mai"},"content":{"rendered":"<h3>Wahlbeteiligung nach zweij\u00e4hriger Pause enorm<\/h3>\n<p><a href=\"https:\/\/mv-sport.de\/wp-content\/uploads\/2018\/08\/logo_sportler-des-jahres_2021.jpg\"><img loading=\"lazy\" decoding=\"async\" class=\"alignleft size-medium wp-image-92982\" src=\"https:\/\/mv-sport.de\/wp-content\/uploads\/2018\/08\/logo_sportler-des-jahres_2021-245x350.jpg\" alt=\"MV-Sportler des Jahres 2021 gesucht!\" width=\"245\" height=\"350\" \/><\/a>Am 7. Mai 2022 werden der Landessportbund, die Ostsee-Zeitung und der NDR zur Auszeichnungsveranstaltung der Sportlerwahl 2021 nach Linstow (Landkreis Rostock) laden. Dann werden die Siegerinnen und Sieger in den Kategorien Sportlerin, Sportler, Para Sportlerin\/Para Sportler, Team, Para-Team und Nachwuchs des Jahres gek\u00fchrt. Nach zweij\u00e4hriger Pause. Denn zuletzt fand die Wahl vor der Pandemie statt. Seit ein paar Tagen schon stehen die Gewinner:innen bereits fest. Nach Angaben der Initiatoren beteiligten sich dieses Mal landesweit rund 5500 Menschen an den Abstimmungen, erfreulicherweise so viele wie noch nie und mehr als doppelt so viele wie 2019.<\/p>\n<p>Mit deutlichem Abstand wurde Bahnradfahrerin Lea Sophie Friedrich (RST Dassow) zur Sportlerin des Jahres gew\u00e4hlt. Bei den Herren siegte der Schlagmann des Deutschland-Achters, Hannes Ocik (Schweriner RG). Bereits zum f\u00fcnften Mal wird der 30-J\u00e4hrige, der in der kommenden Saison die Bootsklasse wechseln will, die Auszeichnung entgegen nehmen. Friedrich und Ocic sind Medaillengewinner der Olympischen Spiele von Tokio.<\/p>\n<p>In der Kategorie Parasportler\/Parasportlerin setzte sich Leichtathletin Lindy Ave (HSG Uni Greifswald) mit 1000 Stimmen Vorsprung gegen den Schwimmer Nils Hutschreuther und die Schwimmerin Denise Grahl durch. In der Wertung Para-Team standen lediglich der Rostocker Goalballclub Hansa und das Tandemgespann Kay Kruse\/Robert F\u00f6rstemann (PSV Rostock) zur Wahl. Nach einem knappen Rennen fiel die Mehrzahl der Stimmen auf die Goalballler.<\/p>\n<p>Knackig sollte es jedoch in der Mannschaftswertung werden. Immerhin trafen hier die 2.Liga-Aufsteiger Hansa Rostock (Fu\u00dfball) und HC Empor Rostock (Handball) sowie der Volleyball-Pokalsieger der vergangenen Bundesliga-Saison SSC Palmberg Schwerin aufeinander. In einem engen Rennen setzten sich \u00fcberraschend die Landeshauptst\u00e4dterinnen durch &#8211; wie Ruderer Ocic bereits zum f\u00fcnften Mal. Die Abstimmung zur Nachwuchssportlerin 2021 konnte Jette M\u00fcller (Wasserspringen, WSC Rostock) f\u00fcr sich entscheiden. Die 18-J\u00e4hrige holte bei der WM der Junioren in Kiew Gold vom Einer und vom Dreier.<\/p>\n<h3>Die Ergebnisse der Sportlerwahl 2021<\/h3>\n<p><strong>Para Sportlerin\/Para Sportler<\/strong><br \/>\nLindy Ave (Leichtathletik, HSG Uni Greifswald): 1.822<br \/>\nNils Hutschreuther (Schwimmen, SV Hanse Rostock): 854<br \/>\nDenise Grahl (Schwimmen, SC Empor Rostock): 830<br \/>\nSaskia Deutz (Pferdesport, SV Robinson Fleesensee): 781<br \/>\nSylvi Tauber (Fechten, TuS Makkabi Rostock): 612<br \/>\nRamona Brussig (Judo, PSV Schwerin): 596<\/p>\n<p><strong>Sportlerin<\/strong><br \/>\nLea Sophie Friedrich (Radsport, RST Dassow): 2.678<br \/>\nClaudine Vita (Leichtathletik, SC Neubrandenburg): 810<br \/>\nLena Mei\u00dfner (Triathlon, SC Neubrandenburg): 793<br \/>\nLisa Dethloff (Tauchsport, TSC Rostock): 665<br \/>\nHannah Anderssohn (Segeln, Warnem\u00fcnder SC): 564<\/p>\n<p><strong>Sportler<\/strong><br \/>\nHannes Ocik (Rudern, Schweriner RG): 2.258<br \/>\nAndr\u00e9 Thieme (Pferdesport, RV Sommerstorf): 1.482<br \/>\nChima Ihenetu (Leichtathletik, SC Neubrandenburg): 756<br \/>\nArne Domeyer (Motorradsport, MC Rehna): 516<br \/>\nAdrian L\u00fcdtke (Shorttrack, ESV Turbine Rostock): 499<\/p>\n<p><strong>Para-Team<\/strong><br \/>\nRostocker Goalballclub Hansa: 3.095<br \/>\nKay Kruse\/Robert F\u00f6rstemann (Radsport\/PSV Rostock): 2.424<\/p>\n<p><strong>Team<\/strong><br \/>\nSSC Palmberg Schwerin (Volleyball): 1.768<br \/>\nFC Hansa Rostock (Fu\u00dfball): 1.429<br \/>\nHC Empor Rostock (Handball): 1.167<br \/>\nTheres Dahnke\/Matti Cipra (Segeln, Plauer WSV): 847<br \/>\nRV L\u00fcbtheen (Ringen): 304<\/p>\n<p><strong>Nachwuchs<\/strong><br \/>\nJette M\u00fcller (Wasserspringen, WSC Rostock): 1.400<br \/>\nVanessa Stramke (Kanu-Rennsport, SC Neubrandenburg): 1.265<br \/>\nMax-David Briese (Radsport, PSV Rostock): 767<br \/>\nLuisa Herud (Para-Leichtathletik, Schweriner SC): 766<br \/>\nElija Ziem (Leichtathletik, SC Neubrandenburg): 758<br \/>\nTheresa Wierschin (Segeln, Akademischer Segelverein Greifswald): 555<\/p>\n","protected":false},"excerpt":{"rendered":"<p>Wahlbeteiligung nach zweij\u00e4hriger Pause enorm Am 7. Mai 2022 werden der Landessportbund, die Ostsee-Zeitung und der NDR zur Auszeichnungsveranstaltung der Sportlerwahl 2021 nach Linstow (Landkreis Rostock) laden. Dann werden die Siegerinnen und Sieger in den Kategorien Sportlerin, Sportler, Para Sportlerin\/Para Sportler, Team, Para-Team und Nachwuchs des Jahres gek\u00fchrt. Nach zweij\u00e4hriger Pause. Denn zuletzt fand die [&hellip;]<\/p>\n","protected":false},"author":2,"featured_media":92982,"comment_status":"open","ping_status":"open","sticky":false,"template":"","format":"standard","meta":{"_seopress_robots_primary_cat":"none","_seopress_titles_title":"Sportler und Sportlerinnen 2021 stehen fest - Ehrung folgt im Mai","_seopress_titles_desc":"Rund 5500 Menschen stimmten ab und entschieden sich f\u00fcr Lindy Ave, Lea Sophie Friedrich, Hannes Ocik, Rostocker Goalballclub Hansa, SSC Palmberg Schwerin und Jette M\u00fcller.","_seopress_robots_index":"","_relevanssi_hide_post":"","_relevanssi_hide_content":"","_relevanssi_pin_for_all":"","_relevanssi_pin_keywords":"","_relevanssi_unpin_keywords":"","_relevanssi_related_keywords":"","_relevanssi_related_include_ids":"","_relevanssi_related_exclude_ids":"","_relevanssi_related_no_append":"","_relevanssi_related_not_related":"","_relevanssi_related_posts":"","_relevanssi_noindex_reason":"","_uag_custom_page_level_css":"","footnotes":""},"categories":[24],"tags":[],"ort":[],"class_list":{"0":"post-98357","1":"post","2":"type-post","3":"status-publish","4":"format-standard","5":"has-post-thumbnail","7":"category-sport-allgemein"},"featured_image_urls":{"medium":"https:\/\/mv-sport.de\/c\/wp-content\/uploads\/2018\/08\/logo_sportler-des-jahres_2021-600x600.jpg","medium_large":"https:\/\/mv-sport.de\/c\/wp-content\/uploads\/2018\/08\/logo_sportler-des-jahres_2021.jpg","large":"https:\/\/mv-sport.de\/c\/wp-content\/uploads\/2018\/08\/logo_sportler-des-jahres_2021.jpg","full":"https:\/\/mv-sport.de\/c\/wp-content\/uploads\/2018\/08\/logo_sportler-des-jahres_2021.jpg","alt":"MV-Sportler des Jahres 2021 gesucht!","caption":""},"spectra_custom_meta":{"uab_option":["yes"],"uab_meta_position":["default"],"_extra_rating_average":["0"],"_seopress_analysis_data":["a:20:{s:5:\"title\";s:65:\"Sportler und Sportlerinnen 2021 stehen fest - Ehrung folgt im Mai\";s:9:\"meta_desc\";s:173:\"Rund 5500 Menschen stimmten ab und entschieden sich f\u00fcr Lindy Ave, Lea Sophie Friedrich, Hannes Ocik, Rostocker Goalballclub Hansa, SSC Palmberg Schwerin und Jette M\u00fcller.\";s:8:\"og_title\";a:2:{s:5:\"count\";i:1;s:6:\"values\";a:1:{i:0;s:65:\"Sportler und Sportlerinnen 2021 stehen fest - Ehrung folgt im Mai\";}}s:7:\"og_desc\";a:2:{s:5:\"count\";i:1;s:6:\"values\";a:1:{i:0;s:173:\"Rund 5500 Menschen stimmten ab und entschieden sich f\u00fcr Lindy Ave, Lea Sophie Friedrich, Hannes Ocik, Rostocker Goalballclub Hansa, SSC Palmberg Schwerin und Jette M\u00fcller.\";}}s:6:\"og_img\";a:2:{s:5:\"count\";i:1;s:6:\"values\";a:1:{i:0;s:80:\"https:\/\/mv-sport.de\/wp-content\/uploads\/2018\/08\/logo_sportler-des-jahres_2021.jpg\";}}s:6:\"og_url\";a:3:{s:5:\"count\";i:1;s:6:\"values\";a:1:{i:0;s:83:\"https:\/\/mv-sport.de\/sportler-und-sportlerinnen-2021-stehen-fest-ehrung-folgt-im-mai\";}s:4:\"host\";s:11:\"mv-sport.de\";}s:12:\"og_site_name\";a:2:{s:5:\"count\";i:1;s:6:\"values\";a:1:{i:0;s:72:\"MV-Sport.de - Sportvereine &amp; Sportnachrichten Mecklenburg-Vorpommern\";}}s:8:\"tw_title\";a:2:{s:5:\"count\";i:1;s:6:\"values\";a:1:{i:0;s:65:\"Sportler und Sportlerinnen 2021 stehen fest - Ehrung folgt im Mai\";}}s:7:\"tw_desc\";a:2:{s:5:\"count\";i:1;s:6:\"values\";a:1:{i:0;s:173:\"Rund 5500 Menschen stimmten ab und entschieden sich f\u00fcr Lindy Ave, Lea Sophie Friedrich, Hannes Ocik, Rostocker Goalballclub Hansa, SSC Palmberg Schwerin und Jette M\u00fcller.\";}}s:6:\"tw_img\";a:2:{s:5:\"count\";i:1;s:6:\"values\";a:1:{i:0;s:80:\"https:\/\/mv-sport.de\/wp-content\/uploads\/2018\/08\/logo_sportler-des-jahres_2021.jpg\";}}s:9:\"canonical\";s:84:\"https:\/\/mv-sport.de\/sportler-und-sportlerinnen-2021-stehen-fest-ehrung-folgt-im-mai\/\";s:13:\"all_canonical\";a:1:{i:0;s:84:\"https:\/\/mv-sport.de\/sportler-und-sportlerinnen-2021-stehen-fest-ehrung-folgt-im-mai\/\";}s:2:\"h1\";a:1:{s:9:\"nomatches\";a:1:{s:5:\"count\";i:1;}}s:3:\"img\";a:1:{s:6:\"images\";a:5:{i:0;s:68:\"https:\/\/mv-sport.de\/wp-content\/uploads\/2017\/06\/logo_autor_profil.png\";i:1;s:89:\"https:\/\/mv-sport.de\/wp-content\/sabai\/File\/thumbnails\/963831b8d232a58cd781cbfe24105bf9.jpg\";i:2;s:89:\"https:\/\/mv-sport.de\/wp-content\/sabai\/File\/thumbnails\/e14d3a70ee44d306c499273eb8e6f497.jpg\";i:3;s:89:\"https:\/\/mv-sport.de\/wp-content\/sabai\/File\/thumbnails\/00c6befb604f0690ee5d2c217bee78ae.jpg\";i:4;s:61:\"https:\/\/mv-sport.de\/wp-content\/uploads\/2017\/05\/140x70px-3.gif\";}}s:11:\"meta_robots\";a:1:{i:0;a:1:{i:0;s:13:\"index, follow\";}}s:14:\"outbound_links\";a:8:{i:0;a:1:{s:34:\"https:\/\/www.facebook.com\/MVSportde\";s:0:\"\";}i:1;a:1:{s:37:\"https:\/\/www.instagram.com\/mv_sport.de\";s:0:\"\";}i:3;a:1:{s:28:\"http:\/\/www.elegantthemes.com\";s:14:\"Elegant Themes\";}i:4;a:1:{s:24:\"http:\/\/www.wordpress.org\";s:9:\"WordPress\";}i:5;a:1:{s:20:\"http:\/\/www.web-mv.de\";s:9:\"web-mv.de\";}i:6;a:1:{s:33:\"http:\/\/www.webdesign-schwerin.net\";s:0:\"\";}i:7;a:1:{s:34:\"https:\/\/www.facebook.com\/MVSportde\";s:13:\"\n    Like us!\";}i:8;a:1:{s:37:\"https:\/\/www.instagram.com\/mv_sport.de\";s:15:\"\n    Follow us!\";}}s:13:\"words_counter\";i:453;s:20:\"words_counter_unique\";i:276;s:4:\"json\";a:1:{i:0;s:14:\"BreadcrumbList\";}s:5:\"score\";b:0;}"],"_edit_lock":["1643899121:2"],"_edit_last":["2"],"_thumbnail_id":["92982"],"xyz_fbap_future_to_publish":["a:3:{s:18:\"post_fb_permission\";i:0;s:18:\"xyz_fbap_po_method\";s:1:\"2\";s:16:\"xyz_fbap_message\";s:32:\"{POST_TITLE}\r\n{POST_EXCERPT} ...\";}"],"_seopress_pro_schemas_manual":["a:1:{i:0;a:1:{s:32:\"_seopress_pro_rich_snippets_type\";s:4:\"none\";}}"],"_seopress_titles_title":["Sportler und Sportlerinnen 2021 stehen fest - Ehrung folgt im Mai"],"_seopress_titles_desc":["Rund 5500 Menschen stimmten ab und entschieden sich f\u00fcr Lindy Ave, Lea Sophie Friedrich, Hannes Ocik, Rostocker Goalballclub Hansa, SSC Palmberg Schwerin und Jette M\u00fcller."],"_seopress_robots_canonical":[""],"_seopress_robots_primary_cat":["none"],"_seopress_robots_breadcrumbs":[""],"_seopress_social_fb_title":[""],"_seopress_social_fb_desc":[""],"_seopress_social_fb_img":[""],"_seopress_social_fb_img_attachment_id":[""],"_seopress_social_fb_img_width":[""],"_seopress_social_fb_img_height":[""],"_seopress_social_twitter_title":[""],"_seopress_social_twitter_desc":[""],"_seopress_social_twitter_img":[""],"_seopress_social_twitter_img_attachment_id":[""],"_seopress_social_twitter_img_width":[""],"_seopress_social_twitter_img_height":[""],"_seopress_redirections_type":["301"],"_seopress_redirections_value":[""],"_seopress_redirections_logged_status":["both"],"_post_review_box_title":["Rezension"],"_post_review_box_summary":[""],"_post_review_box_summary_title":["Zusammenfassung"],"_post_review_box_breakdowns_score":["0"],"_post_review_box_breakdowns_count":["1"],"_post_review_box_breakdowns":["a:1:{i:0;a:2:{s:5:\"title\";s:0:\"\";s:6:\"rating\";i:0;}}"],"_extra_sidebar_location":[""],"_extra_sidebar":[""],"post_views_count":["207"],"xyz_fbap":["1"],"xyz_fbap_insert_og":["1"],"_seopress_analysis_target_kw":[""],"wp_schema_pro_optimized_structured_data":["<!-- Schema optimized by Schema Pro --><script type=\"application\/ld+json\">{\"@context\":\"https:\/\/schema.org\",\"@type\":\"NewsArticle\",\"mainEntityOfPage\":{\"@type\":\"WebPage\",\"@id\":\"https:\/\/mv-sport.de\/sportler-und-sportlerinnen-2021-stehen-fest-ehrung-folgt-im-mai\/\"},\"headline\":\"Sportler und Sportlerinnen 2021 stehen fest - Ehrung folgt im Mai\",\"image\":{\"@type\":\"ImageObject\",\"url\":\"https:\/\/mv-sport.de\/wp-content\/uploads\/2018\/08\/logo_sportler-des-jahres_2021.jpg\",\"width\":631,\"height\":900},\"datePublished\":\"2022-02-03T15:35:36\",\"dateModified\":\"2022-02-03T15:38:36\",\"author\":{\"@type\":\"Person\",\"name\":\"MV-Sport.de\",\"url\":\"https:\/\/mv-sport.de\/author\/mv-sport-de\"},\"publisher\":{\"@type\":\"Organization\",\"name\":\"MV-Sport.de - Sportvereine &amp; Sportnachrichten Mecklenburg-Vorpommern\",\"logo\":{\"@type\":\"ImageObject\",\"url\":\"https:\/\/mv-sport.de\/wp-content\/uploads\/2017\/05\/logo-mv-sport-292x60.png\"}}}<\/script><!-- \/ Schema optimized by Schema Pro -->"],"__post_views_count":["3402"],"astra_style_timestamp_css":["1757513250"],"_uag_css_file_name":["uag-css-98357.css"],"_uag_page_assets":["a:9:{s:3:\"css\";s:7010:\".uagb-block-88f5875d.wp-block-uagb-image--layout-default figure img{box-shadow: 0px 0px 0 #00000070;}.uagb-block-88f5875d.wp-block-uagb-image .wp-block-uagb-image__figure figcaption{font-style: normal;align-self: center;}.uagb-block-88f5875d.wp-block-uagb-image--layout-overlay figure img{box-shadow: 0px 0px 0 #00000070;}.uagb-block-88f5875d.wp-block-uagb-image--layout-overlay .wp-block-uagb-image--layout-overlay__color-wrapper{opacity: 0.2;}.uagb-block-88f5875d.wp-block-uagb-image--layout-overlay .wp-block-uagb-image--layout-overlay__inner{left: 15px;right: 15px;top: 15px;bottom: 15px;}.uagb-block-88f5875d.wp-block-uagb-image--layout-overlay .wp-block-uagb-image--layout-overlay__inner .uagb-image-heading{font-style: normal;color: #fff;opacity: 1;}.uagb-block-88f5875d.wp-block-uagb-image--layout-overlay .wp-block-uagb-image--layout-overlay__inner .uagb-image-heading a{color: #fff;}.uagb-block-88f5875d.wp-block-uagb-image--layout-overlay .wp-block-uagb-image--layout-overlay__inner .uagb-image-caption{opacity: 0;}.uagb-block-88f5875d.wp-block-uagb-image--layout-overlay .wp-block-uagb-image__figure:hover .wp-block-uagb-image--layout-overlay__color-wrapper{opacity: 1;}.uagb-block-88f5875d.wp-block-uagb-image .wp-block-uagb-image--layout-overlay__inner .uagb-image-separator{width: 30%;border-top-width: 2px;border-top-color: #fff;opacity: 0;}.uagb-block-88f5875d.wp-block-uagb-image .wp-block-uagb-image__figure img{width: 297px;height: auto;}.uagb-block-88f5875d.wp-block-uagb-image .wp-block-uagb-image__figure:hover .wp-block-uagb-image--layout-overlay__inner .uagb-image-caption{opacity: 1;}.uagb-block-88f5875d.wp-block-uagb-image .wp-block-uagb-image__figure:hover .wp-block-uagb-image--layout-overlay__inner .uagb-image-separator{opacity: 1;}.uagb-block-88f5875d.wp-block-uagb-image--layout-default figure:hover img{box-shadow: 0px 0px 0 #00000070;}.uagb-block-88f5875d.wp-block-uagb-image--layout-overlay figure:hover img{box-shadow: 0px 0px 0 #00000070;}@media only screen and (max-width: 976px) {.uagb-block-88f5875d.wp-block-uagb-image .wp-block-uagb-image__figure img{width: 297px;height: auto;}}@media only screen and (max-width: 767px) {.uagb-block-88f5875d.wp-block-uagb-image .wp-block-uagb-image__figure img{width: 297px;height: auto;}}.uagb-block-b6c54374.wp-block-uagb-image{margin-top: 0px;margin-right: 0px;margin-bottom: 0px;margin-left: 0px;}.uagb-block-b6c54374.wp-block-uagb-image--layout-default figure img{box-shadow: 0px 0px 0 #00000070;}.uagb-block-b6c54374.wp-block-uagb-image .wp-block-uagb-image__figure figcaption{font-style: normal;align-self: center;}.uagb-block-b6c54374.wp-block-uagb-image--layout-overlay figure img{box-shadow: 0px 0px 0 #00000070;}.uagb-block-b6c54374.wp-block-uagb-image--layout-overlay .wp-block-uagb-image--layout-overlay__color-wrapper{opacity: 0.2;}.uagb-block-b6c54374.wp-block-uagb-image--layout-overlay .wp-block-uagb-image--layout-overlay__inner{left: 15px;right: 15px;top: 15px;bottom: 15px;}.uagb-block-b6c54374.wp-block-uagb-image--layout-overlay .wp-block-uagb-image--layout-overlay__inner .uagb-image-heading{font-style: normal;color: #fff;opacity: 1;}.uagb-block-b6c54374.wp-block-uagb-image--layout-overlay .wp-block-uagb-image--layout-overlay__inner .uagb-image-heading a{color: #fff;}.uagb-block-b6c54374.wp-block-uagb-image--layout-overlay .wp-block-uagb-image--layout-overlay__inner .uagb-image-caption{opacity: 0;}.uagb-block-b6c54374.wp-block-uagb-image--layout-overlay .wp-block-uagb-image__figure:hover .wp-block-uagb-image--layout-overlay__color-wrapper{opacity: 1;}.uagb-block-b6c54374.wp-block-uagb-image .wp-block-uagb-image--layout-overlay__inner .uagb-image-separator{width: 30%;border-top-width: 2px;border-top-color: #fff;opacity: 0;}.uagb-block-b6c54374.wp-block-uagb-image .wp-block-uagb-image__figure img{width: px;height: auto;}.uagb-block-b6c54374.wp-block-uagb-image .wp-block-uagb-image__figure:hover .wp-block-uagb-image--layout-overlay__inner .uagb-image-caption{opacity: 1;}.uagb-block-b6c54374.wp-block-uagb-image .wp-block-uagb-image__figure:hover .wp-block-uagb-image--layout-overlay__inner .uagb-image-separator{opacity: 1;}.uagb-block-b6c54374.wp-block-uagb-image--layout-default figure:hover img{box-shadow: 0px 0px 0 #00000070;}.uagb-block-b6c54374.wp-block-uagb-image--layout-overlay figure:hover img{box-shadow: 0px 0px 0 #00000070;}@media only screen and (max-width: 976px) {.uagb-block-b6c54374.wp-block-uagb-image .wp-block-uagb-image__figure img{width: px;height: auto;}}@media only screen and (max-width: 767px) {.uagb-block-b6c54374.wp-block-uagb-image .wp-block-uagb-image__figure img{width: px;height: auto;}}.uagb-block-2bdcf70c.wp-block-uagb-image{margin-top: 0px;margin-right: 0px;margin-bottom: 0px;margin-left: 0px;}.uagb-block-2bdcf70c.wp-block-uagb-image--layout-default figure img{box-shadow: 0px 0px 0 #00000070;}.uagb-block-2bdcf70c.wp-block-uagb-image .wp-block-uagb-image__figure figcaption{font-style: normal;align-self: center;}.uagb-block-2bdcf70c.wp-block-uagb-image--layout-overlay figure img{box-shadow: 0px 0px 0 #00000070;}.uagb-block-2bdcf70c.wp-block-uagb-image--layout-overlay .wp-block-uagb-image--layout-overlay__color-wrapper{opacity: 0.2;}.uagb-block-2bdcf70c.wp-block-uagb-image--layout-overlay .wp-block-uagb-image--layout-overlay__inner{left: 15px;right: 15px;top: 15px;bottom: 15px;}.uagb-block-2bdcf70c.wp-block-uagb-image--layout-overlay .wp-block-uagb-image--layout-overlay__inner .uagb-image-heading{font-style: normal;color: #fff;opacity: 1;}.uagb-block-2bdcf70c.wp-block-uagb-image--layout-overlay .wp-block-uagb-image--layout-overlay__inner .uagb-image-heading a{color: #fff;}.uagb-block-2bdcf70c.wp-block-uagb-image--layout-overlay .wp-block-uagb-image--layout-overlay__inner .uagb-image-caption{opacity: 0;}.uagb-block-2bdcf70c.wp-block-uagb-image--layout-overlay .wp-block-uagb-image__figure:hover .wp-block-uagb-image--layout-overlay__color-wrapper{opacity: 1;}.uagb-block-2bdcf70c.wp-block-uagb-image .wp-block-uagb-image--layout-overlay__inner .uagb-image-separator{width: 30%;border-top-width: 2px;border-top-color: #fff;opacity: 0;}.uagb-block-2bdcf70c.wp-block-uagb-image .wp-block-uagb-image__figure img{width: px;height: auto;}.uagb-block-2bdcf70c.wp-block-uagb-image .wp-block-uagb-image__figure:hover .wp-block-uagb-image--layout-overlay__inner .uagb-image-caption{opacity: 1;}.uagb-block-2bdcf70c.wp-block-uagb-image .wp-block-uagb-image__figure:hover .wp-block-uagb-image--layout-overlay__inner .uagb-image-separator{opacity: 1;}.uagb-block-2bdcf70c.wp-block-uagb-image--layout-default figure:hover img{box-shadow: 0px 0px 0 #00000070;}.uagb-block-2bdcf70c.wp-block-uagb-image--layout-overlay figure:hover img{box-shadow: 0px 0px 0 #00000070;}@media only screen and (max-width: 976px) {.uagb-block-2bdcf70c.wp-block-uagb-image .wp-block-uagb-image__figure img{width: px;height: auto;}}@media only screen and (max-width: 767px) {.uagb-block-2bdcf70c.wp-block-uagb-image .wp-block-uagb-image__figure img{width: px;height: auto;}}\";s:2:\"js\";s:0:\"\";s:18:\"current_block_list\";a:28:{i:0;s:10:\"core\/group\";i:2;s:24:\"core\/post-featured-image\";i:3;s:15:\"core\/post-title\";i:5;s:14:\"core\/post-date\";i:6;s:16:\"core\/post-author\";i:7;s:15:\"core\/post-terms\";i:8;s:17:\"core\/post-content\";i:9;s:14:\"core\/separator\";i:10;s:13:\"core\/comments\";i:11;s:19:\"core\/comments-title\";i:12;s:21:\"core\/comment-template\";i:15;s:11:\"core\/avatar\";i:16;s:24:\"core\/comment-author-name\";i:17;s:17:\"core\/comment-date\";i:18;s:20:\"core\/comment-content\";i:19;s:23:\"core\/comment-reply-link\";i:20;s:24:\"core\/comments-pagination\";i:21;s:33:\"core\/comments-pagination-previous\";i:22;s:32:\"core\/comments-pagination-numbers\";i:23;s:29:\"core\/comments-pagination-next\";i:24;s:23:\"core\/post-comments-form\";i:25;s:14:\"core\/tag-cloud\";i:26;s:12:\"core\/heading\";i:27;s:14:\"core\/paragraph\";i:28;s:12:\"core\/buttons\";i:29;s:11:\"core\/button\";i:30;s:10:\"uagb\/image\";i:31;s:10:\"core\/image\";}s:8:\"uag_flag\";b:1;s:11:\"uag_version\";s:10:\"1777193184\";s:6:\"gfonts\";a:0:{}s:10:\"gfonts_url\";s:0:\"\";s:12:\"gfonts_files\";a:0:{}s:14:\"uag_faq_layout\";b:0;}"]},"uagb_featured_image_src":{"full":["https:\/\/mv-sport.de\/c\/wp-content\/uploads\/2018\/08\/logo_sportler-des-jahres_2021.jpg",631,900,false],"thumbnail":["https:\/\/mv-sport.de\/c\/wp-content\/uploads\/2018\/08\/logo_sportler-des-jahres_2021-150x150.jpg",150,150,true],"medium":["https:\/\/mv-sport.de\/c\/wp-content\/uploads\/2018\/08\/logo_sportler-des-jahres_2021-600x600.jpg",350,350,true],"medium_large":["https:\/\/mv-sport.de\/c\/wp-content\/uploads\/2018\/08\/logo_sportler-des-jahres_2021.jpg",631,900,false],"large":["https:\/\/mv-sport.de\/c\/wp-content\/uploads\/2018\/08\/logo_sportler-des-jahres_2021.jpg",631,900,false],"1536x1536":["https:\/\/mv-sport.de\/c\/wp-content\/uploads\/2018\/08\/logo_sportler-des-jahres_2021.jpg",631,900,false],"2048x2048":["https:\/\/mv-sport.de\/c\/wp-content\/uploads\/2018\/08\/logo_sportler-des-jahres_2021.jpg",631,900,false],"ultp_layout_landscape_large":["https:\/\/mv-sport.de\/c\/wp-content\/uploads\/2018\/08\/logo_sportler-des-jahres_2021.jpg",561,800,false],"ultp_layout_landscape":["https:\/\/mv-sport.de\/c\/wp-content\/uploads\/2018\/08\/logo_sportler-des-jahres_2021.jpg",400,570,false],"ultp_layout_portrait":["https:\/\/mv-sport.de\/c\/wp-content\/uploads\/2018\/08\/logo_sportler-des-jahres_2021.jpg",600,856,false],"ultp_layout_square":["https:\/\/mv-sport.de\/c\/wp-content\/uploads\/2018\/08\/logo_sportler-des-jahres_2021.jpg",421,600,false]},"uagb_author_info":{"display_name":"MV-Sport.de","author_link":"https:\/\/mv-sport.de\/c\/author\/mv-sport-de\/"},"uagb_comment_info":0,"uagb_excerpt":"Wahlbeteiligung nach zweij\u00e4hriger Pause enorm Am 7. Mai 2022 werden der Landessportbund, die Ostsee-Zeitung und der NDR zur Auszeichnungsveranstaltung der Sportlerwahl 2021 nach Linstow (Landkreis Rostock) laden. Dann werden die Siegerinnen und Sieger in den Kategorien Sportlerin, Sportler, Para Sportlerin\/Para Sportler, Team, Para-Team und Nachwuchs des Jahres gek\u00fchrt. Nach zweij\u00e4hriger Pause. Denn zuletzt fand die&hellip;","_links":{"self":[{"href":"https:\/\/mv-sport.de\/c\/wp-json\/wp\/v2\/posts\/98357","targetHints":{"allow":["GET"]}}],"collection":[{"href":"https:\/\/mv-sport.de\/c\/wp-json\/wp\/v2\/posts"}],"about":[{"href":"https:\/\/mv-sport.de\/c\/wp-json\/wp\/v2\/types\/post"}],"author":[{"embeddable":true,"href":"https:\/\/mv-sport.de\/c\/wp-json\/wp\/v2\/users\/2"}],"replies":[{"embeddable":true,"href":"https:\/\/mv-sport.de\/c\/wp-json\/wp\/v2\/comments?post=98357"}],"version-history":[{"count":0,"href":"https:\/\/mv-sport.de\/c\/wp-json\/wp\/v2\/posts\/98357\/revisions"}],"wp:featuredmedia":[{"embeddable":true,"href":"https:\/\/mv-sport.de\/c\/wp-json\/wp\/v2\/media\/92982"}],"wp:attachment":[{"href":"https:\/\/mv-sport.de\/c\/wp-json\/wp\/v2\/media?parent=98357"}],"wp:term":[{"taxonomy":"category","embeddable":true,"href":"https:\/\/mv-sport.de\/c\/wp-json\/wp\/v2\/categories?post=98357"},{"taxonomy":"post_tag","embeddable":true,"href":"https:\/\/mv-sport.de\/c\/wp-json\/wp\/v2\/tags?post=98357"},{"taxonomy":"ort","embeddable":true,"href":"https:\/\/mv-sport.de\/c\/wp-json\/wp\/v2\/ort?post=98357"}],"curies":[{"name":"wp","href":"https:\/\/api.w.org\/{rel}","templated":true}]}}