{"id":9986,"date":"2018-04-16T11:31:51","date_gmt":"2018-04-16T09:31:51","guid":{"rendered":"https:\/\/mv-sport.de\/?p=9986"},"modified":"2018-04-23T10:16:52","modified_gmt":"2018-04-23T08:16:52","slug":"hunde-und-pferde-das-passt-gut","status":"publish","type":"post","link":"https:\/\/mv-sport.de\/c\/hunde-und-pferde-das-passt-gut\/","title":{"rendered":"&#8222;Hunde und Pferde, das passt gut&#8230;&#8220;"},"content":{"rendered":"<p>Das Pferdefestival Redefin 2018 mit einem Dog-Agility-Turnier im Blick<\/p>\n<figure id=\"attachment_7309\" aria-describedby=\"caption-attachment-7309\" style=\"width: 300px\" class=\"wp-caption alignright\"><a href=\"https:\/\/mv-sport.de\/wp-content\/uploads\/2017\/11\/symbolbild_voltigieren.jpg\"><img loading=\"lazy\" decoding=\"async\" class=\"wp-image-7309 size-medium\" src=\"https:\/\/mv-sport.de\/wp-content\/uploads\/2017\/11\/symbolbild_voltigieren-300x200.jpg\" alt=\"\" width=\"300\" height=\"200\" \/><\/a><figcaption id=\"caption-attachment-7309\" class=\"wp-caption-text\">Symbolbild &#8211; Reitsport<\/figcaption><\/figure>\n<p>Vom 4. bis 6. Mai\u00a0 findet das Pferdefestival in Redefin statt. MV hat ohnehin eine imposante reitsportliche Tradition und kann mit Carl-Friedrich von Langen, dem zweifachen Dressur-Olympiasieger von 1928, und\u00a0 mit Ludwig Stubbendorff, dem zweifachen Military-Olympiasieger von 1936, zwei ber\u00fchmte Reitsportler vorweisen. Das Landgest\u00fct Redefin hat zudem eine gro\u00dfe Historie, ist mehr als 200 Jahre alt.<\/p>\n<p>Nachgefragt bei Martina Br\u00fcske, Pressesprecherin des Pferdefestivals Redefin<\/p>\n<p><strong>Martina Br\u00fcske \u00fcber das sportliche Programm des Redefiner Pferdefestivals 2018, die teilnehmenden Reit-Sportlerinnen bzw. -Sportler, sportliche Highlights, die Neuerungen 2018 und \u00fcber die M\u00f6glichkeiten des Zuschauens<\/strong><\/p>\n<p><strong><em>&#8222;Hunde und Pferde, das passt gut&#8230;&#8220;<\/em><\/strong><\/p>\n<p><strong>Frage:<\/strong> Der Countdown zum diesj\u00e4hrigen Redefiner Pferdefestival l\u00e4uft&#8230; Wie viele Entscheidungen stehen auf dem Programm? Wie viele Reiterinnen und Reiter haben gemeldet? Und: Gibt es auch wieder\u00a0 Starter aus dem Ausland?<\/p>\n<p><strong>Martina Br\u00fcske:<\/strong> Das Pferdefestival hat insgesamt 22 Pr\u00fcfungen im Springen und im Parcours bzw. zus\u00e4tzlich noch das Dog-Agility-Turnier an drei Tagen auf dem Programm. Dann sind f\u00fcr die internationalen Springen rund 60 Reiterinnen bzw. Reiter und in der Dressur auch noch mal 35 bis 40 Reit-Sportlerinnen bzw. -Sportler dabei.<\/p>\n<p>Hinzu kommen die Junioren und Jungen Reiter aus MV. Das ver\u00e4ndert sich bis kurz vor Beginn \u00fcberall noch ein wenig, weil eventuell jemand wieder zur\u00fcckziehen muss und ein anderer dann nachr\u00fcckt.<\/p>\n<p>Und&#8230; Wir haben wie immer Teilnehmer aus 13 bis 15 Nationen in Redefin dabei.<\/p>\n<p><strong>Frage:<\/strong> Welche Entscheidungen werden besonders im Mittelpunkt stehen?<\/p>\n<p><strong>Martina Br\u00fcske:<\/strong> Oh, das sind unter anderem das Championat von L\u00fcbzer am Samstag (5.Mai) und der Gro\u00dfe Preis der DKB am Sonntag (6.Mai) zu nennen. An dem Tag wird au\u00dferdem der Preis des Landes Mecklenburg-Vorpommern &#8211; &#8222;Land zum Leben&#8220; &#8211; entschieden, das Finale der Mittleren Tour.<\/p>\n<p>An jedem Tag gibt es ohnehin richtig gute Pr\u00fcfungen. In der Dressur ist die Qualifikation zum N\u00fcrnberger Burg-Pokal ein Magnet &#8211; da sind so sagenhaft gute junge Dressurpferde dabei. Und nat\u00fcrlich der Grand Prix und der Grand Prix Special. Also, sportlich sind das alles Hingucker.<\/p>\n<p><strong>Frage:<\/strong> Welchen Stellenwert hat das Festival im Wettkampf-Kalender?<\/p>\n<p><strong>Martina Br\u00fcske:<\/strong> Das ergibt sich fast von selbst: Es ist im Springen ein Drei-Sterne-Turnier, also auf hohem Niveau. Das Pferdefestival ist eines der ersten Turniere der gr\u00fcnen Saison mit ganz au\u00dfergew\u00f6hnlich guten Voraussetzungen: viel Platz, gute B\u00f6den, wunderbare Kulisse &#8211; das gef\u00e4llt den Reiterinnen bzw. Reitern und deswegen kommen sie auch immer wieder. Zum Saison-Beginn ist dieses Turnier einfach sehr gut geeignet.<\/p>\n<p><strong>Frage:<\/strong> Wird es beim 2018er Festival\u00a0 eigentlich &#8222;Neuerungen&#8220; geben?<\/p>\n<p>Martina Br\u00fcske: Ja und zwar die Dog-Agility. 2017 war der Hundesportverein Schwerin mit einer Show zu Gast. Das kam richtig gut an.<\/p>\n<p>Jetzt hat J\u00f6rg Thenert ein ganzes Turnier mit 63 Hunden und Vorf\u00fchrern auf dem Gel\u00e4nde organisiert mit schnellen Wettbewerben &#8211; wir sind alle m\u00e4chtig gespannt darauf, Hunde und Pferde, das passt gut.<\/p>\n<p><strong>Frage:<\/strong> Wo kann der interessierte Reitsport-Fan noch Karten erwerben?<\/p>\n<p><strong>Martina Br\u00fcske:<\/strong> Besucher sind herzlich willkommen und deshalb kann, wer m\u00f6chte, ohne Eintrittsgeld \u00fcber das ganze Gel\u00e4nde bummeln und zuschauen. Karten ben\u00f6tigt man nur, wenn man einen Sitzplatz auf der \u00fcberdachten Trib\u00fcne am Springplatz haben m\u00f6chte. Diese kosten freitags 10 Euro, samstags und sonntags 15 Euro.<\/p>\n<p>Die Tickethotline ist unter (05492) 808262 zu erreichen, aber auf dem Platz ganz zentral vor dem Haus Falkenhain gibt es auch einen Infostand, an dem kurzfristig noch Trib\u00fcnenkarten verkauft werden. Solange der Vorrat eben reicht.<\/p>\n<p><strong>Vielen Dank und ein erfolgreiches Pferdefestival Redefin mit einem ebenso erfolgreichen Dog-Agility-Turnier!<\/strong><\/p>\n<p><em>M.Michels<\/em><\/p>\n<p>&nbsp;<\/p>\n","protected":false},"excerpt":{"rendered":"<p>Das Pferdefestival Redefin 2018 mit einem Dog-Agility-Turnier im Blick Vom 4. bis 6. Mai\u00a0 findet das Pferdefestival in Redefin statt. MV hat ohnehin eine imposante reitsportliche Tradition und kann mit Carl-Friedrich von Langen, dem zweifachen Dressur-Olympiasieger von 1928, und\u00a0 mit Ludwig Stubbendorff, dem zweifachen Military-Olympiasieger von 1936, zwei ber\u00fchmte Reitsportler vorweisen. Das Landgest\u00fct Redefin hat [&hellip;]<\/p>\n","protected":false},"author":3,"featured_media":7309,"comment_status":"open","ping_status":"open","sticky":false,"template":"","format":"standard","meta":{"_seopress_robots_primary_cat":"","_seopress_titles_title":"","_seopress_titles_desc":"","_seopress_robots_index":"","_relevanssi_hide_post":"","_relevanssi_hide_content":"","_relevanssi_pin_for_all":"","_relevanssi_pin_keywords":"","_relevanssi_unpin_keywords":"","_relevanssi_related_keywords":"","_relevanssi_related_include_ids":"","_relevanssi_related_exclude_ids":"","_relevanssi_related_no_append":"","_relevanssi_related_not_related":"","_relevanssi_related_posts":"","_relevanssi_noindex_reason":"","_uag_custom_page_level_css":"","footnotes":""},"categories":[39,224],"tags":[],"ort":[],"class_list":{"0":"post-9986","1":"post","2":"type-post","3":"status-publish","4":"format-standard","5":"has-post-thumbnail","7":"category-pferdesport","8":"category-reiten"},"featured_image_urls":{"medium":"https:\/\/mv-sport.de\/c\/wp-content\/uploads\/2017\/11\/symbolbild_voltigieren-600x600.jpg","medium_large":"https:\/\/mv-sport.de\/c\/wp-content\/uploads\/2017\/11\/symbolbild_voltigieren.jpg","large":"https:\/\/mv-sport.de\/c\/wp-content\/uploads\/2017\/11\/symbolbild_voltigieren.jpg","full":"https:\/\/mv-sport.de\/c\/wp-content\/uploads\/2017\/11\/symbolbild_voltigieren.jpg","alt":"Junge Reiterin auf braunem Pferd im Wald","caption":"Symbolbild"},"spectra_custom_meta":{"uab_option":["yes"],"uab_meta_position":["default"],"_extra_rating_average":["0"],"_edit_lock":["1524471307:2"],"_edit_last":["2"],"_thumbnail_id":["7309"],"xyz_fbap":["1"],"xyz_fbap_insert_og":["0"],"_et_pb_use_builder":[""],"_et_builder_version":["BB|Divi|3.0.106"],"_et_pb_old_content":[""],"_et_pb_custom_css":[""],"_yoast_wpseo_primary_category":["224"],"_post_review_box_title":["Review"],"_post_review_box_summary":[""],"_post_review_box_summary_title":["Summary"],"_post_review_box_breakdowns_score":["0"],"_post_review_box_breakdowns_count":["1"],"_post_review_box_breakdowns":["a:1:{i:0;a:2:{s:5:\"title\";s:0:\"\";s:6:\"rating\";i:0;}}"],"_extra_sidebar_location":[""],"_extra_sidebar":[""],"_post_extra_featured_image_hide_single":["1"],"post_views_count":["675"],"_et_pb_ab_stats_refresh_interval":["hourly"],"_et_pb_enable_shortcode_tracking":[""],"wp_schema_pro_optimized_structured_data":["<!-- Schema optimized by Schema Pro --><script type=\"application\/ld+json\">{\"@context\":\"https:\/\/schema.org\",\"@type\":\"NewsArticle\",\"mainEntityOfPage\":{\"@type\":\"WebPage\",\"@id\":\"https:\/\/mv-sport.de\/hunde-und-pferde-das-passt-gut\/\"},\"headline\":\"\\\"Hunde und Pferde, das passt gut...\\\"\",\"image\":{\"@type\":\"ImageObject\",\"url\":\"https:\/\/mv-sport.de\/wp-content\/uploads\/2017\/11\/symbolbild_voltigieren.jpg\",\"width\":1200,\"height\":800},\"datePublished\":\"2018-04-16T11:31:51\",\"dateModified\":\"2018-04-23T10:16:52\",\"author\":{\"@type\":\"Person\",\"name\":\"Marko Michels\",\"url\":\"https:\/\/mv-sport.de\/author\/marko-michels\"},\"publisher\":{\"@type\":\"Organization\",\"name\":\"MV-Sport.de - Sportvereine &amp; Sportnachrichten Mecklenburg-Vorpommern\",\"logo\":{\"@type\":\"ImageObject\",\"url\":\"https:\/\/mv-sport.de\/wp-content\/uploads\/2017\/05\/logo-mv-sport-292x60.png\"}}}<\/script><!-- \/ Schema optimized by Schema Pro -->"],"__post_views_count":["699"],"astra_style_timestamp_css":["1757461481"],"_uag_css_file_name":["uag-css-9986.css"],"_uag_page_assets":["a:9:{s:3:\"css\";s:7010:\".uagb-block-88f5875d.wp-block-uagb-image--layout-default figure img{box-shadow: 0px 0px 0 #00000070;}.uagb-block-88f5875d.wp-block-uagb-image .wp-block-uagb-image__figure figcaption{font-style: normal;align-self: center;}.uagb-block-88f5875d.wp-block-uagb-image--layout-overlay figure img{box-shadow: 0px 0px 0 #00000070;}.uagb-block-88f5875d.wp-block-uagb-image--layout-overlay .wp-block-uagb-image--layout-overlay__color-wrapper{opacity: 0.2;}.uagb-block-88f5875d.wp-block-uagb-image--layout-overlay .wp-block-uagb-image--layout-overlay__inner{left: 15px;right: 15px;top: 15px;bottom: 15px;}.uagb-block-88f5875d.wp-block-uagb-image--layout-overlay .wp-block-uagb-image--layout-overlay__inner .uagb-image-heading{font-style: normal;color: #fff;opacity: 1;}.uagb-block-88f5875d.wp-block-uagb-image--layout-overlay .wp-block-uagb-image--layout-overlay__inner .uagb-image-heading a{color: #fff;}.uagb-block-88f5875d.wp-block-uagb-image--layout-overlay .wp-block-uagb-image--layout-overlay__inner .uagb-image-caption{opacity: 0;}.uagb-block-88f5875d.wp-block-uagb-image--layout-overlay .wp-block-uagb-image__figure:hover .wp-block-uagb-image--layout-overlay__color-wrapper{opacity: 1;}.uagb-block-88f5875d.wp-block-uagb-image .wp-block-uagb-image--layout-overlay__inner .uagb-image-separator{width: 30%;border-top-width: 2px;border-top-color: #fff;opacity: 0;}.uagb-block-88f5875d.wp-block-uagb-image .wp-block-uagb-image__figure img{width: 297px;height: auto;}.uagb-block-88f5875d.wp-block-uagb-image .wp-block-uagb-image__figure:hover .wp-block-uagb-image--layout-overlay__inner .uagb-image-caption{opacity: 1;}.uagb-block-88f5875d.wp-block-uagb-image .wp-block-uagb-image__figure:hover .wp-block-uagb-image--layout-overlay__inner .uagb-image-separator{opacity: 1;}.uagb-block-88f5875d.wp-block-uagb-image--layout-default figure:hover img{box-shadow: 0px 0px 0 #00000070;}.uagb-block-88f5875d.wp-block-uagb-image--layout-overlay figure:hover img{box-shadow: 0px 0px 0 #00000070;}@media only screen and (max-width: 976px) {.uagb-block-88f5875d.wp-block-uagb-image .wp-block-uagb-image__figure img{width: 297px;height: auto;}}@media only screen and (max-width: 767px) {.uagb-block-88f5875d.wp-block-uagb-image .wp-block-uagb-image__figure img{width: 297px;height: auto;}}.uagb-block-b6c54374.wp-block-uagb-image{margin-top: 0px;margin-right: 0px;margin-bottom: 0px;margin-left: 0px;}.uagb-block-b6c54374.wp-block-uagb-image--layout-default figure img{box-shadow: 0px 0px 0 #00000070;}.uagb-block-b6c54374.wp-block-uagb-image .wp-block-uagb-image__figure figcaption{font-style: normal;align-self: center;}.uagb-block-b6c54374.wp-block-uagb-image--layout-overlay figure img{box-shadow: 0px 0px 0 #00000070;}.uagb-block-b6c54374.wp-block-uagb-image--layout-overlay .wp-block-uagb-image--layout-overlay__color-wrapper{opacity: 0.2;}.uagb-block-b6c54374.wp-block-uagb-image--layout-overlay .wp-block-uagb-image--layout-overlay__inner{left: 15px;right: 15px;top: 15px;bottom: 15px;}.uagb-block-b6c54374.wp-block-uagb-image--layout-overlay .wp-block-uagb-image--layout-overlay__inner .uagb-image-heading{font-style: normal;color: #fff;opacity: 1;}.uagb-block-b6c54374.wp-block-uagb-image--layout-overlay .wp-block-uagb-image--layout-overlay__inner .uagb-image-heading a{color: #fff;}.uagb-block-b6c54374.wp-block-uagb-image--layout-overlay .wp-block-uagb-image--layout-overlay__inner .uagb-image-caption{opacity: 0;}.uagb-block-b6c54374.wp-block-uagb-image--layout-overlay .wp-block-uagb-image__figure:hover .wp-block-uagb-image--layout-overlay__color-wrapper{opacity: 1;}.uagb-block-b6c54374.wp-block-uagb-image .wp-block-uagb-image--layout-overlay__inner .uagb-image-separator{width: 30%;border-top-width: 2px;border-top-color: #fff;opacity: 0;}.uagb-block-b6c54374.wp-block-uagb-image .wp-block-uagb-image__figure img{width: px;height: auto;}.uagb-block-b6c54374.wp-block-uagb-image .wp-block-uagb-image__figure:hover .wp-block-uagb-image--layout-overlay__inner .uagb-image-caption{opacity: 1;}.uagb-block-b6c54374.wp-block-uagb-image .wp-block-uagb-image__figure:hover .wp-block-uagb-image--layout-overlay__inner .uagb-image-separator{opacity: 1;}.uagb-block-b6c54374.wp-block-uagb-image--layout-default figure:hover img{box-shadow: 0px 0px 0 #00000070;}.uagb-block-b6c54374.wp-block-uagb-image--layout-overlay figure:hover img{box-shadow: 0px 0px 0 #00000070;}@media only screen and (max-width: 976px) {.uagb-block-b6c54374.wp-block-uagb-image .wp-block-uagb-image__figure img{width: px;height: auto;}}@media only screen and (max-width: 767px) {.uagb-block-b6c54374.wp-block-uagb-image .wp-block-uagb-image__figure img{width: px;height: auto;}}.uagb-block-2bdcf70c.wp-block-uagb-image{margin-top: 0px;margin-right: 0px;margin-bottom: 0px;margin-left: 0px;}.uagb-block-2bdcf70c.wp-block-uagb-image--layout-default figure img{box-shadow: 0px 0px 0 #00000070;}.uagb-block-2bdcf70c.wp-block-uagb-image .wp-block-uagb-image__figure figcaption{font-style: normal;align-self: center;}.uagb-block-2bdcf70c.wp-block-uagb-image--layout-overlay figure img{box-shadow: 0px 0px 0 #00000070;}.uagb-block-2bdcf70c.wp-block-uagb-image--layout-overlay .wp-block-uagb-image--layout-overlay__color-wrapper{opacity: 0.2;}.uagb-block-2bdcf70c.wp-block-uagb-image--layout-overlay .wp-block-uagb-image--layout-overlay__inner{left: 15px;right: 15px;top: 15px;bottom: 15px;}.uagb-block-2bdcf70c.wp-block-uagb-image--layout-overlay .wp-block-uagb-image--layout-overlay__inner .uagb-image-heading{font-style: normal;color: #fff;opacity: 1;}.uagb-block-2bdcf70c.wp-block-uagb-image--layout-overlay .wp-block-uagb-image--layout-overlay__inner .uagb-image-heading a{color: #fff;}.uagb-block-2bdcf70c.wp-block-uagb-image--layout-overlay .wp-block-uagb-image--layout-overlay__inner .uagb-image-caption{opacity: 0;}.uagb-block-2bdcf70c.wp-block-uagb-image--layout-overlay .wp-block-uagb-image__figure:hover .wp-block-uagb-image--layout-overlay__color-wrapper{opacity: 1;}.uagb-block-2bdcf70c.wp-block-uagb-image .wp-block-uagb-image--layout-overlay__inner .uagb-image-separator{width: 30%;border-top-width: 2px;border-top-color: #fff;opacity: 0;}.uagb-block-2bdcf70c.wp-block-uagb-image .wp-block-uagb-image__figure img{width: px;height: auto;}.uagb-block-2bdcf70c.wp-block-uagb-image .wp-block-uagb-image__figure:hover .wp-block-uagb-image--layout-overlay__inner .uagb-image-caption{opacity: 1;}.uagb-block-2bdcf70c.wp-block-uagb-image .wp-block-uagb-image__figure:hover .wp-block-uagb-image--layout-overlay__inner .uagb-image-separator{opacity: 1;}.uagb-block-2bdcf70c.wp-block-uagb-image--layout-default figure:hover img{box-shadow: 0px 0px 0 #00000070;}.uagb-block-2bdcf70c.wp-block-uagb-image--layout-overlay figure:hover img{box-shadow: 0px 0px 0 #00000070;}@media only screen and (max-width: 976px) {.uagb-block-2bdcf70c.wp-block-uagb-image .wp-block-uagb-image__figure img{width: px;height: auto;}}@media only screen and (max-width: 767px) {.uagb-block-2bdcf70c.wp-block-uagb-image .wp-block-uagb-image__figure img{width: px;height: auto;}}\";s:2:\"js\";s:0:\"\";s:18:\"current_block_list\";a:28:{i:0;s:10:\"core\/group\";i:2;s:24:\"core\/post-featured-image\";i:3;s:15:\"core\/post-title\";i:5;s:14:\"core\/post-date\";i:6;s:16:\"core\/post-author\";i:7;s:15:\"core\/post-terms\";i:8;s:17:\"core\/post-content\";i:9;s:14:\"core\/separator\";i:10;s:13:\"core\/comments\";i:11;s:19:\"core\/comments-title\";i:12;s:21:\"core\/comment-template\";i:15;s:11:\"core\/avatar\";i:16;s:24:\"core\/comment-author-name\";i:17;s:17:\"core\/comment-date\";i:18;s:20:\"core\/comment-content\";i:19;s:23:\"core\/comment-reply-link\";i:20;s:24:\"core\/comments-pagination\";i:21;s:33:\"core\/comments-pagination-previous\";i:22;s:32:\"core\/comments-pagination-numbers\";i:23;s:29:\"core\/comments-pagination-next\";i:24;s:23:\"core\/post-comments-form\";i:25;s:14:\"core\/tag-cloud\";i:26;s:12:\"core\/heading\";i:27;s:14:\"core\/paragraph\";i:28;s:12:\"core\/buttons\";i:29;s:11:\"core\/button\";i:30;s:10:\"uagb\/image\";i:31;s:10:\"core\/image\";}s:8:\"uag_flag\";b:1;s:11:\"uag_version\";s:10:\"1777290507\";s:6:\"gfonts\";a:0:{}s:10:\"gfonts_url\";s:0:\"\";s:12:\"gfonts_files\";a:0:{}s:14:\"uag_faq_layout\";b:0;}"]},"uagb_featured_image_src":{"full":["https:\/\/mv-sport.de\/c\/wp-content\/uploads\/2017\/11\/symbolbild_voltigieren.jpg",1200,800,false],"thumbnail":["https:\/\/mv-sport.de\/c\/wp-content\/uploads\/2017\/11\/symbolbild_voltigieren-150x150.jpg",150,150,true],"medium":["https:\/\/mv-sport.de\/c\/wp-content\/uploads\/2017\/11\/symbolbild_voltigieren-600x600.jpg",350,350,true],"medium_large":["https:\/\/mv-sport.de\/c\/wp-content\/uploads\/2017\/11\/symbolbild_voltigieren.jpg",768,512,false],"large":["https:\/\/mv-sport.de\/c\/wp-content\/uploads\/2017\/11\/symbolbild_voltigieren.jpg",1024,683,false],"1536x1536":["https:\/\/mv-sport.de\/c\/wp-content\/uploads\/2017\/11\/symbolbild_voltigieren.jpg",1200,800,false],"2048x2048":["https:\/\/mv-sport.de\/c\/wp-content\/uploads\/2017\/11\/symbolbild_voltigieren.jpg",1200,800,false],"ultp_layout_landscape_large":["https:\/\/mv-sport.de\/c\/wp-content\/uploads\/2017\/11\/symbolbild_voltigieren.jpg",1200,800,false],"ultp_layout_landscape":["https:\/\/mv-sport.de\/c\/wp-content\/uploads\/2017\/11\/symbolbild_voltigieren.jpg",855,570,false],"ultp_layout_portrait":["https:\/\/mv-sport.de\/c\/wp-content\/uploads\/2017\/11\/symbolbild_voltigieren.jpg",600,400,false],"ultp_layout_square":["https:\/\/mv-sport.de\/c\/wp-content\/uploads\/2017\/11\/symbolbild_voltigieren.jpg",600,400,false]},"uagb_author_info":{"display_name":"Marko Michels","author_link":"https:\/\/mv-sport.de\/c\/author\/marko-michels\/"},"uagb_comment_info":0,"uagb_excerpt":"Das Pferdefestival Redefin 2018 mit einem Dog-Agility-Turnier im Blick Vom 4. bis 6. Mai\u00a0 findet das Pferdefestival in Redefin statt. MV hat ohnehin eine imposante reitsportliche Tradition und kann mit Carl-Friedrich von Langen, dem zweifachen Dressur-Olympiasieger von 1928, und\u00a0 mit Ludwig Stubbendorff, dem zweifachen Military-Olympiasieger von 1936, zwei ber\u00fchmte Reitsportler vorweisen. Das Landgest\u00fct Redefin hat&hellip;","_links":{"self":[{"href":"https:\/\/mv-sport.de\/c\/wp-json\/wp\/v2\/posts\/9986","targetHints":{"allow":["GET"]}}],"collection":[{"href":"https:\/\/mv-sport.de\/c\/wp-json\/wp\/v2\/posts"}],"about":[{"href":"https:\/\/mv-sport.de\/c\/wp-json\/wp\/v2\/types\/post"}],"author":[{"embeddable":true,"href":"https:\/\/mv-sport.de\/c\/wp-json\/wp\/v2\/users\/3"}],"replies":[{"embeddable":true,"href":"https:\/\/mv-sport.de\/c\/wp-json\/wp\/v2\/comments?post=9986"}],"version-history":[{"count":0,"href":"https:\/\/mv-sport.de\/c\/wp-json\/wp\/v2\/posts\/9986\/revisions"}],"wp:featuredmedia":[{"embeddable":true,"href":"https:\/\/mv-sport.de\/c\/wp-json\/wp\/v2\/media\/7309"}],"wp:attachment":[{"href":"https:\/\/mv-sport.de\/c\/wp-json\/wp\/v2\/media?parent=9986"}],"wp:term":[{"taxonomy":"category","embeddable":true,"href":"https:\/\/mv-sport.de\/c\/wp-json\/wp\/v2\/categories?post=9986"},{"taxonomy":"post_tag","embeddable":true,"href":"https:\/\/mv-sport.de\/c\/wp-json\/wp\/v2\/tags?post=9986"},{"taxonomy":"ort","embeddable":true,"href":"https:\/\/mv-sport.de\/c\/wp-json\/wp\/v2\/ort?post=9986"}],"curies":[{"name":"wp","href":"https:\/\/api.w.org\/{rel}","templated":true}]}}